{"id":847,"count":4,"description":"","link":"https:\/\/zapatrzonawksiazki.pl\/index.php\/tag\/powrot-do-lat-dzieciecych-i-mlodosci\/","name":"Powr\u00f3t do lat dzieci\u0119cych i m\u0142odo\u015bci","slug":"powrot-do-lat-dzieciecych-i-mlodosci","taxonomy":"post_tag","meta":[],"_links":{"self":[{"href":"https:\/\/zapatrzonawksiazki.pl\/index.php\/wp-json\/wp\/v2\/tags\/847"}],"collection":[{"href":"https:\/\/zapatrzonawksiazki.pl\/index.php\/wp-json\/wp\/v2\/tags"}],"about":[{"href":"https:\/\/zapatrzonawksiazki.pl\/index.php\/wp-json\/wp\/v2\/taxonomies\/post_tag"}],"wp:post_type":[{"href":"https:\/\/zapatrzonawksiazki.pl\/index.php\/wp-json\/wp\/v2\/posts?tags=847"}],"curies":[{"name":"wp","href":"https:\/\/api.w.org\/{rel}","templated":true}]}}