{"id":2091,"count":3,"description":"","link":"https:\/\/zapatrzonawksiazki.pl\/index.php\/tag\/seria-swiatla-polnocy\/","name":"Seria \u015awiat\u0142a p\u00f3\u0142nocy","slug":"seria-swiatla-polnocy","taxonomy":"post_tag","meta":[],"_links":{"self":[{"href":"https:\/\/zapatrzonawksiazki.pl\/index.php\/wp-json\/wp\/v2\/tags\/2091"}],"collection":[{"href":"https:\/\/zapatrzonawksiazki.pl\/index.php\/wp-json\/wp\/v2\/tags"}],"about":[{"href":"https:\/\/zapatrzonawksiazki.pl\/index.php\/wp-json\/wp\/v2\/taxonomies\/post_tag"}],"wp:post_type":[{"href":"https:\/\/zapatrzonawksiazki.pl\/index.php\/wp-json\/wp\/v2\/posts?tags=2091"}],"curies":[{"name":"wp","href":"https:\/\/api.w.org\/{rel}","templated":true}]}}