{"id":994,"date":"2012-09-08T14:07:00","date_gmt":"2012-09-08T14:07:00","guid":{"rendered":"http:\/\/zapatrzonawksiazki.pl\/index.php\/2012\/09\/08\/czy-dorososc-jest-naprawde-taka-fajna\/"},"modified":"2018-10-07T00:33:48","modified_gmt":"2018-10-07T00:33:48","slug":"czy-dorososc-jest-naprawde-taka-fajna","status":"publish","type":"post","link":"https:\/\/zapatrzonawksiazki.pl\/index.php\/2012\/09\/08\/czy-dorososc-jest-naprawde-taka-fajna\/","title":{"rendered":"Czy doros\u0142o\u015b\u0107 jest naprawd\u0119 taka fajna? (\u201ePami\u0119tnik nastolatki 5\u201d &#8211; Beata Andrzejczuk)"},"content":{"rendered":"<div class=\"separator\" style=\"clear: both; text-align: center;\"><a href=\"http:\/\/2.bp.blogspot.com\/-dZ_aCkBcxNM\/UEtOj_dq_YI\/AAAAAAAADOM\/MBpjh6pO1i4\/s1600\/352x500.jpg\" imageanchor=\"1\" style=\"clear: left; float: left; margin-bottom: 1em; margin-right: 1em;\"><img decoding=\"async\" loading=\"lazy\" border=\"0\" height=\"320\" src=\"http:\/\/2.bp.blogspot.com\/-dZ_aCkBcxNM\/UEtOj_dq_YI\/AAAAAAAADOM\/MBpjh6pO1i4\/s320\/352x500.jpg\" width=\"208\" \/><\/a><\/div>\n<p><\/p>\n<div class=\"MsoNormal\"><i style=\"mso-bidi-font-style: normal;\">&nbsp;&nbsp;&nbsp;&nbsp;&nbsp;&nbsp;&nbsp;&nbsp;&nbsp;&nbsp;&nbsp; \u201eJe\u015bli kogo\u015b kocham, to kocham ca\u0142ym sob\u0105 i gdy my\u015bl\u0119 o przysz\u0142o\u015bci nie umiem nie umiejscawia\u0107 w niej ciebie. B\u0119d\u0119 czeka\u0142, dop\u00f3ki nie poczujesz tego samego co ja.\u201d*<\/i><\/div>\n<div class=\"MsoNormal\">\n<\/div>\n<div class=\"MsoNormal\"><i style=\"mso-bidi-font-style: normal;\">&nbsp;&nbsp;&nbsp;&nbsp;&nbsp;&nbsp;&nbsp;&nbsp;&nbsp;&nbsp;&nbsp; <\/i><i style=\"mso-bidi-font-style: normal;\">Zastanawiam si\u0119 czasem czemu doro\u015bli m\u00f3wi\u0105, \u017ce m\u0142odzie\u017c nie ma problem\u00f3w i wa\u017cnych decyzji do podj\u0119cia. Przecie\u017c to w\u0142a\u015bnie wtedy wszystko w nas si\u0119 kszta\u0142tuje. Wybieramy kim tak naprawd\u0119 chcemy by\u0107 i co robi\u0107. To \u017ce jest si\u0119 m\u0142odym nie znaczy, \u017ce nie wiemy o problemach i \u017ce ich nie rozumiemy. Pope\u0142niamy b\u0142\u0119dy, ale kto ich nie pope\u0142nia. To nie magiczna osiemnastka sprawia, \u017ce stajemy si\u0119 doro\u015bli, a do\u015bwiadczenia z naszego \u017cycia.<\/i><\/div>\n<div class=\"MsoNormal\">\n<\/div>\n<div class=\"MsoNormal\"><i style=\"mso-bidi-font-style: normal;\">&nbsp;&nbsp;&nbsp;&nbsp;&nbsp;&nbsp;&nbsp;&nbsp;&nbsp;&nbsp;&nbsp; Druga klasa liceum to ju\u017c nie przelewki. Matura coraz bli\u017cej i nauczyciele nie s\u0105 ju\u017c tak \u0142askawi jak rok temu. Dla Natki i jej przyjaci\u00f3\u0142 zaczynaj\u0105 si\u0119 ci\u0119\u017ckie czasy gdzie to nauka b\u0119dzie na pierwszym miejscu. Nasza bohaterka pr\u00f3cz szko\u0142y zmaga si\u0119 jeszcze z jednym i dla niej bardzo wa\u017cnym problemem. Nadal prze\u017cywa to w jaki spos\u00f3b rozsta\u0142a si\u0119 z Maksymem na lotnisku. Przez ca\u0142y czas wyrzuca sobie, \u017ce to przez jej k\u0142amstwo wszystko by\u0107 mo\u017ce si\u0119 sko\u0144czy\u0142o. Pisz\u0119 by\u0107 mo\u017ce poniewa\u017c ca\u0142y czas ma nadziej\u0119, \u017ce Maksym jej wybaczy\u2026 Jakby by\u0142o ma\u0142o problem\u00f3w Przyja\u017a\u0144 Natalii z Blank\u0105 staje pod wielkim znakiem zapytania. Jak Natalia poradzi sobie w tym trudnym okresie? Czy jej zwi\u0105zek z Maksymem ma szanse na uratowanie? Blanka rzeczywi\u015bcie oddala si\u0119 od Natki? Co najwa\u017cniejsze co wyniesie Natalia z zdarze\u0144, kt\u00f3re j\u0105 spotka\u0142y?<\/i><\/div>\n<div class=\"MsoNormal\">\n<\/div>\n<div class=\"MsoNormal\"><i style=\"mso-bidi-font-style: normal;\">&nbsp;&nbsp;&nbsp;&nbsp;&nbsp;&nbsp;&nbsp;&nbsp;&nbsp;&nbsp;&nbsp; \u201ePami\u0119tnik nastolatki 5\u201d by\u0142 ksi\u0105\u017ck\u0105 na kt\u00f3r\u0105 troch\u0119 si\u0119 naczeka\u0142am, ale wiedzia\u0142am, \u017ce by\u0142o warto. Jeszcze przed rozpocz\u0119ciem lektury by\u0142am pewna, \u017ce przepadn\u0119 na kilka kolejnych godzin poniewa\u017c trudno b\u0119dzie mi si\u0119 oderwa\u0107 od niej p\u00f3ki nie przeczytam ostatniego zdania. Ca\u0142a seria jest napisana m\u0105drze i ciekawie. Cho\u0107 bohaterami s\u0105 uczniowie gimnazjum oraz liceum cechuj\u0105 si\u0119 oni rozs\u0105dkiem i troskliwo\u015bci\u0105. Nie jest jednak tak, \u017ce s\u0105 idea\u0142ami. Wr\u0119cz przeciwnie pope\u0142niaj\u0105 b\u0142\u0119dy i maj\u0105 swoje nastroje. Tylko kto z nas nie pope\u0142nia b\u0142\u0119d\u00f3w i nie ma gorszych dni? Z ka\u017cd\u0105 cz\u0119\u015bci\u0105 obserwujemy jak Natalia z ka\u017cdym dniem dorasta i coraz powa\u017cniej podchodzi do obowi\u0105zk\u00f3w szkolnych. Mimo tego, \u017ce \u017cyje dniem dzisiejszym zaczyna si\u0119 zastanawia\u0107 nad swoj\u0105 przysz\u0142o\u015bci\u0105. W dalszym ci\u0105gu ma problem okazaniem uczu\u0107, ale i nad tym pracuje. Nie zawsze jest tak jakby tego chcia\u0142a i nie wszystko rozumie, ale stara si\u0119 jak mo\u017ce. Pope\u0142nia b\u0142\u0119dy, czasem upada, ale potem si\u0119 podnosi i idzie dalej. Wydaje mi si\u0119, \u017ce nie zdaje sobie sprawy z tego jak jest silna i m\u0105dra. <\/i><\/div>\n<div class=\"MsoNormal\">\n<\/div>\n<div class=\"MsoNormal\"><i style=\"mso-bidi-font-style: normal;\">&nbsp;&nbsp;&nbsp;&nbsp;&nbsp;&nbsp;&nbsp;&nbsp;&nbsp;&nbsp;&nbsp; Ksi\u0105\u017ck\u0119 czyta si\u0119 szybko poniewa\u017c wydaje si\u0119 nam, \u017ce czytamy o czym\u015b co si\u0119 dzieje naprawd\u0119. Autorka pisze bowiem o nastolatkach szczer\u0105 prawd\u0119, nic nie &nbsp;upi\u0119ksza czy te\u017c nie ubarwia. Przedstawia \u015bwiat licealist\u00f3w taki jaki w rzeczywisto\u015bci jest. Nie robi z bohater\u00f3w idea\u0142\u00f3w. Sprawia za to, \u017ce z\u017cywamy si\u0119 z nimi bo my mamy b\u0105d\u017a mieli\u015bmy te same problemy i doskonale ich rozumiemy. Nie oceniamy te\u017c ich post\u0119powania poniewa\u017c wiemy, \u017ce decyzje, kt\u00f3re podejmuj\u0105 nie s\u0105 \u0142atwe mimo, \u017ce takie si\u0119 wydaj\u0105. Pani Beata w ka\u017cd\u0105 z powie\u015bci mi\u0119dzy wierszami, a czasem nawet wprost wk\u0142ada s\u0142owa, kt\u00f3re zmuszaj\u0105 do zastanowienia si\u0119 nad samym sob\u0105. Tym razem te\u017c nie zabrak\u0142o takich fragment\u00f3w z czego bardzo si\u0119 ciesz\u0119. Szczerze \u017ca\u0142uje, \u017ce nie by\u0142o mi dane pozna\u0107 tej serii kilka lat wcze\u015bniej, ale teraz te\u017c du\u017co mi ona daje. Niemo\u015b\u0107, \u017ce przypomina czasy szkolne to jeszcze u\u015bwiadamia pewne sprawy. <\/i><\/div>\n<div class=\"MsoNormal\">\n<\/div>\n<div class=\"MsoNormal\"><i style=\"mso-bidi-font-style: normal;\">&nbsp;&nbsp;&nbsp;&nbsp;&nbsp;&nbsp;&nbsp;&nbsp;&nbsp;&nbsp;&nbsp; \u201ePami\u0119tnik nastolatki 5\u201d to powie\u015b\u0107 pe\u0142na emocji. Wzrusza, bawi, irytuje i doprowadza do \u0142ez. Poniewa\u017c jest napisana typowo m\u0142odzie\u017cowym j\u0119zykiem czyta si\u0119 j\u0105 w zastraszaj\u0105cym tempie co zreszt\u0105 zawsze mnie przera\u017ca bo za szybko si\u0119 ko\u0144czy. Polecam j\u0105 tym, kt\u00f3rzy jeszcze nie czytali. Polecam j\u0105 te\u017c rodzicom \u2013 nawet nie wyobra\u017cacie sobie jaka to skarbnica wiedzy o waszych dzieciach. Ca\u0142a seria podbi\u0142a moje serce i uwa\u017cam, \u017ce jest bardzo warto\u015bciowa, a przy tym ciekawa i zabawna. Tylko p. Beato prosz\u0119 na drugi raz uprzedzi\u0107, \u017ce b\u0119d\u0105 potrzebne chusteczki. Te zako\u0144czenie mnie rozbroi\u0142o i nadal sprawia, \u017ce jako\u015b dziwnie oczy mi wilgotniej\u0105\u2026<\/i><\/div>\n<div class=\"MsoNormal\">\n<\/div>\n<div class=\"MsoNormal\"><i style=\"mso-bidi-font-style: normal;\">&nbsp;&nbsp;&nbsp;&nbsp;&nbsp;&nbsp;&nbsp;&nbsp;&nbsp;&nbsp;&nbsp; \u201e- Przyja\u017a\u0144 nie polega na tym, \u017ce akceptujemy drug\u0105 osob\u0119, bo ma same zalety i nigdy nie robi nic g\u0142upiego. Przyja\u017a\u0144 polega na tym, \u017ce oddzielamy blisk\u0105 nam osob\u0119 od od z\u0142ych rzeczy, kt\u00f3re zrobi\u0142a. Te z\u0142e rzeczy przekre\u015blamy na czerwono grub\u0105 lini\u0105, a do tej osoby wyci\u0105gamy r\u0119k\u0119.\u201d**<\/i><\/div>\n<div class=\"MsoNormal\">\n<\/div>\n<div class=\"MsoNormal\"><i style=\"mso-bidi-font-style: normal;\">*str. 52<\/i><\/div>\n<div class=\"MsoNormal\"><i style=\"mso-bidi-font-style: normal;\">**str. 111<\/i><\/div>\n<div class=\"MsoNormal\"><b style=\"mso-bidi-font-weight: normal;\"><i style=\"mso-bidi-font-style: normal;\">Autor: <\/i><\/b><i style=\"mso-bidi-font-style: normal;\">Beata Andrzejczuk<\/i><\/div>\n<div class=\"MsoNormal\"><b style=\"mso-bidi-font-weight: normal;\"><i style=\"mso-bidi-font-style: normal;\">Tytu\u0142: <\/i><\/b><i style=\"mso-bidi-font-style: normal;\">Pami\u0119tnik nastolatki 5<\/i><\/div>\n<div class=\"MsoNormal\"><b style=\"mso-bidi-font-weight: normal;\"><i style=\"mso-bidi-font-style: normal;\">Wydawnictwo: <\/i><\/b><i style=\"mso-bidi-font-style: normal;\">Rafael <\/i><\/div>\n<div class=\"MsoNormal\"><b style=\"mso-bidi-font-weight: normal;\"><i style=\"mso-bidi-font-style: normal;\">Rok wydania: <\/i><\/b><i style=\"mso-bidi-font-style: normal;\">31 sierpnia 2012 <\/i><\/div>\n<div class=\"MsoNormal\"><b style=\"mso-bidi-font-weight: normal;\"><i style=\"mso-bidi-font-style: normal;\">Liczba stron: <\/i><\/b><i style=\"mso-bidi-font-style: normal;\">261<\/i><\/div>\n<div class=\"MsoNormal\">\n<\/div>\n<div class=\"MsoNormal\" style=\"font-family: Arial,Helvetica,sans-serif; text-align: center; text-indent: 35.4pt;\"><i><b>Pami\u0119tnik nastolatki:<\/b><\/i><\/div>\n<div style=\"text-align: center;\"><i style=\"font-family: Arial,Helvetica,sans-serif;\"><a href=\"http:\/\/zapatrzonawksiazki.blogspot.com\/2012\/05\/pamietnik-nastolatki-pamietnik.html\">Pami\u0119tnik nastolatki<\/a>|<a href=\"http:\/\/zapatrzonawksiazki.blogspot.com\/2012\/05\/pamietnik-nastolatki-pamietnik.html\">Pami\u0119tnik nastolatki 2<\/a>|<\/i><a href=\"http:\/\/zapatrzonawksiazki.blogspot.com\/2012\/06\/sztuka-wyboru-pamietnik-nastolatki-2.html\" style=\"font-family: Arial,Helvetica,sans-serif;\"><i style=\"mso-bidi-font-style: normal;\">Pami\u0119tnik nastolatki 2 \u00bd. Wakacje Natki<\/i><\/a><i style=\"font-family: Arial,Helvetica,sans-serif;\">| <\/i><a href=\"http:\/\/zapatrzonawksiazki.blogspot.com\/2012\/07\/sprawy-wazne-i-mniej-wazne-pamietnik.html\" style=\"font-family: Arial,Helvetica,sans-serif;\"><i style=\"mso-bidi-font-style: normal;\">Pami\u0119tnik nastolatki 3<\/i><\/a><i style=\"font-family: Arial,Helvetica,sans-serif;\">|<a href=\"http:\/\/zapatrzonawksiazki.blogspot.com\/2012\/07\/zaufanie-wazne-jest-pamietnik.html\">Pami\u0119tnik nastolatki 4<\/a>|<\/i><i style=\"font-family: Arial,Helvetica,sans-serif;\"><b style=\"color: lime;\">Pami\u0119tnik nastolatki 5<\/b>|<\/i><i style=\"font-family: Arial,Helvetica,sans-serif;\">Pami\u0119tnik nastolatki 6|<\/i><i style=\"mso-bidi-font-style: normal;\">Pami\u0119tnik nastolatki 7<\/i><\/div>\n<div class=\"MsoNormal\" style=\"text-align: center;\">\n<\/div>\n","protected":false},"excerpt":{"rendered":"<p>&nbsp;&nbsp;&nbsp;&nbsp;&nbsp;&nbsp;&nbsp;&nbsp;&nbsp;&nbsp;&nbsp; \u201eJe\u015bli kogo\u015b kocham, to kocham ca\u0142ym sob\u0105 i gdy my\u015bl\u0119 o przysz\u0142o\u015bci nie umiem nie umiejscawia\u0107 w niej ciebie. B\u0119d\u0119 czeka\u0142, dop\u00f3ki nie poczujesz tego samego co ja.\u201d* &nbsp;&nbsp;&nbsp;&nbsp;&nbsp;&nbsp;&nbsp;&nbsp;&nbsp;&nbsp;&nbsp; Zastanawiam si\u0119 czasem czemu doro\u015bli m\u00f3wi\u0105, \u017ce m\u0142odzie\u017c nie ma problem\u00f3w i wa\u017cnych decyzji do podj\u0119cia. Przecie\u017c to w\u0142a\u015bnie wtedy wszystko w nas si\u0119 kszta\u0142tuje. [&hellip;]<\/p>\n","protected":false},"author":2,"featured_media":0,"comment_status":"open","ping_status":"open","sticky":false,"template":"","format":"standard","meta":[],"categories":[1],"tags":[11,586,910,149,380,595,955,865,328,956,653,587,588],"jetpack_featured_media_url":"","_links":{"self":[{"href":"https:\/\/zapatrzonawksiazki.pl\/index.php\/wp-json\/wp\/v2\/posts\/994"}],"collection":[{"href":"https:\/\/zapatrzonawksiazki.pl\/index.php\/wp-json\/wp\/v2\/posts"}],"about":[{"href":"https:\/\/zapatrzonawksiazki.pl\/index.php\/wp-json\/wp\/v2\/types\/post"}],"author":[{"embeddable":true,"href":"https:\/\/zapatrzonawksiazki.pl\/index.php\/wp-json\/wp\/v2\/users\/2"}],"replies":[{"embeddable":true,"href":"https:\/\/zapatrzonawksiazki.pl\/index.php\/wp-json\/wp\/v2\/comments?post=994"}],"version-history":[{"count":1,"href":"https:\/\/zapatrzonawksiazki.pl\/index.php\/wp-json\/wp\/v2\/posts\/994\/revisions"}],"predecessor-version":[{"id":2495,"href":"https:\/\/zapatrzonawksiazki.pl\/index.php\/wp-json\/wp\/v2\/posts\/994\/revisions\/2495"}],"wp:attachment":[{"href":"https:\/\/zapatrzonawksiazki.pl\/index.php\/wp-json\/wp\/v2\/media?parent=994"}],"wp:term":[{"taxonomy":"category","embeddable":true,"href":"https:\/\/zapatrzonawksiazki.pl\/index.php\/wp-json\/wp\/v2\/categories?post=994"},{"taxonomy":"post_tag","embeddable":true,"href":"https:\/\/zapatrzonawksiazki.pl\/index.php\/wp-json\/wp\/v2\/tags?post=994"}],"curies":[{"name":"wp","href":"https:\/\/api.w.org\/{rel}","templated":true}]}}