{"id":990,"date":"2012-09-15T09:36:00","date_gmt":"2012-09-15T09:36:00","guid":{"rendered":"http:\/\/zapatrzonawksiazki.pl\/index.php\/2012\/09\/15\/ksiazek-czar-stos-332012\/"},"modified":"2018-10-07T00:33:47","modified_gmt":"2018-10-07T00:33:47","slug":"ksiazek-czar-stos-332012","status":"publish","type":"post","link":"https:\/\/zapatrzonawksiazki.pl\/index.php\/2012\/09\/15\/ksiazek-czar-stos-332012\/","title":{"rendered":"Ksi\u0105\u017cek czar ;) (Stos 33\/2012)"},"content":{"rendered":"<div style=\"text-align: center;\"><i>Dzisiaj bez \u017cadnych wynurze\u0144 od razu przechodz\u0119 do rzeczy gdy\u017c ostatnio nic si\u0119 nie dziej\u0119 i nie mam czym Was zanudza\u0107 \ud83d\ude09 Rega\u0142 ju\u017c mam w domu, ale musz\u0119 poczeka\u0107 a\u017c kolega si\u0119 zjawi i go zmontuje \ud83d\ude09<\/i><\/div>\n<div style=\"text-align: center;\">\n<\/div>\n<div style=\"text-align: center;\"><i>Oto dzisiejsze gwiazdy \ud83d\ude09<\/i><\/div>\n<div class=\"separator\" style=\"clear: both; text-align: center;\"><a href=\"http:\/\/3.bp.blogspot.com\/-7td1__mDypM\/UFRFb_3103I\/AAAAAAAADUY\/lE0xkPrY55Y\/s1600\/100_0825.JPG\" imageanchor=\"1\" style=\"margin-left: 1em; margin-right: 1em;\"><img decoding=\"async\" loading=\"lazy\" border=\"0\" height=\"240\" src=\"http:\/\/3.bp.blogspot.com\/-7td1__mDypM\/UFRFb_3103I\/AAAAAAAADUY\/lE0xkPrY55Y\/s320\/100_0825.JPG\" width=\"320\" \/><\/a><\/div>\n<div style=\"text-align: center;\"><i><b>1. &#8220;Wszystko zostaje w rodzinie&#8221; &#8211; Anna Musio\u0142 &#8211; <\/b>recenzyjna od <u>Secretum<\/u>.&nbsp;<\/i><\/div>\n<div style=\"text-align: center;\"><i><b>2. &#8220;Prowincja pe\u0142na marze\u0144&#8221; &#8211; Katarzyna Enerlich &#8211; <\/b>recenzyjna od <u>MG<\/u>. Posiadam ju\u017c cz\u0119\u015b\u0107 drug\u0105 i trzeci\u0105, ale wol\u0119 zaczyna\u0107 od pocz\u0105tku ni\u017c od \u015brodka.<\/i><\/div>\n<div style=\"text-align: center;\"><i><b>3. &#8220;Kroniki krwi&#8221; &#8211; Richelle Mead &#8211; <\/b>recenzyjna od <u>Nasza Ksi\u0119garnia<\/u>. Po prostu musia\u0142am mie\u0107 \ud83d\ude09<\/i><\/div>\n<div style=\"text-align: center;\"><i><b>4. &#8220;Notatki samob\u00f3jcy&#8221; &#8211;&nbsp;<\/b> <b>Michael Thomas Ford &#8211; <\/b>recenzyjna od <u>Nasza Ksi\u0119garnia<\/u>. Kolejna ksi\u0105\u017cka z serii Zbli\u017cenia, kt\u00f3r\u0105 bardzo ceni\u0119. Nie by\u0142o mowy, \u017ce jej nie b\u0119d\u0119 mia\u0142a&#8230;<\/i><\/div>\n<div style=\"text-align: center;\"><i><b>5. &#8220;Dotyk Julii&#8221; &#8211; Tahereh Mafi &#8211; <\/b>recenzyjna od <u>Otwarte<\/u>. Kusi\u0142a mnie od momentu ukazania si\u0119 jej zapowiedzi. Z tego co obserwuje opinie o niej s\u0105 r\u00f3\u017cne,ciekawe jakie wra\u017cenie na mnie wywrze ;).<\/i><\/div>\n<div style=\"text-align: center;\"><i><b>6. &#8220;Pretty Little Liars. Bez serca&#8221; &#8211; Sara Shepard &#8211; <\/b>recenzyjna od <u>Otwarte<\/u>. Kolejna cz\u0119\u015b\u0107 serii, kt\u00f3ra podbi\u0142a serca wielu czytelnik\u00f3w w tym i moje. Z ka\u017cd\u0105 cz\u0119\u015bci\u0105 jestem w coraz wi\u0119kszym szoku&#8230;&nbsp;<\/i><\/div>\n<div style=\"text-align: center;\"><i><b>7. &#8220;W sieci&#8221; &#8211; Gemma Malley &#8211; <\/b>m\u00f3j w\u0142asny zakup. Po przeczytaniu rewelacyjnej <a href=\"http:\/\/zapatrzonawksiazki.blogspot.com\/2012\/09\/przepraszam-ze-zyje-deklaracja-gemma.html\">&#8220;Deklaracji&#8221;<\/a> musia\u0142am naby\u0107 kontynuacj\u0119.&nbsp; <\/i><i>\ud83d\ude09<\/i><\/div>\n<div style=\"text-align: center;\">\n<\/div>\n<div style=\"text-align: center;\"><i>Widzicie co\u015b dla siebie?<\/i><i> \ud83d\ude09 <\/i><\/div>\n<div style=\"text-align: center;\"><i>&nbsp;<\/i><\/div>\n","protected":false},"excerpt":{"rendered":"<p>Dzisiaj bez \u017cadnych wynurze\u0144 od razu przechodz\u0119 do rzeczy gdy\u017c ostatnio nic si\u0119 nie dziej\u0119 i nie mam czym Was zanudza\u0107 \ud83d\ude09 Rega\u0142 ju\u017c mam w domu, ale musz\u0119 poczeka\u0107 a\u017c kolega si\u0119 zjawi i go zmontuje \ud83d\ude09 Oto dzisiejsze gwiazdy \ud83d\ude09 1. &#8220;Wszystko zostaje w rodzinie&#8221; &#8211; Anna Musio\u0142 &#8211; recenzyjna od Secretum.&nbsp; 2. [&hellip;]<\/p>\n","protected":false},"author":2,"featured_media":0,"comment_status":"open","ping_status":"open","sticky":false,"template":"","format":"standard","meta":[],"categories":[1],"tags":[867],"jetpack_featured_media_url":"","_links":{"self":[{"href":"https:\/\/zapatrzonawksiazki.pl\/index.php\/wp-json\/wp\/v2\/posts\/990"}],"collection":[{"href":"https:\/\/zapatrzonawksiazki.pl\/index.php\/wp-json\/wp\/v2\/posts"}],"about":[{"href":"https:\/\/zapatrzonawksiazki.pl\/index.php\/wp-json\/wp\/v2\/types\/post"}],"author":[{"embeddable":true,"href":"https:\/\/zapatrzonawksiazki.pl\/index.php\/wp-json\/wp\/v2\/users\/2"}],"replies":[{"embeddable":true,"href":"https:\/\/zapatrzonawksiazki.pl\/index.php\/wp-json\/wp\/v2\/comments?post=990"}],"version-history":[{"count":1,"href":"https:\/\/zapatrzonawksiazki.pl\/index.php\/wp-json\/wp\/v2\/posts\/990\/revisions"}],"predecessor-version":[{"id":2491,"href":"https:\/\/zapatrzonawksiazki.pl\/index.php\/wp-json\/wp\/v2\/posts\/990\/revisions\/2491"}],"wp:attachment":[{"href":"https:\/\/zapatrzonawksiazki.pl\/index.php\/wp-json\/wp\/v2\/media?parent=990"}],"wp:term":[{"taxonomy":"category","embeddable":true,"href":"https:\/\/zapatrzonawksiazki.pl\/index.php\/wp-json\/wp\/v2\/categories?post=990"},{"taxonomy":"post_tag","embeddable":true,"href":"https:\/\/zapatrzonawksiazki.pl\/index.php\/wp-json\/wp\/v2\/tags?post=990"}],"curies":[{"name":"wp","href":"https:\/\/api.w.org\/{rel}","templated":true}]}}