{"id":978,"date":"2012-10-02T09:29:00","date_gmt":"2012-10-02T09:29:00","guid":{"rendered":"http:\/\/zapatrzonawksiazki.pl\/index.php\/2012\/10\/02\/cena-wolnosci-jest-poswiecenie-jutro-3\/"},"modified":"2018-10-07T00:33:46","modified_gmt":"2018-10-07T00:33:46","slug":"cena-wolnosci-jest-poswiecenie-jutro-3","status":"publish","type":"post","link":"https:\/\/zapatrzonawksiazki.pl\/index.php\/2012\/10\/02\/cena-wolnosci-jest-poswiecenie-jutro-3\/","title":{"rendered":"Cen\u0105 wolno\u015bci jest po\u015bwi\u0119cenie? (\u201eJutro 3. W obj\u0119ciach ch\u0142odu\u201d &#8211; John Marsden)"},"content":{"rendered":"<div class=\"separator\" style=\"clear: both; text-align: center;\">\n<a href=\"http:\/\/4.bp.blogspot.com\/-zbw88bzCJvU\/UGqxosFnSyI\/AAAAAAAADi4\/DaH6O0nCulU\/s1600\/352x500.jpg\" imageanchor=\"1\" style=\"clear: left; float: left; margin-bottom: 1em; margin-right: 1em;\"><img decoding=\"async\" loading=\"lazy\" border=\"0\" height=\"320\" src=\"http:\/\/4.bp.blogspot.com\/-zbw88bzCJvU\/UGqxosFnSyI\/AAAAAAAADi4\/DaH6O0nCulU\/s320\/352x500.jpg\" width=\"224\" \/><\/a><\/div>\n<div class=\"MsoNormal\">\n<i style=\"mso-bidi-font-style: normal;\">&nbsp;&nbsp;&nbsp;&nbsp;&nbsp;&nbsp;&nbsp;&nbsp;&nbsp;&nbsp;&nbsp; \u201eNikt ju\u017c nie wspomina\u0142 o zamorskich podr\u00f3\u017cach w ramach<br \/>\nwymiany uczni\u00f3w, o podrasowanych pikapach, kt\u00f3rymi mo\u017cna by by\u0142o je\u017adzi\u0107 na<br \/>\nwiejskie imprezy, o kursach hotelarstwa czy biologii morskiej. Teraz<br \/>\ninteresowa\u0142y nas jedynie przyziemne sprawy. Odzyskanie rodziny. Mo\u017cliwo\u015b\u0107<br \/>\nprzemieszczania si\u0119 w \u015bwietle dnia. Jedzenie \u015awierzych owoc\u00f3w. Powr\u00f3t do<br \/>\nszko\u0142y. Patrzenie na dzieci bawi\u0105ce si\u0119 na hu\u015btawkach. Tylko tego pragn\u0119li\u015bmy.<br \/>\nPrzyziemnych spraw.\u201d*<\/i><\/div>\n<div class=\"MsoNormal\">\n<\/div>\n<div class=\"MsoNormal\">\n<i style=\"mso-bidi-font-style: normal;\">&nbsp;&nbsp;&nbsp;&nbsp;&nbsp;&nbsp;&nbsp;&nbsp;&nbsp;&nbsp;&nbsp; <\/i><i style=\"mso-bidi-font-style: normal;\">Macie czasem<br \/>\nochot\u0119 pozna\u0107 swoj\u0105 przysz\u0142o\u015b\u0107? Za\u0142\u00f3\u017cmy, \u017ce zjawia si\u0119 kto\u015b kto opowie ci<br \/>\njutrzejszy dzie\u0144, a ty b\u0119dziesz m\u00f3g\u0142 z tym zrobi\u0107 co tylko chcesz. Fajna<br \/>\nperspektywa, prawda? Niestety. Tak si\u0119 nie da i jutro jest zawsze niepewne. Niby<br \/>\nplanujemy co zrobimy nast\u0119pnego dnia, ale czasem jedna chwila zmienia wszystko<br \/>\nbezpowrotnie\u2026<\/i><\/div>\n<div class=\"MsoNormal\">\n<\/div>\n<div class=\"MsoNormal\">\n<i style=\"mso-bidi-font-style: normal;\">&nbsp;&nbsp;&nbsp;&nbsp;&nbsp;&nbsp;&nbsp;&nbsp;&nbsp;&nbsp;&nbsp; Po<br \/>\nburzliwych wydarzeniach w poprzedniej cz\u0119\u015bci Ellie, Homer, Lee, Robyn oraz Fi<br \/>\nzaszywaj\u0105 si\u0119 w Piekle by przetrwa\u0107 burz\u0119, kt\u00f3r\u0105 wywo\u0142ali. Musz\u0105 te\u017c przebole\u0107<br \/>\nutrat\u0119 kolejnego przyjaciela. Ca\u0142a pi\u0105tka \u017cyj\u0105 w jak w letargu, ale z czasem<br \/>\nten stan rzeczy zaczyna im przeszkadza\u0107. Czuj\u0105, \u017ce mimo wszystkiego co przeszli<br \/>\nmusz\u0105 dzia\u0142a\u0107 dalej i nie da\u0107 wrogowi spokoju. Ruszaj\u0105 w teren by rozejrze\u0107 si\u0119<br \/>\nczym by zaszkodzi\u0107 naje\u017ad\u017ac\u0105. Po drodze udaje im si\u0119 uwolni\u0107 Kevina i wraz z<br \/>\nnim chc\u0105 wysadzi\u0107 Zatok\u0119 Szewca. Jakie b\u0119d\u0105 konsekwencje tej akcji? Czy i tym<br \/>\nrazem kto\u015b zginie?<\/i><\/div>\n<div class=\"MsoNormal\">\n<\/div>\n<div class=\"MsoNormal\">\n<i style=\"mso-bidi-font-style: normal;\">&nbsp;&nbsp;&nbsp;&nbsp;&nbsp;&nbsp;&nbsp;&nbsp;&nbsp;&nbsp;&nbsp; Seria<br \/>\n\u201eJutro\u201d jest jedn\u0105 z lepszych cykli dla m\u0142odzie\u017cy, ale zdobywa te\u017c czytelnik\u00f3w<br \/>\nw\u015br\u00f3d doros\u0142ych. Jej fenomen polega na tym, \u017ce jest napisana w spos\u00f3b, kt\u00f3ry<br \/>\n\u201emami\u201d odbiorc\u0119 fabu\u0142\u0105. Po raz kolejny zastanawia\u0142am si\u0119 czy Marsden zdo\u0142a<br \/>\nprzekona\u0107 mnie do swojej tw\u00f3rczo\u015bci. Owszem, przekona\u0142 mnie bo ksi\u0105\u017ck\u0119 czyta<br \/>\nsi\u0119 r\u00f3wnie ciekawie jak dwie poprzednie cz\u0119\u015bci, ale wkrada si\u0119 tu pewna<br \/>\nschematyczno\u015b\u0107. Ona tak troszeczk\u0119 nu\u017cy, ale nie sprawia, \u017ce ksi\u0105\u017cka jest<br \/>\ngorsza. O nie! Kolejny raz obserwowa\u0142am jak ta grupa radzi sobie w sytuacjach,<br \/>\nkt\u00f3re wielu z nas, b\u0105d\u017amy szczerzy, by przeros\u0142y. Wiem, \u017ce to fikcja, ale<br \/>\nnieustannie kr\u0105\u017cy mi po g\u0142owie my\u015bl \u201ea co gdyby to si\u0119 zdarzy\u0142o naprawd\u0119?\u201d Ich<br \/>\nodwaga i lojalno\u015b\u0107 oraz ch\u0119\u0107 powrotu do normalnego \u017cycia jest zadziwiaj\u0105ca, a<br \/>\nzarazem zrozumia\u0142a. Tylko niestety wszystko co robi\u0105 zabiera im niewinno\u015b\u0107.<br \/>\n\u015amier\u0107, kt\u00f3r\u0105 czyni\u0105 i widz\u0105 sprawia, \u017ce musz\u0105 szybko wydoro\u015ble\u0107, a wspomnienia<br \/>\nb\u0119d\u0105 ci\u0105gn\u0105\u0107 si\u0119 za nimi zawsze\u2026<\/i><\/div>\n<div class=\"MsoNormal\">\n<\/div>\n<div class=\"MsoNormal\">\n<i style=\"mso-bidi-font-style: normal;\">&nbsp;&nbsp;&nbsp;&nbsp;&nbsp;&nbsp;&nbsp;&nbsp;&nbsp;&nbsp;&nbsp; Tak<br \/>\njak poprzednie cz\u0119\u015bci i ta wci\u0105ga czytelnika od pierwszych stron. Nie spos\u00f3b<br \/>\nsi\u0119 od niej oderwa\u0107 i w sumie gdy ma si\u0119 kilka godzin wolnych poch\u0142ania si\u0119 ja<br \/>\nza jednym razem. Mo\u017ce jest troch\u0119 s\u0142absza, ale to raczej dla tego, \u017ce odczuwamy<br \/>\nju\u017c w niej t\u0105 schematyczno\u015b\u0107. Koniec powie\u015bci zapowiada jednak zmiany, bo<br \/>\njednak co za du\u017co to nie zdrowo i kolejnej powt\u00f3rki te\u017c ju\u017c nie znios\u0119. <\/i><\/div>\n<div class=\"MsoNormal\">\n<\/div>\n<div class=\"MsoNormal\">\n<i style=\"mso-bidi-font-style: normal;\">&nbsp;&nbsp;&nbsp;&nbsp;&nbsp;&nbsp;&nbsp;&nbsp;&nbsp;&nbsp;&nbsp; \u201eJutro<br \/>\n3. W obj\u0119ciach ch\u0142odu\u201d to ksi\u0105\u017cka napisana z pomys\u0142em i w spos\u00f3b przemy\u015blany. W<br \/>\ndalszym ci\u0105gu bohaterowie jak i zwroty akcji&nbsp;<br \/>\nmog\u0105 nas zaskoczy\u0107. Ani chwili si\u0119 nie nudzimy, dialogi nie d\u0142u\u017c\u0105, a<br \/>\nbohaterowie s\u0105 nam coraz bli\u017csi. Zako\u0144czenie pobudza wyobra\u017ani\u0119 i jest jedn\u0105 wielk\u0105<br \/>\nniewiadom\u0105. Polecam!<\/i><\/div>\n<div class=\"MsoNormal\">\n<\/div>\n<div class=\"MsoNormal\">\n<i style=\"mso-bidi-font-style: normal;\">*str. 123<\/i><\/div>\n<div class=\"MsoNormal\">\n<b style=\"mso-bidi-font-weight: normal;\"><i style=\"mso-bidi-font-style: normal;\">Autor: <\/i><\/b><i style=\"mso-bidi-font-style: normal;\">John Marsden<\/i><\/div>\n<div class=\"MsoNormal\">\n<b style=\"mso-bidi-font-weight: normal;\"><i style=\"mso-bidi-font-style: normal;\">Tytu\u0142: <\/i><\/b><i style=\"mso-bidi-font-style: normal;\">Jutro 3. W<br \/>\nobj\u0119ciach ch\u0142odu<\/i><\/div>\n<div class=\"MsoNormal\">\n<b style=\"mso-bidi-font-weight: normal;\"><i style=\"mso-bidi-font-style: normal;\">Wydawnictwo: <\/i><\/b><i style=\"mso-bidi-font-style: normal;\">Znak litera<br \/>\nnova<\/i><\/div>\n<div class=\"MsoNormal\">\n<b style=\"mso-bidi-font-weight: normal;\"><i style=\"mso-bidi-font-style: normal;\">Rok wydania: <\/i><\/b><i style=\"mso-bidi-font-style: normal;\">wrzesie\u0144<br \/>\n2011<\/i><\/div>\n<p><b style=\"mso-bidi-font-weight: normal;\"><i style=\"mso-bidi-font-style: normal;\">Liczba<br \/>\nstron: <\/i><\/b><i style=\"mso-bidi-font-style: normal;\">256<\/i><\/p>\n<div style=\"text-align: center;\">\n<i style=\"mso-bidi-font-style: normal;\"><b>Jutro:<\/b><\/i><\/div>\n<div style=\"text-align: center;\">\n<i style=\"mso-bidi-font-style: normal;\"><a href=\"http:\/\/zapatrzonawksiazki.blogspot.com\/2011\/07\/jutro-john-marsden.html\">Jutro, kiedy zacz\u0119\u0142a si\u0119 wojna<\/a><b>&nbsp;<\/b><\/i><\/div>\n<div style=\"text-align: center;\">\n<i style=\"mso-bidi-font-style: normal;\"><a href=\"http:\/\/zapatrzonawksiazki.blogspot.com\/2012\/09\/walka-o-swoje-jutro-2-w-puapce-nocy.html\">Jutro 2. W pu\u0142apce nocy&nbsp;<\/a>&nbsp;<\/i><\/div>\n<div style=\"text-align: center;\">\n<b><i style=\"mso-bidi-font-style: normal;\">Jutro 3. W obj\u0119ciach ch\u0142odu<\/i><\/b><\/div>\n<div style=\"text-align: center;\">\n<i style=\"mso-bidi-font-style: normal;\">Jutro 4. Przyjaciele mroku<\/i><\/div>\n<div style=\"text-align: center;\">\n<i style=\"mso-bidi-font-style: normal;\">Jutro 5. Gor\u0105czka<\/i><\/div>\n<div style=\"text-align: center;\">\n<i style=\"mso-bidi-font-style: normal;\">Jutro 6. Cienie<\/i><\/div>\n<div style=\"text-align: center;\">\n<i style=\"mso-bidi-font-style: normal;\">Jutro 7. Po drugiej stronie \u015bwitu <\/i><\/div>\n","protected":false},"excerpt":{"rendered":"<p>&nbsp;&nbsp;&nbsp;&nbsp;&nbsp;&nbsp;&nbsp;&nbsp;&nbsp;&nbsp;&nbsp; \u201eNikt ju\u017c nie wspomina\u0142 o zamorskich podr\u00f3\u017cach w ramach wymiany uczni\u00f3w, o podrasowanych pikapach, kt\u00f3rymi mo\u017cna by by\u0142o je\u017adzi\u0107 na wiejskie imprezy, o kursach hotelarstwa czy biologii morskiej. Teraz interesowa\u0142y nas jedynie przyziemne sprawy. Odzyskanie rodziny. Mo\u017cliwo\u015b\u0107 przemieszczania si\u0119 w \u015bwietle dnia. Jedzenie \u015awierzych owoc\u00f3w. Powr\u00f3t do szko\u0142y. Patrzenie na dzieci bawi\u0105ce si\u0119 na [&hellip;]<\/p>\n","protected":false},"author":2,"featured_media":0,"comment_status":"open","ping_status":"open","sticky":false,"template":"","format":"standard","meta":[],"categories":[1],"tags":[31,940,482,149,596,653,941,745,942,415,869,46],"jetpack_featured_media_url":"","_links":{"self":[{"href":"https:\/\/zapatrzonawksiazki.pl\/index.php\/wp-json\/wp\/v2\/posts\/978"}],"collection":[{"href":"https:\/\/zapatrzonawksiazki.pl\/index.php\/wp-json\/wp\/v2\/posts"}],"about":[{"href":"https:\/\/zapatrzonawksiazki.pl\/index.php\/wp-json\/wp\/v2\/types\/post"}],"author":[{"embeddable":true,"href":"https:\/\/zapatrzonawksiazki.pl\/index.php\/wp-json\/wp\/v2\/users\/2"}],"replies":[{"embeddable":true,"href":"https:\/\/zapatrzonawksiazki.pl\/index.php\/wp-json\/wp\/v2\/comments?post=978"}],"version-history":[{"count":1,"href":"https:\/\/zapatrzonawksiazki.pl\/index.php\/wp-json\/wp\/v2\/posts\/978\/revisions"}],"predecessor-version":[{"id":2479,"href":"https:\/\/zapatrzonawksiazki.pl\/index.php\/wp-json\/wp\/v2\/posts\/978\/revisions\/2479"}],"wp:attachment":[{"href":"https:\/\/zapatrzonawksiazki.pl\/index.php\/wp-json\/wp\/v2\/media?parent=978"}],"wp:term":[{"taxonomy":"category","embeddable":true,"href":"https:\/\/zapatrzonawksiazki.pl\/index.php\/wp-json\/wp\/v2\/categories?post=978"},{"taxonomy":"post_tag","embeddable":true,"href":"https:\/\/zapatrzonawksiazki.pl\/index.php\/wp-json\/wp\/v2\/tags?post=978"}],"curies":[{"name":"wp","href":"https:\/\/api.w.org\/{rel}","templated":true}]}}