{"id":95,"date":"2017-04-15T16:12:00","date_gmt":"2017-04-15T16:12:00","guid":{"rendered":"http:\/\/zapatrzonawksiazki.pl\/index.php\/2017\/04\/15\/przedpremierowo-walcz-o-marzenia\/"},"modified":"2018-10-07T00:26:30","modified_gmt":"2018-10-07T00:26:30","slug":"przedpremierowo-walcz-o-marzenia","status":"publish","type":"post","link":"https:\/\/zapatrzonawksiazki.pl\/index.php\/2017\/04\/15\/przedpremierowo-walcz-o-marzenia\/","title":{"rendered":"[PRZEDPREMIEROWO] Walcz o marzenia"},"content":{"rendered":"<div style=\"text-align: justify;\">\n<\/div>\n<div class=\"separator\" style=\"clear: both; text-align: center;\">\n<a href=\"https:\/\/4.bp.blogspot.com\/-JvEjFP_IohY\/WPJGMHsdO-I\/AAAAAAAANlA\/nP2tu24Z-CQSpQ7DhGAQKu7RlDz1kviXQCLcB\/s1600\/marzenia2.png\" imageanchor=\"1\" style=\"margin-left: 1em; margin-right: 1em;\"><img decoding=\"async\" loading=\"lazy\" border=\"0\" height=\"240\" src=\"https:\/\/4.bp.blogspot.com\/-JvEjFP_IohY\/WPJGMHsdO-I\/AAAAAAAANlA\/nP2tu24Z-CQSpQ7DhGAQKu7RlDz1kviXQCLcB\/s640\/marzenia2.png\" width=\"640\" \/><\/a><\/div>\n<div class=\"separator\" style=\"clear: both; text-align: center;\">\n<\/div>\n<p>&nbsp;<\/p>\n<div style=\"text-align: justify;\">\n<b><i>Ich losy zacz\u0119\u0142y si\u0119 \u0142\u0105czy\u0107 w&nbsp;niewidzialny splot, kt\u00f3ry powsta\u0142 z&nbsp;samotno\u015bci i&nbsp;pragnie\u0144 silniejszych ni\u017c najwi\u0119kszy strach. Silniejszych ni\u017c los i&nbsp;jego niesprawiedliwe koleje.<\/i><\/b> [s. 159]<\/p>\n<p>Marzysz? Na pewno tak. Ka\u017cdy z nas o czym\u015b marzy i chce, by to si\u0119 spe\u0142ni\u0142o. Chcemy rzeczy ma\u0142ych i du\u017cych, czego\u015b powa\u017cnego, a czasem po prostu pragniemy rzeczy prostych, przynosz\u0105cych rado\u015b\u0107, ale niestety trudnych do spe\u0142nienia. Jednak je\u015bli czego\u015b bardzo si\u0119 chce i do tego d\u0105\u017cy&#8230;<\/p>\n<p>Kamil przeprowadza si\u0119 do Warszawy, by zacz\u0105\u0107 tam studia, ale pragnie te\u017c nowego startu w nowym miejscu, nieprzypominaj\u0105cym mu na ka\u017cdym kroku o tym, co by\u0142o. Maja jest pe\u0142n\u0105 energii, nieco zwariowan\u0105 dziewczyn\u0105, pragn\u0105c\u0105 chwyta\u0107 ka\u017cd\u0105 chwil\u0119 no i studiowa\u0107. Spotkanie tych dwojga jest do\u015b\u0107 niecodzienne. Gdy Kamil wraca z imprezy, zauwa\u017ca kopi\u0105c\u0105 i wyzywaj\u0105c\u0105 samoch\u00f3d&nbsp; ma\u0142\u0105 furiatk\u0119. Oferuje jej pomoc, a kiedy dowiaduje si\u0119, co chce zrobi\u0107 z pojazdem Maja zaczyna go intrygowa\u0107. Zaczynaj\u0105 sp\u0119dza\u0107 czas i si\u0119 przyja\u017ani\u0107, bo tylko na tyle pozwala Maja, zakazuj\u0105c Kamilowi zakocha\u0107 si\u0119 w niej.<\/p>\n<p>To trzecia ksi\u0105\u017cka w dorobku pisarskim Agaty Czykierdy-Grabowskiej i musz\u0119 przyzna\u0107, \u017ce ju\u017c na ca\u0142ego zdoby\u0142a moje serducho i umo\u015bci\u0142a sobie w nim prywatny k\u0105cik. Na ka\u017cd\u0105 jej ksi\u0105\u017ck\u0119 czekam z ut\u0119sknieniem i gdy ju\u017c czytam, znika ca\u0142a otaczaj\u0105ca mnie rzeczywisto\u015b\u0107 \u2013 jestem tylko ja, bohaterowie i ich historia. Czy <i><b>Wszystkie twoje marzenia<\/b><\/i> s\u0105 godne polecenia?<\/p>\n<p><i><b>Wok\u00f3\u0142 niej \u017cyli ludzie, kt\u00f3rzy te\u017c mieli swoje tajemnice i&nbsp;traumy, i&nbsp;walczyli z&nbsp;nimi ka\u017cdego dnia.<\/b><\/i> [s. 185]<\/p>\n<p>Nawet je\u015bli bym chcia\u0142a, nie mam si\u0119 do czego przyczepi\u0107, poniewa\u017c autorka ponownie napisa\u0142a powie\u015b\u0107, kt\u00f3ra od pierwszych do ostatnich stron intryguje i wzbudza ca\u0142\u0105 gam\u0119 uczu\u0107. To ksi\u0105\u017cka w pe\u0142ni dopracowana, przemy\u015blana, a co wa\u017cniejsze pomimo du\u017cej dawki romantyczno\u015bci realna. Bo autorce uda\u0142o si\u0119 po\u0142\u0105czy\u0107 poczucie humoru, w\u0105tku mi\u0142osnego i szarej rzeczywisto\u015bci. Dzi\u0119ki temu opowie\u015b\u0107 jest realna, zabawna i wzruszaj\u0105ca. W niej ca\u0142y czas co\u015b si\u0119 dzieje, nigdy nie wiadomo jak post\u0105pi\u0105 bohaterowie, czym nas zaskocz\u0105 i jakie emocje akurat wzbudz\u0105. Agata nie stwarza wydumanych problem\u00f3w, nie przesadza z dramatyzmem czy te\u017c uczuciami bohater\u00f3w, wszystko jest podane w odpowiednich proporcjach i ze sob\u0105 pi\u0119knie wsp\u00f3\u0142gra.<\/p>\n<p>Autorka chcia\u0142a, by Kamil rozkocha\u0142 w sobie czytelniczki i wed\u0142ug mnie uda\u0142o jej si\u0119 stworzy\u0107 bohatera, kt\u00f3ry zdob\u0119dzie serca czytelniczek szturmem \u2013 moje zdoby\u0142 ca\u0142kowicie. Kocham go za to, \u017ce pomimo wszystko jest taki wyluzowany, naturalny i realny. Uwielbiam go za podej\u015bcie do kobiet, jego wyrozumia\u0142o\u015b\u0107, cierpliwo\u015b\u0107 i zrozumienie, kreatywno\u015b\u0107, i uwielbienie do s\u0142ownych utarczek. Maja z kolei zachwyca&nbsp; swoim podej\u015bciem do \u017cycia, ch\u0119ci\u0105 czerpania z niego jak najwi\u0119cej, wiar\u0105 w spe\u0142nienie marze\u0144 i si\u0142\u0105, by walczy\u0107. Oboje z miejsca daj\u0105 si\u0119 polubi\u0107, ale nie s\u0105 idealni, maj\u0105 rysy i t\u0142amsz\u0105 w sobie negatywne emocje. Co niekt\u00f3rzy zarzucali Dominikowi z <b><i>Jak powietrze<\/i><\/b>, \u017ce s\u0105 z niego <i>ciep\u0142e kluchy<\/i>, obawiam si\u0119, \u017ce znajd\u0105 si\u0119 i tacy, kt\u00f3rzy zarzuc\u0105 to Kamilowi&#8230; Tylko czy fakt, \u017ce facet nie kreuje si\u0119 na <i>bad boya<\/i>, tylko cechuje si\u0119 troskliwo\u015bci\u0105 i opieku\u0144czo\u015bci\u0105, musi go skre\u015bli\u0107 z listy idealnych m\u0119\u017cczyzn? Czy w\u0142a\u015bnie nie tego oczekujemy od partnera? <\/p>\n<p><i><b>Wszystkie twoje marzenia<\/b><\/i> sprawi\u0142y, \u017ce na kilka godzin zapomnia\u0142am o otaczaj\u0105cym mnie \u015bwiecie, wraz z bohaterami \u015bmia\u0142am si\u0119, p\u0142aka\u0142am i z determinacj\u0105 pokonywa\u0142am kolejne przeszkody. Rewelacyjne po\u0142\u0105czenie humoru, romantyczno\u015bci oraz realnego \u017cycia, kt\u00f3re cz\u0119sto zawodzi i zabiera wiar\u0119 w ludzi, ale daje r\u00f3wnie\u017c szans\u0119 na spe\u0142nienie marze\u0144. To opowie\u015b\u0107 o mi\u0142o\u015bci, przyja\u017ani, zaufaniu, walce o marzenia, z l\u0119kami i obawami. Historia bawi, wzrusza i u mnie wywo\u0142a\u0142a motylki w brzuchu, jestem ni\u0105 oczarowana, zachwycona \u2013 Agata Czykierda-Grabowska ponownie mnie urzek\u0142a i my\u015bl\u0119, \u017ce to nie by\u0142 ostatni raz.<\/p>\n<p><b>Gwarantuj\u0119, \u017ce pokochasz t\u0119 histori\u0119 r\u00f3wnie mocno, jak ja.<\/b> Jej nie da si\u0119 nie kocha\u0107, absorbuje i utrzymuje w swoich szponach do ostatniej kropki. <\/p>\n<p><i><b>Koniec nie pyta o&nbsp;to, czy si\u0119 w&nbsp;niego wierzy. On po prostu si\u0119 pojawia i&nbsp;ju\u017c nic nigdy nie jest takie samo.<\/b><\/i> [s. 361]<\/p>\n<p><b>Autor:<\/b> Agata Czykierda &#8211; Grabowska<br \/><b>Tytu\u0142: <\/b>Wszystkie twoje marzenia<br \/><b>Wydawnictwo:<\/b> OMGBooks<br \/><b>Data wydania: 2017-05-10<\/b><br \/><b>Kategoria:<\/b> New Adlut<br \/><b>ISBN:<\/b> 9788324038176 <br \/><b>Liczba stron:<\/b> 384<br \/><b>Ocena:<\/b> 10\/10<\/div>\n","protected":false},"excerpt":{"rendered":"<p>&nbsp; Ich losy zacz\u0119\u0142y si\u0119 \u0142\u0105czy\u0107 w&nbsp;niewidzialny splot, kt\u00f3ry powsta\u0142 z&nbsp;samotno\u015bci i&nbsp;pragnie\u0144 silniejszych ni\u017c najwi\u0119kszy strach. Silniejszych ni\u017c los i&nbsp;jego niesprawiedliwe koleje. [s. 159] Marzysz? Na pewno tak. Ka\u017cdy z nas o czym\u015b marzy i chce, by to si\u0119 spe\u0142ni\u0142o. Chcemy rzeczy ma\u0142ych i du\u017cych, czego\u015b powa\u017cnego, a czasem po prostu pragniemy rzeczy prostych, przynosz\u0105cych [&hellip;]<\/p>\n","protected":false},"author":2,"featured_media":0,"comment_status":"open","ping_status":"open","sticky":false,"template":"","format":"standard","meta":[],"categories":[1],"tags":[68,69,14,79,67,16,17,76],"jetpack_featured_media_url":"","_links":{"self":[{"href":"https:\/\/zapatrzonawksiazki.pl\/index.php\/wp-json\/wp\/v2\/posts\/95"}],"collection":[{"href":"https:\/\/zapatrzonawksiazki.pl\/index.php\/wp-json\/wp\/v2\/posts"}],"about":[{"href":"https:\/\/zapatrzonawksiazki.pl\/index.php\/wp-json\/wp\/v2\/types\/post"}],"author":[{"embeddable":true,"href":"https:\/\/zapatrzonawksiazki.pl\/index.php\/wp-json\/wp\/v2\/users\/2"}],"replies":[{"embeddable":true,"href":"https:\/\/zapatrzonawksiazki.pl\/index.php\/wp-json\/wp\/v2\/comments?post=95"}],"version-history":[{"count":1,"href":"https:\/\/zapatrzonawksiazki.pl\/index.php\/wp-json\/wp\/v2\/posts\/95\/revisions"}],"predecessor-version":[{"id":1596,"href":"https:\/\/zapatrzonawksiazki.pl\/index.php\/wp-json\/wp\/v2\/posts\/95\/revisions\/1596"}],"wp:attachment":[{"href":"https:\/\/zapatrzonawksiazki.pl\/index.php\/wp-json\/wp\/v2\/media?parent=95"}],"wp:term":[{"taxonomy":"category","embeddable":true,"href":"https:\/\/zapatrzonawksiazki.pl\/index.php\/wp-json\/wp\/v2\/categories?post=95"},{"taxonomy":"post_tag","embeddable":true,"href":"https:\/\/zapatrzonawksiazki.pl\/index.php\/wp-json\/wp\/v2\/tags?post=95"}],"curies":[{"name":"wp","href":"https:\/\/api.w.org\/{rel}","templated":true}]}}