{"id":9423,"date":"2024-11-16T13:31:00","date_gmt":"2024-11-16T12:31:00","guid":{"rendered":"https:\/\/zapatrzonawksiazki.pl\/?p=9423"},"modified":"2026-09-01T13:44:31","modified_gmt":"2026-09-01T11:44:31","slug":"mikolaj-do-wynajecia-agnieszka-olejnik","status":"publish","type":"post","link":"https:\/\/zapatrzonawksiazki.pl\/index.php\/2024\/11\/16\/mikolaj-do-wynajecia-agnieszka-olejnik\/","title":{"rendered":"Miko\u0142aj do wynaj\u0119cia Agnieszka Olejnik [ChristmasBooks]"},"content":{"rendered":"<blockquote>\n<p style=\"text-align: justify;\">Z praw\u00addzi\u00adw\u0105 bied\u0105 pro\u00adblem jest taki, \u017ce nie rzuca si\u0119 w oczy, a zresz\u00adt\u0105 je\u015bli kto\u015b w og\u00f3le j\u0105 za\u00aduwa\u00ad\u017cy, to zaraz potem naj\u00adcz\u0119\u00ad\u015bciej po pro\u00adstu od\u00adwra\u00adca wzrok.*<\/p>\n<\/blockquote>\n<p style=\"text-align: justify;\"><img decoding=\"async\" loading=\"lazy\" class=\"size-medium wp-image-9421 alignleft\" src=\"http:\/\/zapatrzonawksiazki.pl\/wp-content\/uploads\/2026\/09\/mikolaj-do-wynajecia-199x300.jpg\" alt=\"Miko\u0142aj do wynaj\u0119cia\" width=\"199\" height=\"300\" srcset=\"https:\/\/zapatrzonawksiazki.pl\/wp-content\/uploads\/2026\/09\/mikolaj-do-wynajecia-199x300.jpg 199w, https:\/\/zapatrzonawksiazki.pl\/wp-content\/uploads\/2026\/09\/mikolaj-do-wynajecia.jpg 500w\" sizes=\"(max-width: 199px) 100vw, 199px\" \/>Co sprawia, \u017ce jeste\u015bmy warto\u015bciowymi lud\u017ami? Du\u017cy stan konta, wygl\u0105d, pi\u0119kna wymowa? Czy mo\u017ce to, jacy jeste\u015bmy, jak post\u0119pujemy i patrzymy na \u015bwiat? Co bardziej si\u0119 liczy &#8211; pi\u0119kna otoczka czy mo\u017ce dobre serce, nawet je\u015bli wizualnie nie robi wra\u017cenia? Niestety nadal potrafimy ocenia\u0107 przez pryzmat tego, co widzimy i nie zastanawiamy si\u0119 nad tym, czemu kto\u015b \u017cyje tak, a nie inaczej. Nie my\u015blimy o tym, co przechodzi, z czym si\u0119 zmaga i mo\u017ce ma w \u017cyciu inne priorytety.<\/p>\n<h3 style=\"text-align: justify;\">Zarys fabu\u0142y<\/h3>\n<p style=\"text-align: justify;\">W rodzinie Bralik\u00f3w, jak w setkach innych dom\u00f3w, czas przed\u015bwi\u0105teczny, to okres wyczekiwania, ale te\u017c nerwowy. Przecie\u017c trzeba wszystko ogarn\u0105\u0107, a co gorsza samemu, bo reszta rodziny nie pomo\u017ce, a je\u015bli ju\u017c, to nie tak, jak powinni i musimy po nich poprawia\u0107. Umycie okien, wszelkiego szk\u0142a, pod\u0142\u00f3g, ulepi\u0107 g\u00f3r\u0119 uszek, zrobi\u0107 sa\u0142atk\u0119 dla ca\u0142ej rodziny i tony innego jedzenia, by w ko\u0144cu odpocz\u0105\u0107 przez te dwa dni. Tym razem jednak ma by\u0107 inaczej chocia\u017c g\u0142owy rodziny jeszcze o tym nie wiedz\u0105. Ich dzieci wraz z w\u0142asnymi rodzinami z okazji czterdziestolecia ma\u0142\u017ce\u0144skiego zabieraj\u0105 ich na \u015bwi\u0119ta i sylwestra w g\u00f3ry. Wszyscy maj\u0105 z kim\u015b by\u0107, co przera\u017ca El\u017cbiet\u0119, bo nadal nie pozbiera\u0142a si\u0119 po rozstaniu z ch\u0142opakiem, kt\u00f3ry jest bratem jej szwagra i te\u017c b\u0119dzie. A co gorsza z osob\u0105 towarzysz\u0105c\u0105. Z pomoc\u0105 przychodz\u0105 jej przyjaci\u00f3\u0142ki i znajduj\u0105 jej m\u0119\u017cczyzn\u0119 do wynaj\u0119cia, kt\u00f3ry ma udawa\u0107 jej ch\u0142opaka. Niestety Miko\u0142aj nie do ko\u0144ca pasuje do jej wyobra\u017ce\u0144, ale ostatecznie korzysta z jego us\u0142ug.<\/p>\n<p style=\"text-align: justify;\">Ksi\u0105\u017cki Agnieszki Olejnik to dla mnie zawsze gwarancja dobrze sp\u0119dzonego czasu, zw\u0142aszcza gdy mowa o zimowych pozycjach. Dlatego te\u017c, gdy tylko <em>Miko\u0142aj do wynaj\u0119cia<\/em> pojawi\u0142 si\u0119 w zapowiedziach, wiedzia\u0142am, \u017ce b\u0119d\u0119 chcia\u0142a go przeczyta\u0107. Tym razem dostajemy komedi\u0119 romantyczn\u0105 i faktycznie &#8211; jest du\u017co \u015bmiechu, ale te\u017c przypomina, co tak naprawd\u0119 powinno si\u0119 liczy\u0107 w \u017cyciu.<\/p>\n<h3 style=\"text-align: justify;\">Moje wra\u017cenia<\/h3>\n<p style=\"text-align: justify;\"><em>Miko\u0142aj do wynaj\u0119cia<\/em> to opowie\u015b\u0107, kt\u00f3ra jest napisana j\u0119zykiem niezwykle lekkim i przyjemnym w odbiorze. Powie\u015b\u0107 bawi, wzrusza, ale te\u017c zmusza do refleksji. Pod p\u0142aszczykiem scen pe\u0142nych humoru, zabawnych dialog\u00f3w i przedstawiania przygotowa\u0144 do \u015bwi\u0105t z przymru\u017ceniem oka jest du\u017co powagi oraz \u017cyciowych temat\u00f3w. Autorka przypomina, by czasami pozwoli\u0107 sobie na odpuszczenie, by rozmawia\u0107, nie ocenia\u0107 po pozorach i dawa\u0107 szans\u0119. To te\u017c pokazanie, jak krytyczni potrafimy by\u0107 czasami wobec innych i zbyt szybko oceniamy. R\u00f3wnie mocno negatywnie potrafimy patrze\u0107 na samych siebie i dostrzega\u0107 wady, zapominaj\u0105c przy tym, jak wiele mamy. To opowie\u015b\u0107 pe\u0142na uczu\u0107, w kt\u00f3rej nie brak zwrot\u00f3w akcji, ale przede wszystkim emocji. \u015amiechu, \u0142ez, smutku, nadziei i z\u0142o\u015bci. No i mi\u0142o\u015bci, w r\u00f3\u017cnych jej ods\u0142onach.<\/p>\n<h3 style=\"text-align: justify;\">S\u0142\u00f3w kilka o bohaterach<\/h3>\n<p style=\"text-align: justify;\">Musz\u0119 przyzna\u0107, \u017ce jestem pod wra\u017ceniem, je\u015bli chodzi o charakterystyk\u0119 postaci. Szczeg\u00f3lnie Eli oraz Miko\u0142aja. Ona przechodzi ogromn\u0105 przemian\u0119 i dostrzega, jak szybko potrafi\u0142a pochopnie ocenia\u0107, nie dostrzega\u0107, \u017ce nie ka\u017cdy mo\u017ce mie\u0107 tak dobrze, jak ona. Podoba\u0142o mi si\u0119, \u017ce powoli dostrzega\u0142a swoje b\u0142\u0119dy i si\u0119 na nich uczy\u0142a. Na jej przyk\u0142adzie wida\u0107, \u017ce zamiast wydawa\u0107 osady i krytykowa\u0107, lepiej spr\u00f3bowa\u0107 zrozumie\u0107 oraz chwali\u0107. On to m\u0119\u017cczyzna prosty, masywny, wystawiaj\u0105cy si\u0119 cz\u0119sto jakby dresiarz. Jednak pod p\u0142aszczykiem pewnego siebie kolesia skrywa ogromne serce. Jest zwyczajnie dobry, wyrozumia\u0142y, docenia ludzi takimi, jacy s\u0105. Liczy si\u0119 dla niego rodzina i dobro innych, jest szczery i jedynie czego pragnie, to zauwa\u017cenia go i zaakceptowania takim, jakim jest.<\/p>\n<h3 style=\"text-align: justify;\">Na zako\u0144czenie<\/h3>\n<p style=\"text-align: justify;\">By\u0142am pewna, \u017ce ksi\u0105\u017cka mi si\u0119 spodoba, ale nie podejrzewa\u0142am, \u017ce poch\u0142on\u0119 j\u0105 na raz i b\u0119d\u0119 si\u0119 przy tym tak dobrze bawi\u0107. Bo <em>Miko\u0142aj do wynaj\u0119cia<\/em> to komedia romantyczna, kt\u00f3rej niczego nie brakuje. S\u0105 zawirowania, wpadki, mi\u0142osne rozterki, a tak\u017ce odkrywanie siebie i innych. Okraszone spor\u0105 dawk\u0105 humoru i to podanego ze smakiem. Scena z ciasteczkami chyba na zawsze pozostanie mi w pami\u0119ci. Jednak Agnieszka Olejnik nie by\u0142aby sob\u0105, gdyby w to wszystko nie wplot\u0142a przekazu, o kt\u00f3rym czasami zapominamy. A tak\u017ce o tym, \u017ce inni mog\u0105 mie\u0107 gorzej w \u017cyciu i ich priorytety mog\u0105 by\u0107 inne, a kto\u015b mniej wyedukowany, czy wystawiaj\u0105cy si\u0119 mniej wyszukanie nie jest w niczym gorszy. \u015amia\u0142am si\u0119, wkurza\u0142am, przewraca\u0142am oczami i nie raz z zadum\u0105 \u015bledzi\u0142am tre\u015b\u0107, bo zgadza\u0142am si\u0119 z tym, co skrywa\u0142 w sobie tekst. I po cichu si\u0119 wam przyznam, \u017ce zdarzy\u0142o mi si\u0119 nawet uroni\u0107 \u0142z\u0119 &#8211; no mo\u017ce wi\u0119cej ni\u017c jedn\u0105.<\/p>\n<p style=\"text-align: justify;\">Polecam z czystym sumieniem. <em>Miko\u0142aj do wynaj\u0119cia<\/em> to opowie\u015b\u0107 ciep\u0142a i otulaj\u0105ca. Wywo\u0142uje u\u015bmiech na twarzy, sk\u0142ania do refleksji, wzrusza i przypomina, co tak naprawd\u0119 si\u0119 liczy i czego potrzebuje ka\u017cdy z nas. Ciep\u0142o i blisko\u015b\u0107 &#8211; tylko tyle i a\u017c tyle. Czytajcie.<\/p>\n<p style=\"text-align: justify;\"><strong>Audiobook (czyta):<\/strong> Monika Chrzanowska<br \/>\n<strong>Autor:<\/strong> Agnieszka Olejnik<br \/>\n<strong>Tytu\u0142:<\/strong> Miko\u0142aj do wynaj\u0119cia<br \/>\n<strong>Wydawnictwo:<\/strong> Filia<br \/>\n<strong>Wydanie:<\/strong> I<br \/>\n<strong>Data wydania:<\/strong> 2024-10-09<br \/>\n<strong>Kategoria:<\/strong> komedia romantyczna<br \/>\n<strong>ISBN:<\/strong> 9788383577487<br \/>\n<strong>Liczba stron:<\/strong> 416<br \/>\n<img decoding=\"async\" loading=\"lazy\" class=\"aligncenter wp-image-5880 size-large\" src=\"http:\/\/zapatrzonawksiazki.pl\/wp-content\/uploads\/2021\/05\/ocena-Zapatrzona-8-1024x195.png\" alt=\"\" width=\"1024\" height=\"195\" srcset=\"https:\/\/zapatrzonawksiazki.pl\/wp-content\/uploads\/2021\/05\/ocena-Zapatrzona-8-1024x195.png 1024w, https:\/\/zapatrzonawksiazki.pl\/wp-content\/uploads\/2021\/05\/ocena-Zapatrzona-8-300x57.png 300w, https:\/\/zapatrzonawksiazki.pl\/wp-content\/uploads\/2021\/05\/ocena-Zapatrzona-8-768x146.png 768w\" sizes=\"(max-width: 1024px) 100vw, 1024px\" \/><\/p>\n","protected":false},"excerpt":{"rendered":"<p>Z praw\u00addzi\u00adw\u0105 bied\u0105 pro\u00adblem jest taki, \u017ce nie rzuca si\u0119 w oczy, a zresz\u00adt\u0105 je\u015bli kto\u015b w og\u00f3le j\u0105 za\u00aduwa\u00ad\u017cy, to zaraz potem naj\u00adcz\u0119\u00ad\u015bciej po pro\u00adstu od\u00adwra\u00adca wzrok.* Co sprawia, \u017ce jeste\u015bmy warto\u015bciowymi lud\u017ami? Du\u017cy stan konta, wygl\u0105d, pi\u0119kna wymowa? Czy mo\u017ce to, jacy jeste\u015bmy, jak post\u0119pujemy i patrzymy na \u015bwiat? Co bardziej si\u0119 liczy [&hellip;]<\/p>\n","protected":false},"author":2,"featured_media":9422,"comment_status":"open","ping_status":"open","sticky":false,"template":"","format":"standard","meta":[],"categories":[5,2179,4],"tags":[20,1540,72,97,17],"jetpack_featured_media_url":"https:\/\/zapatrzonawksiazki.pl\/wp-content\/uploads\/2026\/09\/mikolaj-do-wynajecia-zapatrzonawksiazki-pl.jpg","_links":{"self":[{"href":"https:\/\/zapatrzonawksiazki.pl\/index.php\/wp-json\/wp\/v2\/posts\/9423"}],"collection":[{"href":"https:\/\/zapatrzonawksiazki.pl\/index.php\/wp-json\/wp\/v2\/posts"}],"about":[{"href":"https:\/\/zapatrzonawksiazki.pl\/index.php\/wp-json\/wp\/v2\/types\/post"}],"author":[{"embeddable":true,"href":"https:\/\/zapatrzonawksiazki.pl\/index.php\/wp-json\/wp\/v2\/users\/2"}],"replies":[{"embeddable":true,"href":"https:\/\/zapatrzonawksiazki.pl\/index.php\/wp-json\/wp\/v2\/comments?post=9423"}],"version-history":[{"count":1,"href":"https:\/\/zapatrzonawksiazki.pl\/index.php\/wp-json\/wp\/v2\/posts\/9423\/revisions"}],"predecessor-version":[{"id":9424,"href":"https:\/\/zapatrzonawksiazki.pl\/index.php\/wp-json\/wp\/v2\/posts\/9423\/revisions\/9424"}],"wp:featuredmedia":[{"embeddable":true,"href":"https:\/\/zapatrzonawksiazki.pl\/index.php\/wp-json\/wp\/v2\/media\/9422"}],"wp:attachment":[{"href":"https:\/\/zapatrzonawksiazki.pl\/index.php\/wp-json\/wp\/v2\/media?parent=9423"}],"wp:term":[{"taxonomy":"category","embeddable":true,"href":"https:\/\/zapatrzonawksiazki.pl\/index.php\/wp-json\/wp\/v2\/categories?post=9423"},{"taxonomy":"post_tag","embeddable":true,"href":"https:\/\/zapatrzonawksiazki.pl\/index.php\/wp-json\/wp\/v2\/tags?post=9423"}],"curies":[{"name":"wp","href":"https:\/\/api.w.org\/{rel}","templated":true}]}}