{"id":9418,"date":"2024-11-14T13:12:29","date_gmt":"2024-11-14T12:12:29","guid":{"rendered":"https:\/\/zapatrzonawksiazki.pl\/?p=9418"},"modified":"2026-09-01T13:28:41","modified_gmt":"2026-09-01T11:28:41","slug":"zima-w-zapomnianym-schronisku-julia-furmaniak","status":"publish","type":"post","link":"https:\/\/zapatrzonawksiazki.pl\/index.php\/2024\/11\/14\/zima-w-zapomnianym-schronisku-julia-furmaniak\/","title":{"rendered":"Zima w zapomnianym schronisku Julia Furmaniak [ChristmasBooks]"},"content":{"rendered":"<blockquote>\n<p style=\"text-align: justify;\">Nigdy nie wierzy\u0142a w takie brednie jak los zapisany w gwiazdach, a teraz w jej g\u0142owie zacz\u0119\u0142a kie\u0142kowa\u0107 my\u015bl, \u017ce pobyt w tym opuszczonym schronisku nie by\u0142 kwesti\u0105 przypadku. \u017be w tej chwili nie mia\u0142a si\u0119 znale\u017a\u0107 w \u017cadnym innym miejscu, tylko tu\u2026 W ma\u0142ej drewnianej chatce, kt\u00f3rej nie by\u0142o na mapie szlak\u00f3w.*<\/p>\n<\/blockquote>\n<p style=\"text-align: justify;\"><img decoding=\"async\" loading=\"lazy\" class=\"size-medium wp-image-9416 alignleft\" src=\"http:\/\/zapatrzonawksiazki.pl\/wp-content\/uploads\/2026\/09\/zima-w-zapomnianym-schronisku-199x300.jpg\" alt=\"Zima w zapomnianym schronisku\" width=\"199\" height=\"300\" srcset=\"https:\/\/zapatrzonawksiazki.pl\/wp-content\/uploads\/2026\/09\/zima-w-zapomnianym-schronisku-199x300.jpg 199w, https:\/\/zapatrzonawksiazki.pl\/wp-content\/uploads\/2026\/09\/zima-w-zapomnianym-schronisku-678x1024.jpg 678w, https:\/\/zapatrzonawksiazki.pl\/wp-content\/uploads\/2026\/09\/zima-w-zapomnianym-schronisku-768x1160.jpg 768w, https:\/\/zapatrzonawksiazki.pl\/wp-content\/uploads\/2026\/09\/zima-w-zapomnianym-schronisku-1017x1536.jpg 1017w, https:\/\/zapatrzonawksiazki.pl\/wp-content\/uploads\/2026\/09\/zima-w-zapomnianym-schronisku-1356x2048.jpg 1356w, https:\/\/zapatrzonawksiazki.pl\/wp-content\/uploads\/2026\/09\/zima-w-zapomnianym-schronisku.jpg 1600w\" sizes=\"(max-width: 199px) 100vw, 199px\" \/>\u015awi\u0119ta to zazwyczaj czas rado\u015bci, cieszymy si\u0119 wsp\u00f3lnie sp\u0119dzonym czasem, nucimy \u015bwi\u0105teczne piosenki i chcemy, by ka\u017cdemu by\u0142o dobrze. Stajemy si\u0119 lepsi i wierzymy, \u017ce b\u0119dzie dobrze. Jednak czasami ta magia jest zbyt s\u0142aba w por\u00f3wnaniu do cierpienia po tym, co si\u0119 straci\u0142o. Zw\u0142aszcza gdy by\u0142 to kto\u015b, kogo kochali\u015bmy ca\u0142ym sercem i nie wyobra\u017cali\u015bmy sobie \u017cycia bez tej osoby. A teraz musimy trwa\u0107 w \u015bwiecie bez tej jednej, najwa\u017cniejszej dla nas istoty. Jak radzi\u0107 sobie z b\u00f3lem i przyt\u0142aczaj\u0105cym poczuciem beznadziei?<\/p>\n<h3 style=\"text-align: justify;\">Zarys fabu\u0142y<\/h3>\n<p style=\"text-align: justify;\">Monice dwa lata temu zawali\u0142 si\u0119 \u015bwiat. To wtedy w trakcie lawiny straci\u0142a ukochanego i nie mo\u017ce do tej pory si\u0119 z tym pogodzi\u0107. W tym roku wraz z jego przyjaci\u00f3\u0142mi wybiera si\u0119 w g\u00f3ry na \u015bwi\u0119ta, by uczci\u0107 pami\u0119\u0107 o nim w jego ukochanym miejscu. Nie wszystko idzie jednak zgodnie z planem i zamiast dotrze\u0107 na miejsce, przez uszkodzon\u0105 kostk\u0119 Moniki s\u0105 zmuszeni zatrzyma\u0107 si\u0119 w zamkni\u0119tym od lat schronisku, w kt\u00f3rym jednak przebywa w\u0142a\u015bciciel. Rafa\u0142 pocz\u0105tkowo nie wydaje si\u0119 zbyt przyjazny, ale pomaga niespodziewanym w\u0119drowcom. Czy magia miejsca i wsp\u00f3lnie sp\u0119dzony czas zmieni co\u015b w \u017cyciu tych bohater\u00f3w?<\/p>\n<p style=\"text-align: justify;\">Zar\u00f3wno opis, jak i ok\u0142adka sk\u0142oni\u0142y mnie do si\u0119gni\u0119cia po ksi\u0105\u017ck\u0119 Juli Furmaniak, lubi\u0119 takie \u017cyciowe historie, w kt\u00f3rych nie brak trudnych temat\u00f3w. A <em>Zima w zapomnianym schronisku<\/em> zdecydowanie takie w sobie zawiera. Tylko czy powie\u015b\u0107 jest warta po\u015bwi\u0119cenia jej czasu?<\/p>\n<h3 style=\"text-align: justify;\">Moje wra\u017cenia<\/h3>\n<p style=\"text-align: justify;\">To moje pierwsze spotkanie z t\u0105 autork\u0105, ale ju\u017c wiem, \u017ce nie ostatnie. <em>Zima w zapomnianym schronisku<\/em> to opowie\u015b\u0107 o stracie oraz \u017ca\u0142obie, a tak\u017ce o niespiesznym i nie\u015bmia\u0142ym budowaniu nowych relacji na tle tragicznych wydarze\u0144. Te ostatnie budz\u0105 w bohaterach sprzeczne emocje, co wida\u0107 i czu\u0107. Zreszt\u0105 nie tylko to, bo Julia Furmaniak potrafi w opisy tego, co tkwi w cz\u0142owieku, z czym si\u0119 mierzy i stara sobie uporz\u0105dkowa\u0107 w g\u0142owie. Nic tutaj nie jest proste, jest przepe\u0142nione smutkiem, \u017calem, wyrzutami sumienia i niewyobra\u017calnym cierpieniem. A jednak w tym wszystkim tkwi te\u017c nadzieja, wiara oraz mi\u0142o\u015b\u0107. Powie\u015bciopisarka snuje histori\u0119 \u017cyciow\u0105, skupiaj\u0105c\u0105 si\u0119 bardziej na uczuciach ni\u017c zwrotach akcji, ale zako\u0144czenie wbija w fotel.<\/p>\n<h3 style=\"text-align: justify;\">S\u0142\u00f3w kilka o bohaterach<\/h3>\n<p style=\"text-align: justify;\">Postaci w tej ksi\u0105\u017cce jest kilku, ale najwa\u017cniejsi (moim zdaniem) s\u0105 Monika, Aleksander oraz Rafa\u0142. I nie b\u00f3jcie si\u0119 &#8211; to nie b\u0119dzie \u017caden tr\u00f3jk\u0105t, \u0142\u0105czy ich tragedia, kt\u00f3ra odebra\u0142a im co\u015b cennego i zmieni\u0142a na zawsze. Monika pr\u00f3buje zacz\u0105\u0107 \u017cy\u0107 na nowo i upora\u0107 si\u0119 z b\u00f3lem oraz t\u0119sknot\u0105. Aleksander ca\u0142y czas obwinia si\u0119, \u017ce nie by\u0142o go wtedy z przyjacielem, a w dodatku teraz musi poradzi\u0107 sobie, z uczuciami, kt\u00f3rych nie potrafi nazwa\u0107 i zaakceptowa\u0107. No i jest Rafa\u0142 &#8211; samotnik, zamkni\u0119ty w sobie, ale niezauwa\u017calnie staj\u0105cy si\u0119 cz\u0119\u015bci\u0105 grupy niespodziewanych go\u015bci. Skrywaj\u0105cy tajemnice i potrzebuj\u0105cy nadziei, jak pozostali.<\/p>\n<h3 style=\"text-align: justify;\">Na zako\u0144czenie<\/h3>\n<p style=\"text-align: justify;\"><em>Zima w zapomnianym schronisku<\/em> to ksi\u0105\u017cka, kt\u00f3ra wci\u0105ga od pierwszych stron i trzyma w napi\u0119ciu do samego ko\u0144ca. Jak ju\u017c wspomina\u0142am, nie chodzi tutaj o zwroty akcji, ale o emocje, dylematy i prze\u017cycia. Ca\u0142o\u015b\u0107 jest niesamowicie realna i przepe\u0142niona prawdziwymi rozterkami. W tle majaczy te\u017c tajemnica, kt\u00f3ra mo\u017ce wszystko zmieni\u0107. I musz\u0119 przyzna\u0107, \u017ce jestem ciekawa, jak to wszystko si\u0119 dalej potoczy, bo z\u017cy\u0142am si\u0119 z bohaterami. Polubi\u0142am ich z tym ca\u0142ym baga\u017cem emocjonalnym, z\u0142ymi oraz dobrymi decyzjami, wadami oraz zaletami. Polubi\u0142am styl pisania autorki, to jak skupia si\u0119 na przedstawieniu bohater\u00f3w, pokazaniu ich, tak by m\u00f3c si\u0119 z nimi z\u017cy\u0107. Jednak na pochwa\u0142\u0119 zas\u0142uguje warstwa uczuciowa, w dialogach oraz opisach czu\u0107 swego rodzaju intymno\u015b\u0107, pozwalaj\u0105c\u0105 zbli\u017cy\u0107 si\u0119 do postaci, ujrze\u0107 wszystko ich oczami. No i opisy &#8211; bez trudu wyobra\u017ca\u0142am sobie schronisko i g\u00f3ry z ca\u0142ym ich pi\u0119knem, ale i niebezpiecze\u0144stwem.<\/p>\n<p style=\"text-align: justify;\"><em>Zima w zapomnianym schronisku<\/em> to pierwszy tom serii, zachwycaj\u0105cy klimatem, trudnymi i \u017cyciowymi tematami oraz przekazem emocjonalnym, kt\u00f3ry trafia prosto do serc. Pe\u0142en emocji, smutku, nadziei oraz rado\u015bci i humoru, kt\u00f3rego dostarczaj\u0105 pies oraz pewna owieczka. Przypomina, \u017ce nigdy nie powinni\u015bmy by\u0107 sami, sk\u0142ania do refleksji i zaskakuje. Polecam i licz\u0119, \u017ce szybko doczekamy si\u0119 kontynuacji.<\/p>\n<p style=\"text-align: justify;\"><strong>Audiobook (czyta):<\/strong> Anna Szyma\u0144czyk<br \/>\n<strong>Autor:<\/strong> Julia Furmaniak<br \/>\n<strong>Tytu\u0142:<\/strong> Zima w zapomnianym schronisku<br \/>\n<strong>Wydawnictwo:<\/strong> Filia<br \/>\n<strong>Wydanie:<\/strong> I<br \/>\n<strong>Data wydania:<\/strong> 2024-10-23<br \/>\n<strong>Kategoria:<\/strong> obyczajowa<br \/>\n<strong>ISBN:<\/strong> 9788383577654<br \/>\n<strong>Liczba stron:<\/strong> 352<br \/>\n<img decoding=\"async\" loading=\"lazy\" class=\"aligncenter wp-image-5880 size-large\" src=\"http:\/\/zapatrzonawksiazki.pl\/wp-content\/uploads\/2021\/05\/ocena-Zapatrzona-8-1024x195.png\" alt=\"\" width=\"1024\" height=\"195\" srcset=\"https:\/\/zapatrzonawksiazki.pl\/wp-content\/uploads\/2021\/05\/ocena-Zapatrzona-8-1024x195.png 1024w, https:\/\/zapatrzonawksiazki.pl\/wp-content\/uploads\/2021\/05\/ocena-Zapatrzona-8-300x57.png 300w, https:\/\/zapatrzonawksiazki.pl\/wp-content\/uploads\/2021\/05\/ocena-Zapatrzona-8-768x146.png 768w\" sizes=\"(max-width: 1024px) 100vw, 1024px\" \/><\/p>\n<p style=\"text-align: center;\">Zapomniane schronisko<br \/>\nZima w zapomnianym schronisku | Wiosna w Zapomnianym Schronisku | Lato w zapomnianym schronisku<\/p>\n","protected":false},"excerpt":{"rendered":"<p>Nigdy nie wierzy\u0142a w takie brednie jak los zapisany w gwiazdach, a teraz w jej g\u0142owie zacz\u0119\u0142a kie\u0142kowa\u0107 my\u015bl, \u017ce pobyt w tym opuszczonym schronisku nie by\u0142 kwesti\u0105 przypadku. \u017be w tej chwili nie mia\u0142a si\u0119 znale\u017a\u0107 w \u017cadnym innym miejscu, tylko tu\u2026 W ma\u0142ej drewnianej chatce, kt\u00f3rej nie by\u0142o na mapie szlak\u00f3w.* \u015awi\u0119ta to [&hellip;]<\/p>\n","protected":false},"author":2,"featured_media":9417,"comment_status":"open","ping_status":"open","sticky":false,"template":"","format":"standard","meta":[],"categories":[5,2179,4],"tags":[20,72,2381,42,17,2380],"jetpack_featured_media_url":"https:\/\/zapatrzonawksiazki.pl\/wp-content\/uploads\/2026\/09\/zima-w-zapomnianym-schronisku-zapatrzonawksiazki-pl.jpg","_links":{"self":[{"href":"https:\/\/zapatrzonawksiazki.pl\/index.php\/wp-json\/wp\/v2\/posts\/9418"}],"collection":[{"href":"https:\/\/zapatrzonawksiazki.pl\/index.php\/wp-json\/wp\/v2\/posts"}],"about":[{"href":"https:\/\/zapatrzonawksiazki.pl\/index.php\/wp-json\/wp\/v2\/types\/post"}],"author":[{"embeddable":true,"href":"https:\/\/zapatrzonawksiazki.pl\/index.php\/wp-json\/wp\/v2\/users\/2"}],"replies":[{"embeddable":true,"href":"https:\/\/zapatrzonawksiazki.pl\/index.php\/wp-json\/wp\/v2\/comments?post=9418"}],"version-history":[{"count":2,"href":"https:\/\/zapatrzonawksiazki.pl\/index.php\/wp-json\/wp\/v2\/posts\/9418\/revisions"}],"predecessor-version":[{"id":9420,"href":"https:\/\/zapatrzonawksiazki.pl\/index.php\/wp-json\/wp\/v2\/posts\/9418\/revisions\/9420"}],"wp:featuredmedia":[{"embeddable":true,"href":"https:\/\/zapatrzonawksiazki.pl\/index.php\/wp-json\/wp\/v2\/media\/9417"}],"wp:attachment":[{"href":"https:\/\/zapatrzonawksiazki.pl\/index.php\/wp-json\/wp\/v2\/media?parent=9418"}],"wp:term":[{"taxonomy":"category","embeddable":true,"href":"https:\/\/zapatrzonawksiazki.pl\/index.php\/wp-json\/wp\/v2\/categories?post=9418"},{"taxonomy":"post_tag","embeddable":true,"href":"https:\/\/zapatrzonawksiazki.pl\/index.php\/wp-json\/wp\/v2\/tags?post=9418"}],"curies":[{"name":"wp","href":"https:\/\/api.w.org\/{rel}","templated":true}]}}