{"id":938,"date":"2012-11-17T13:21:00","date_gmt":"2012-11-17T13:21:00","guid":{"rendered":"http:\/\/zapatrzonawksiazki.pl\/index.php\/2012\/11\/17\/zblizaja-sie-dwa-lata-bloga-czyli\/"},"modified":"2018-10-07T00:33:17","modified_gmt":"2018-10-07T00:33:17","slug":"zblizaja-sie-dwa-lata-bloga-czyli","status":"publish","type":"post","link":"https:\/\/zapatrzonawksiazki.pl\/index.php\/2012\/11\/17\/zblizaja-sie-dwa-lata-bloga-czyli\/","title":{"rendered":"Zbli\u017caj\u0105 si\u0119 dwa lata bloga, czyli Dw\u00f3roczek ;)"},"content":{"rendered":"<div style=\"text-align: center;\">\n<i>Witajcie moi kochani!<\/i><\/div>\n<div style=\"text-align: center;\">\n<i><b>15ego grudnia <\/b>moje dziecie b\u0119dzie mia\u0142o dwa lata. Dwa lata! Nie wiem kiedy i jak to min\u0119\u0142o, ale sta\u0142o si\u0119. Przez ten czas bardzo du\u017co si\u0119 nauczy\u0142am i cho\u0107 wiem, \u017ce jeszcze wiele przede mn\u0105 czuj\u0119, te\u017c \u017ce i tak jest dobrze. Sama po sobie widz\u0119 r\u00f3\u017cnic\u0119. Mo\u017ce nie pisz\u0119 po mistrzowsku, ale patrz\u0105c na wpisy z pocz\u0105tku, a z teraz, to niebo, a ziemia! Pozna\u0142am wielu wspania\u0142ych pisarzy i poszerzy\u0142am swoje horyzonty czytelnicze. Ju\u017c bez obaw si\u0119gam po co\u015b innego. Wiem, \u017ce wszystkiego trzeba spr\u00f3bowa\u0107 i wyrobi\u0107 sobie o tym zdanie. Dzi\u0119ki temu odkry\u0142am, \u017ce jednak lubi\u0119 niekt\u00f3re gatunki literatury, na kt\u00f3re pr\u0119dzej nawet nie zerka\u0142am.&nbsp; Bra\u0142am i nadal bior\u0119 udzia\u0142 w r\u00f3\u017cnych akcjach czy konkursach z r\u00f3\u017cnym co prawda skutkach, ale liczy si\u0119 zabawa i satysfakcja, prawda?<\/i><\/div>\n<div style=\"text-align: center;\">\n<i>Przede wszystkim jednak chcia\u0142am podzi\u0119kowa\u0107 Wam, moi drodzy: za komentarze i aktywno\u015b\u0107 na blogu, za wsparcie w trudnych chwilach, za zabawne chwile i za szczero\u015b\u0107. Molly, Lenie, Katee i Izu\u015b za to, \u017ce ze mn\u0105 wytrzymuj\u0105 i po prostu s\u0105. Bez niekt\u00f3rych z nich nie by\u0142o by mnie tu i ju\u017c zawsze b\u0119d\u0119 im wdzi\u0119czna za pomoc \ud83d\ude09 Dzi\u0119kuj\u0119 r\u00f3wnie\u017c wydawnictwom i autorom, kt\u00f3rzy mnie zauwa\u017cyli i dali szans\u0119. Znosili mnie i dzielnie znosili moje zastrze\u017cenia lub pie\u015bni pochwalne. Potrafi\u0119 by\u0107 czasem upierdliwa&nbsp; sama ze sob\u0105 momentami nie wytrzymuj\u0119 \ud83d\ude00<\/i><\/div>\n<div style=\"text-align: center;\">\n<i>Strasznie oficjalnie mi to wysz\u0142o, nie? \ud83d\ude00 Czuj\u0119, \u017ce co\u015b pomin\u0119\u0142am, ale ni w z\u0105b nie mog\u0119 sobie przypomnie\u0107 o czym. To jest do mnie takie podobne! W ka\u017cdym b\u0105d\u017a razie jestem z siebie dumna. Nie s\u0105dzi\u0142am, \u017ce blog tyle przetrwa. Ba\u0142am si\u0119, \u017ce m\u00f3j zapa\u0142 szybko minie i si\u0119 poddam. A tu prosz\u0119, takie efekty. Ale, ale! Wywody te s\u0105 tak wcze\u015bnie z jednego w\u017cnego powodu! Z powodu tego zacnego \u015bwi\u0119ta postanowi\u0142am zrobi\u0107 konkurs. To pierwsze, tak du\u017ce moje przedsi\u0119wzi\u0119cie, wi\u0119c prosz\u0119 o wyrozumia\u0142o\u015b\u0107 i cierpliwo\u015b\u0107. \ud83d\ude09 Mam nadziej\u0119, \u017ce nie pousypiali\u015bcie po drodze bo w\u0142a\u015bnie chc\u0119 Wam przedstawi\u0107 regulamin i nagrody ufundowane przez wydawnictwa ;D<\/i><\/div>\n<div style=\"text-align: center;\">\n<\/div>\n<div style=\"text-align: center;\">\n<\/div>\n<div style=\"text-align: center;\">\n<i><b>Dw\u00f3roczek czas zacz\u0105\u0107!<\/b><\/i><\/div>\n<div style=\"text-align: center;\">\n<\/div>\n<div style=\"text-align: left;\">\n<\/div>\n<div style=\"text-align: left;\">\n<\/div>\n<div class=\"MsoNormal\">\nRegulamin:<\/div>\n<ol start=\"1\" style=\"margin-top: 0cm;\" type=\"1\">\n<li class=\"MsoNormal\" style=\"mso-list: l0 level1 lfo1; tab-stops: list 36.0pt;\">Organizatorem<br \/>\n     konkursu jest autorka bloga &#8220;Zapatrzona w ksi\u0105\u017cki&#8221;.<\/li>\n<li class=\"MsoNormal\" style=\"mso-list: l0 level1 lfo1; tab-stops: list 36.0pt;\">Konkurs<br \/>\n     trwa <b>od 17.11.2012 r. do 10.01.2013<br \/>\n     r.<\/b> (do godziny 23.59).<\/li>\n<li class=\"MsoNormal\" style=\"mso-list: l0 level1 lfo1; tab-stops: list 36.0pt;\">Wyniki<br \/>\n     zostan\u0105 og\u0142oszone na blogu do dziesi\u0119ciu dni roboczych od zako\u0144czenia<br \/>\n     konkursu.<\/li>\n<li class=\"MsoNormal\" style=\"mso-list: l0 level1 lfo1; tab-stops: list 36.0pt;\">Zwyci\u0119zca<br \/>\n     jest zobowi\u0105zany wys\u0142a\u0107 maila z danymi adresowymi na adres <a href=\"mailto:konkursyb@o2.pl\">konkursyb@o2.pl<\/a> w ci\u0105gu trzech dni od<br \/>\n     momentu og\u0142oszenia wynik\u00f3w. Po tym terminie nast\u0105pi wyb\u00f3r nowego<br \/>\n     zwyci\u0119zcy.<\/li>\n<li class=\"MsoNormal\" style=\"mso-list: l0 level1 lfo1; tab-stops: list 36.0pt;\">Sponsorem<br \/>\n     nagr\u00f3d s\u0105: <b>Wydawnictwo Nasza<br \/>\n     Ksi\u0119garnia, Wydawnictwo Innowacyjne Novae Res, Wydawnictwo Galeria<br \/>\n     Ksi\u0105\u017cki, Wydawnictwo \u015awiat Ksi\u0105\u017cki<\/b><\/li>\n<li class=\"MsoNormal\" style=\"mso-list: l0 level1 lfo1; tab-stops: list 36.0pt;\">Aby<br \/>\n     wzi\u0105\u0107 udzia\u0142 w konkursie nale\u017cy pod tym postem pozostawi\u0107 komentarz, kt\u00f3ry<br \/>\n     b\u0119dzie zawiera\u0142 Wasz nick i adres mailowy, z kt\u00f3rego b\u0119dziecie przesy\u0142a\u0107<br \/>\n     prace konkursowe.<\/li>\n<li class=\"MsoNormal\" style=\"mso-list: l0 level1 lfo1; tab-stops: list 36.0pt;\"><b>Ka\u017cdy uczestnik konkursu jest<br \/>\n     zobowi\u0105zany do napisania opowiadania z przewodnim tematem \u015awi\u0105t Bo\u017cego<br \/>\n     Narodzenia<\/b><\/li>\n<li class=\"MsoNormal\" style=\"mso-list: l0 level1 lfo1; tab-stops: list 36.0pt;\">Prace<br \/>\n     konkursowe nale\u017cy przesy\u0142a\u0107 na adres: <a href=\"http:\/\/www.blogger.com\/konkursyb@o2.pl%20\">konkursyb@o2.pl<\/a><br \/>\n     w tytule wpisuj\u0105c has\u0142o: \u201eDw\u00f3roczek&#8221;.<\/li>\n<li class=\"MsoNormal\" style=\"mso-list: l0 level1 lfo1; tab-stops: list 36.0pt;\">W<br \/>\n     konkursie mog\u0105 wzi\u0105\u0107 udzia\u0142 jedynie osoby posiadaj\u0105ce adres<br \/>\n     korespondencyjny w Polsce. <\/li>\n<li class=\"MsoNormal\" style=\"mso-list: l0 level1 lfo1; tab-stops: list 36.0pt;\">Do<br \/>\n     dobycia s\u0105 trzy zestawy ksi\u0105\u017cek, kt\u00f3rych fundatorami s\u0105 wymienione wy\u017cej<br \/>\n     wydawnictwa, a warto\u015b\u0107 nagr\u00f3d jest r\u00f3wnoznaczna z kwot\u0105 znajduj\u0105c\u0105 si\u0119 na<br \/>\n     ich ok\u0142adkach. <\/li>\n<li class=\"MsoNormal\" style=\"mso-list: l0 level1 lfo1; tab-stops: list 36.0pt;\">Zwyci\u0119zcami<br \/>\n     konkursu zostan\u0105 osoby, kt\u00f3rych wypowiedzi najbardziej przypadn\u0105 do gustu<br \/>\n     jury, w sk\u0142ad kt\u00f3rego wchodz\u0105: autorka bloga &#8220;Zapatrzona w ksi\u0105\u017cki&#8221;,<br \/>\n     a tak\u017ce dwie wybrane przez ni\u0105 osoby. Decyzja o og\u0142oszeniu zwyci\u0119zcy jest<br \/>\n     ca\u0142kowicie subiektywna. <\/li>\n<li class=\"MsoNormal\" style=\"mso-list: l0 level1 lfo1; tab-stops: list 36.0pt;\">Prawo<br \/>\n     do sk\u0142adania reklamacji w zakresie niezgodno\u015bci przeprowadzenia konkursu z<br \/>\n     Regulaminem, s\u0142u\u017cy ka\u017cdemu uczestnikowi w ci\u0105gu trzech dni od daty<br \/>\n     wy\u0142onienia jego laureat\u00f3w. Nale\u017cy je zg\u0142asza\u0107 w formie e-maila na adres: <a href=\"http:\/\/www.blogger.com\/konkursyb@o2.pl\">konkursyb@o2.pl<\/a><\/li>\n<li class=\"MsoNormal\" style=\"mso-list: l0 level1 lfo1; tab-stops: list 36.0pt;\">Zestawy<br \/>\n     ksi\u0105\u017cek b\u0119d\u0105 przedstawione w trakcie trwania konkursu.<\/li>\n<\/ol>\n<div class=\"MsoNormal\">\n<\/div>\n<div class=\"MsoNormal\">\nDo tej pory w puli nagr\u00f3d znalaz\u0142y si\u0119:<\/div>\n<div class=\"MsoNormal\">\n&#8211; \u201eCyrk nocy\u201d Erin Morgenstern<\/div>\n<div class=\"MsoNormal\">\n&#8211; \u201eNowy pocz\u0105tek\u201d Jill Burnett<\/div>\n<div class=\"MsoNormal\">\n&#8211; \u201eNie licz\u0105c kota, czyli kolejna historia mi\u0142osna\u201d Kasia<br \/>\nBulicz-Kasprzak (z autografem)<\/div>\n<div class=\"MsoNormal\">\n&#8211; \u201eDziedzictwo mroku\u201d Bree Despain<\/div>\n<div class=\"MsoNormal\">\n&#8211; \u201eCi\u0119\u017cki kawa\u0142ek nieba\u201d Wojciech Raginia<br \/>\n&#8211; \u201eMi\u0119dzy niebem, a piek\u0142em\u201d Grzegorz Polaczek<br \/>\n&#8211; \u201eNie\u015blubne monid\u0142a\u201d Jan Kila\u0144ski<br \/>\n&#8211;&nbsp; \u201eCa\u0142a nowa ja&#8221; Shari Low (sponsorowana prze zemnie)<\/p>\n<\/div>\n<div class=\"MsoNormal\">\n<\/div>\n<div class=\"MsoNormal\" style=\"text-align: center;\">\n<i>Banerek prezentuje si\u0119 tak, przepraszam za jako\u015b\u0107, ale program do przer\u00f3bki ze mn\u0105 nie wsp\u00f3\u0142pracuje co\u015b dzi\u015b&#8230;<\/i><\/div>\n<div class=\"separator\" style=\"clear: both; text-align: center;\">\n<a href=\"http:\/\/1.bp.blogspot.com\/-XzuF-sljAKA\/UKeMtienaVI\/AAAAAAAAETQ\/T8vXkdC4jG8\/s1600\/3460401c2.jpg\" imageanchor=\"1\" style=\"margin-left: 1em; margin-right: 1em;\"><img decoding=\"async\" loading=\"lazy\" border=\"0\" height=\"239\" src=\"http:\/\/1.bp.blogspot.com\/-XzuF-sljAKA\/UKeMtienaVI\/AAAAAAAAETQ\/T8vXkdC4jG8\/s320\/3460401c2.jpg\" width=\"320\" \/><\/a><\/div>\n<div class=\"MsoNormal\" style=\"text-align: center;\">\n<\/div>\n<p><\/p>\n<div style=\"text-align: left;\">\n<\/div>\n<div class=\"MsoNormal\" style=\"text-align: center;\">\n<\/div>\n<div class=\"MsoNormal\" style=\"text-align: center;\">\n<i><b>Mam nadziej\u0119, \u017ce wszystko jasne. W razie niejasno\u015bci pytajcie. Ze swojej strony do ko\u0144ca nast\u0119pnego tygodnia postaram si\u0119 wszystko pozamyka\u0107 na ostatni guzik \ud83d\ude09<\/b><\/i><\/div>\n<div class=\"MsoNormal\" style=\"text-align: center;\">\n<\/div>\n<div class=\"MsoNormal\" style=\"text-align: center;\">\n<i>Pozostaje mi \u017cyczy\u0107 POWODZENIA I DOBREJ ZABAWY<b> <\/b>\ud83d\ude09&nbsp;<\/i> <\/div>\n<p><i><b><\/p>\n<p>&nbsp;<\/b> <\/i><\/p>\n","protected":false},"excerpt":{"rendered":"<p>Witajcie moi kochani! 15ego grudnia moje dziecie b\u0119dzie mia\u0142o dwa lata. Dwa lata! Nie wiem kiedy i jak to min\u0119\u0142o, ale sta\u0142o si\u0119. Przez ten czas bardzo du\u017co si\u0119 nauczy\u0142am i cho\u0107 wiem, \u017ce jeszcze wiele przede mn\u0105 czuj\u0119, te\u017c \u017ce i tak jest dobrze. Sama po sobie widz\u0119 r\u00f3\u017cnic\u0119. Mo\u017ce nie pisz\u0119 po mistrzowsku, [&hellip;]<\/p>\n","protected":false},"author":2,"featured_media":0,"comment_status":"open","ping_status":"open","sticky":false,"template":"","format":"standard","meta":[],"categories":[1],"tags":[10],"jetpack_featured_media_url":"","_links":{"self":[{"href":"https:\/\/zapatrzonawksiazki.pl\/index.php\/wp-json\/wp\/v2\/posts\/938"}],"collection":[{"href":"https:\/\/zapatrzonawksiazki.pl\/index.php\/wp-json\/wp\/v2\/posts"}],"about":[{"href":"https:\/\/zapatrzonawksiazki.pl\/index.php\/wp-json\/wp\/v2\/types\/post"}],"author":[{"embeddable":true,"href":"https:\/\/zapatrzonawksiazki.pl\/index.php\/wp-json\/wp\/v2\/users\/2"}],"replies":[{"embeddable":true,"href":"https:\/\/zapatrzonawksiazki.pl\/index.php\/wp-json\/wp\/v2\/comments?post=938"}],"version-history":[{"count":1,"href":"https:\/\/zapatrzonawksiazki.pl\/index.php\/wp-json\/wp\/v2\/posts\/938\/revisions"}],"predecessor-version":[{"id":2439,"href":"https:\/\/zapatrzonawksiazki.pl\/index.php\/wp-json\/wp\/v2\/posts\/938\/revisions\/2439"}],"wp:attachment":[{"href":"https:\/\/zapatrzonawksiazki.pl\/index.php\/wp-json\/wp\/v2\/media?parent=938"}],"wp:term":[{"taxonomy":"category","embeddable":true,"href":"https:\/\/zapatrzonawksiazki.pl\/index.php\/wp-json\/wp\/v2\/categories?post=938"},{"taxonomy":"post_tag","embeddable":true,"href":"https:\/\/zapatrzonawksiazki.pl\/index.php\/wp-json\/wp\/v2\/tags?post=938"}],"curies":[{"name":"wp","href":"https:\/\/api.w.org\/{rel}","templated":true}]}}