{"id":9269,"date":"2025-08-28T01:49:28","date_gmt":"2025-08-27T23:49:28","guid":{"rendered":"https:\/\/zapatrzonawksiazki.pl\/?p=9269"},"modified":"2025-09-14T01:57:36","modified_gmt":"2025-09-13T23:57:36","slug":"wiatr-z-polnocy-miriam-georg","status":"publish","type":"post","link":"https:\/\/zapatrzonawksiazki.pl\/index.php\/2025\/08\/28\/wiatr-z-polnocy-miriam-georg\/","title":{"rendered":"Wiatr z p\u00f3\u0142nocy Miriam Georg"},"content":{"rendered":"<blockquote>\n<p style=\"text-align: justify;\">Nie trzeba krzycze\u0107, \u017ceby by\u0107 siln\u0105. Czasem wystarczy przesta\u0107 si\u0119 ba\u0107.*<\/p>\n<\/blockquote>\n<p style=\"text-align: justify;\"><img decoding=\"async\" loading=\"lazy\" class=\"size-medium wp-image-9267 alignleft\" src=\"http:\/\/zapatrzonawksiazki.pl\/wp-content\/uploads\/2025\/09\/wiatr-z-polnocy-198x300.jpg\" alt=\"Wiatr z p\u00f3\u0142nocy\" width=\"198\" height=\"300\" srcset=\"https:\/\/zapatrzonawksiazki.pl\/wp-content\/uploads\/2025\/09\/wiatr-z-polnocy-198x300.jpg 198w, https:\/\/zapatrzonawksiazki.pl\/wp-content\/uploads\/2025\/09\/wiatr-z-polnocy-674x1024.jpg 674w, https:\/\/zapatrzonawksiazki.pl\/wp-content\/uploads\/2025\/09\/wiatr-z-polnocy-768x1166.jpg 768w, https:\/\/zapatrzonawksiazki.pl\/wp-content\/uploads\/2025\/09\/wiatr-z-polnocy-1011x1536.jpg 1011w, https:\/\/zapatrzonawksiazki.pl\/wp-content\/uploads\/2025\/09\/wiatr-z-polnocy-1349x2048.jpg 1349w, https:\/\/zapatrzonawksiazki.pl\/wp-content\/uploads\/2025\/09\/wiatr-z-polnocy.jpg 1400w\" sizes=\"(max-width: 198px) 100vw, 198px\" \/>Gdy trzeba, jeste\u015bmy w stanie znie\u015b\u0107 naprawd\u0119 du\u017co i potrafimy przetrwa\u0107 nawet najgorsze piek\u0142o. Zw\u0142aszcza gdy nie mamy zbytnio wyboru, a prawo stoi po stronie tego, kt\u00f3ry krzywdzi. S\u0105 jednak sytuacje, kt\u00f3re zmuszaj\u0105 do dzia\u0142ania i przeciwstawienia si\u0119 nie tylko jednej osobie, ale panuj\u0105cym zasadom oraz oceniaj\u0105cej spo\u0142eczno\u015bci.<\/p>\n<h3 style=\"text-align: justify;\">Zarys fabu\u0142y<\/h3>\n<p style=\"text-align: justify;\">Alice by\u0142a pewna, \u017ce znalaz\u0142a m\u0119\u017cczyzn\u0119, kt\u00f3ry b\u0119dzie jej wsparciem. Z czasem okaza\u0142o si\u0119, \u017ce jest jej najgorszym koszmarem, a co straszniejsze odbija si\u0119 to na jej ukochanej c\u00f3reczce. Niestety \u017cyje w czasach, gdzie rozwody to rzadko\u015b\u0107, a je\u015bli ju\u017c do nich dochodzi, to m\u0119\u017cczyzna zyskuje prawa do opieki nad dzieckiem. Nawet je\u015bli jest dla niego zagro\u017ceniem. Kobieta w ko\u0144cu postanawia o odej\u015bciu i tak trafia do adwokata Johna Reevena. Pocz\u0105tkowo m\u00f3wi jej otwarcie, \u017ce nie ma szans na wygranie, ale co\u015b w Alice i jej c\u00f3reczce go porusza na tyle, \u017ce decyduje si\u0119 jej pom\u00f3c.<\/p>\n<p style=\"text-align: justify;\">Troch\u0119 by\u0142am niepewna tej sagi, ale ostatecznie bardzo si\u0119 ciesz\u0119, \u017ce ksi\u0105\u017ckowe besties nam\u00f3wi\u0142y mnie na wsp\u00f3lne czytanie. <em>Wiatr z p\u00f3\u0142nocy<\/em> to swego rodzaju wst\u0119p do los\u00f3w bohater\u00f3w, ale ju\u017c jest ciekawie i bardzo du\u017co si\u0119 dzieje. Czym tak Miriam Georg zachwyca ju\u017c w pierwszym tomie?<\/p>\n<h3 style=\"text-align: justify;\">Moje wra\u017cenia<\/h3>\n<p style=\"text-align: justify;\">Wida\u0107, \u017ce autorka mia\u0142a pomys\u0142 na fabu\u0142\u0119 i powoli go realizuje. Bardzo szczeg\u00f3\u0142owo oddaje przy tym realia tamtych czas\u00f3w. Opisuje nie tylko prac\u0119 w fabryce we\u0142ny, ale og\u00f3lnie warunki socjalne najbiedniejszych i tych bogatych. Ukazana jest r\u00f3wnie\u017c praca w du\u017cych zak\u0142adach produkcyjnych. Co jednak najbardziej porusza, to sytuacja kobiet w \u00f3wczesnych czasach, to jak ma\u0142o praw maj\u0105, w jakich warunkach musz\u0105 znosi\u0107 sw\u00f3j los i jak niewiele swobody maj\u0105 w podejmowaniu decyzji. To czasy, gdzie wszystko jeszcze kula\u0142o i wiele zmian by\u0142o potrzebnych. <em>Wiatr z p\u00f3\u0142nocy<\/em> jest pe\u0142en emocji, a pomimo tego, \u017ce to powie\u015b\u0107 o \u017cyciu z jego wzlotami i upadkami, nie zazna si\u0119 tu nudy. Ka\u017cde wydarzenie intryguje, ka\u017cda rozmowa wzbudza ciekawo\u015b\u0107 ci\u0105gu dalszego.<\/p>\n<h3 style=\"text-align: justify;\">S\u0142\u00f3w kilka o bohaterach<\/h3>\n<p style=\"text-align: justify;\">Du\u017cy plus autorce nale\u017cy si\u0119 za postacie. Ka\u017cdy jest inny i wyr\u00f3\u017cnia si\u0119 swoim zachowaniem. Mam wra\u017cenie, \u017ce wielu z nich w tej sadze jeszcze mocno zaskoczy, bo teraz niezbyt du\u017co mo\u017cemy o nich odkry\u0107. Jednak Alice mo\u017ce sta\u0107 si\u0119 bliska sercu ka\u017cdej z nas. Wcale nie jest idealna i potrzebuje naprawd\u0119 wiele czasu, by podj\u0105\u0107 decyzj\u0119 o rozwodzie. A nawet wtedy czuje strach, kt\u00f3ry wr\u0119cz namacalnie czu\u0107. Tak samo, jak zm\u0119czenie, ale to nie odbiera jej odwagi, by walczy\u0107. Zw\u0142aszcza dla dziecka. Sympati\u0119 budzi r\u00f3wnie\u017c John. Czym? Tego ju\u017c musicie dowiedzie\u0107 si\u0119 sami, ale zapewniam, \u017ce warto.<\/p>\n<h3 style=\"text-align: justify;\">Na zako\u0144czenie<\/h3>\n<p style=\"text-align: justify;\">To jedna z tych ksi\u0105\u017cek, kt\u00f3re pomimo emocjonalnego \u0142adunku czyta si\u0119 szybko. Nie zmienia to te\u017c faktu, \u017ce prze\u017cywa si\u0119 j\u0105 ca\u0142ym sob\u0105. Od pierwszych stron poch\u0142on\u0119\u0142a mnie ta historia i losy bohater\u00f3w, z\u017cy\u0142am si\u0119 z Alice i wraz z ni\u0105 si\u0119 ba\u0142am, czu\u0142am nadziej\u0119, a tak\u017ce rozpacz. Nie mog\u0142am przebole\u0107 tego, co do\u015bwiadcza ona i ile znosi\u0142y w tamtych czasach wszystkie kobiety. <em>Wiatr z p\u00f3\u0142nocy<\/em> to historia pi\u0119kna, ale bolesna, przepe\u0142niona smutkiem, rozpacz\u0105, ale i nadziej\u0105. Jestem pe\u0142na podziwu dla autorki, bo rzetelnie odda\u0142a realia tamtych lat, ale te\u017c pokaza\u0142a sile kobiet i jej determinacj\u0119.<\/p>\n<p style=\"text-align: justify;\">Je\u015bli lubicie sagi, to ju\u017c po pierwszym tomie \u015bmia\u0142o mog\u0119 napisa\u0107, \u017ce ta was nie zawiedzie. <em>Wiatr z p\u00f3\u0142nocy<\/em> to wzruszaj\u0105ca i bole\u015bnie realna opowie\u015b\u0107 o mi\u0142o\u015bci w r\u00f3\u017cnych jej odcieniach, determinacji oraz odwadze kobiet, w \u015bwiecie odbieraj\u0105cym im prawo do g\u0142osu. Ju\u017c nie mog\u0119 si\u0119 doczeka\u0107 poznania Szeptu z p\u00f3\u0142nocy i tego, co b\u0119dzie dalej, zw\u0142aszcza po takim zako\u0144czeniu!<\/p>\n<p style=\"text-align: justify;\"><strong>Audiobook (czyta):<\/strong> Jagoda Ma\u0142yszek<br \/>\n<strong>Autor:<\/strong> Miriam Georg<br \/>\n<strong>T\u0142umaczenie:<\/strong> Barbara Nied\u017awiecka<br \/>\n<strong>Tytu\u0142:<\/strong> Wiatr z p\u00f3\u0142nocy<br \/>\n<strong>Tytu\u0142 orygina\u0142u:<\/strong> Im Nordwind<br \/>\n<strong>Wydawnictwo:<\/strong> Luna<br \/>\n<strong>Wydanie:<\/strong> I<br \/>\n<strong>Data wydania:<\/strong> 2025-07-30<br \/>\n<strong>Kategoria:<\/strong> obyczajowa<br \/>\n<strong>ISBN:<\/strong> 9788368381344<br \/>\n<strong>Liczba stron:<\/strong> 320<br \/>\n<img decoding=\"async\" loading=\"lazy\" class=\"aligncenter wp-image-5880 size-large\" src=\"http:\/\/zapatrzonawksiazki.pl\/wp-content\/uploads\/2021\/05\/ocena-Zapatrzona-8-1024x195.png\" alt=\"\" width=\"1024\" height=\"195\" srcset=\"https:\/\/zapatrzonawksiazki.pl\/wp-content\/uploads\/2021\/05\/ocena-Zapatrzona-8-1024x195.png 1024w, https:\/\/zapatrzonawksiazki.pl\/wp-content\/uploads\/2021\/05\/ocena-Zapatrzona-8-300x57.png 300w, https:\/\/zapatrzonawksiazki.pl\/wp-content\/uploads\/2021\/05\/ocena-Zapatrzona-8-768x146.png 768w\" sizes=\"(max-width: 1024px) 100vw, 1024px\" \/><\/p>\n<p style=\"text-align: center;\">Saga P\u00f3\u0142nocna<br \/>\n<em>Wiatr z p\u00f3\u0142nocy<\/em> | Szept z p\u00f3\u0142nocy | \u015awiat\u0142o z p\u00f3\u0142nocy | Blask z p\u00f3\u0142nocy<\/p>\n","protected":false},"excerpt":{"rendered":"<p>Nie trzeba krzycze\u0107, \u017ceby by\u0107 siln\u0105. Czasem wystarczy przesta\u0107 si\u0119 ba\u0107.* Gdy trzeba, jeste\u015bmy w stanie znie\u015b\u0107 naprawd\u0119 du\u017co i potrafimy przetrwa\u0107 nawet najgorsze piek\u0142o. Zw\u0142aszcza gdy nie mamy zbytnio wyboru, a prawo stoi po stronie tego, kt\u00f3ry krzywdzi. S\u0105 jednak sytuacje, kt\u00f3re zmuszaj\u0105 do dzia\u0142ania i przeciwstawienia si\u0119 nie tylko jednej osobie, ale panuj\u0105cym [&hellip;]<\/p>\n","protected":false},"author":2,"featured_media":9268,"comment_status":"open","ping_status":"open","sticky":false,"template":"","format":"standard","meta":[],"categories":[5,2298,4],"tags":[20,2055,2347,42,17,2348],"jetpack_featured_media_url":"https:\/\/zapatrzonawksiazki.pl\/wp-content\/uploads\/2025\/09\/wiatr-z-polnocy-zapatrzonawksiazki-pl.jpg","_links":{"self":[{"href":"https:\/\/zapatrzonawksiazki.pl\/index.php\/wp-json\/wp\/v2\/posts\/9269"}],"collection":[{"href":"https:\/\/zapatrzonawksiazki.pl\/index.php\/wp-json\/wp\/v2\/posts"}],"about":[{"href":"https:\/\/zapatrzonawksiazki.pl\/index.php\/wp-json\/wp\/v2\/types\/post"}],"author":[{"embeddable":true,"href":"https:\/\/zapatrzonawksiazki.pl\/index.php\/wp-json\/wp\/v2\/users\/2"}],"replies":[{"embeddable":true,"href":"https:\/\/zapatrzonawksiazki.pl\/index.php\/wp-json\/wp\/v2\/comments?post=9269"}],"version-history":[{"count":1,"href":"https:\/\/zapatrzonawksiazki.pl\/index.php\/wp-json\/wp\/v2\/posts\/9269\/revisions"}],"predecessor-version":[{"id":9270,"href":"https:\/\/zapatrzonawksiazki.pl\/index.php\/wp-json\/wp\/v2\/posts\/9269\/revisions\/9270"}],"wp:featuredmedia":[{"embeddable":true,"href":"https:\/\/zapatrzonawksiazki.pl\/index.php\/wp-json\/wp\/v2\/media\/9268"}],"wp:attachment":[{"href":"https:\/\/zapatrzonawksiazki.pl\/index.php\/wp-json\/wp\/v2\/media?parent=9269"}],"wp:term":[{"taxonomy":"category","embeddable":true,"href":"https:\/\/zapatrzonawksiazki.pl\/index.php\/wp-json\/wp\/v2\/categories?post=9269"},{"taxonomy":"post_tag","embeddable":true,"href":"https:\/\/zapatrzonawksiazki.pl\/index.php\/wp-json\/wp\/v2\/tags?post=9269"}],"curies":[{"name":"wp","href":"https:\/\/api.w.org\/{rel}","templated":true}]}}