{"id":9265,"date":"2025-09-03T14:01:14","date_gmt":"2025-09-03T12:01:14","guid":{"rendered":"https:\/\/zapatrzonawksiazki.pl\/?p=9265"},"modified":"2025-09-13T14:09:53","modified_gmt":"2025-09-13T12:09:53","slug":"corka-ziemi-dorota-gasiorowska","status":"publish","type":"post","link":"https:\/\/zapatrzonawksiazki.pl\/index.php\/2025\/09\/03\/corka-ziemi-dorota-gasiorowska\/","title":{"rendered":"C\u00f3rka ziemi Dorota G\u0105siorowska"},"content":{"rendered":"<blockquote>\n<p style=\"text-align: justify;\">Strach rodzi strach, z\u0142o\u015b\u0107 wyzwala jeszcze wi\u0119cej z\u0142o\u015bci, a mi\u0142o\u015b\u0107 i spok\u00f3j tworz\u0105 podwaliny zaufania.*<\/p>\n<\/blockquote>\n<p style=\"text-align: justify;\"><img decoding=\"async\" loading=\"lazy\" class=\"size-medium wp-image-9264 alignleft\" src=\"http:\/\/zapatrzonawksiazki.pl\/wp-content\/uploads\/2025\/09\/corka-ziemi-205x300.jpg\" alt=\"C\u00f3rka ziemi\" width=\"205\" height=\"300\" srcset=\"https:\/\/zapatrzonawksiazki.pl\/wp-content\/uploads\/2025\/09\/corka-ziemi-205x300.jpg 205w, https:\/\/zapatrzonawksiazki.pl\/wp-content\/uploads\/2025\/09\/corka-ziemi-699x1024.jpg 699w, https:\/\/zapatrzonawksiazki.pl\/wp-content\/uploads\/2025\/09\/corka-ziemi-768x1125.jpg 768w, https:\/\/zapatrzonawksiazki.pl\/wp-content\/uploads\/2025\/09\/corka-ziemi-1049x1536.jpg 1049w, https:\/\/zapatrzonawksiazki.pl\/wp-content\/uploads\/2025\/09\/corka-ziemi-1398x2048.jpg 1398w, https:\/\/zapatrzonawksiazki.pl\/wp-content\/uploads\/2025\/09\/corka-ziemi.jpg 1653w\" sizes=\"(max-width: 205px) 100vw, 205px\" \/>Magia istnieje nawet w naszym realnym \u015bwiecie. Wystarczy, \u017ce rozejrzyjmy si\u0119 wok\u00f3\u0142 siebie i otworzymy na ni\u0105 oczy. To pi\u0119kne widoki, cudowne zabytki, promienie s\u0142o\u0144ca na twarzy, zapachy natury i nasza spostrzegawczo\u015b\u0107 na wszystko, co si\u0119 dzieje i dostrzeganie tego, co pi\u0119kne i magiczne.<\/p>\n<h3 style=\"text-align: justify;\">Zarys fabu\u0142y<\/h3>\n<p style=\"text-align: justify;\">W okolicach Krakowa mieszka m\u0142oda i utalentowana rze\u017abiarka Weronika. Kobieta ma niezwyk\u0142\u0105 intuicj\u0119 i patrz\u0105c na kamie\u0144, potrafi wyczu\u0107, jak b\u0119dzie wygl\u0105da\u0107 gotowa rze\u017aba. Pewnego dnia dostaje propozycj\u0119 odtworzenie rze\u017aby od w\u0142a\u015bciciela pa\u0142acu w Jurze Krakowsko-Cz\u0119stochowskiej. Ma by\u0107 to Freya &#8211; nordycka bogini mi\u0142o\u015bci oraz magii. Zazwyczaj ufa swojej intuicji, ale tym razem wbrew swojemu przeczuciu i zgadza si\u0119 przyj\u0105\u0107 zlecenie. I tutaj pojawia si\u0119 te\u017c opowie\u015b\u0107 o dziewczynie, kt\u00f3ra z matk\u0105 zielark\u0105 mieszka w le\u015bnej chatce. Freya pewnego dnia spotyka w lesie rannego ch\u0142opca, kt\u00f3remu pomaga. \u017badne z nich nie wie jeszcze wtedy, \u017ce ich drogi zetkn\u0105 si\u0119 jeszcze w przysz\u0142o\u015bci, a dziewczyn\u0119 czeka sporo zmian i bolesnych prze\u017cy\u0107. Jak te dwie historie si\u0119 \u0142\u0105cz\u0105 i jaki jest fina\u0142 ich los\u00f3w?<\/p>\n<p style=\"text-align: justify;\">Dorota G\u0105siorowska zachwyci\u0142a mnie swoim subtelnym stylem pisania, barwnymi i sugestywnymi opisami, w kt\u00f3rych nie brak nuty magii. Przez jej powie\u015bci si\u0119 wr\u0119cz p\u0142ynie i nie zauwa\u017ca up\u0142ywaj\u0105cego czasu. Dlatego te\u017c bez wahania skusi\u0142am si\u0119 na jej kolejn\u0105 seri\u0119. Pierwszy tom <em>C\u00f3rka ziemi<\/em> ju\u017c za mn\u0105 i musz\u0119 przyzna\u0107, \u017ce nie spodziewa\u0142am si\u0119 takiego poch\u0142oni\u0119cia mnie przez losy bohater\u00f3w.<\/p>\n<h3 style=\"text-align: justify;\">Moje wra\u017cenia<\/h3>\n<p style=\"text-align: justify;\"><em>C\u00f3rka ziemi<\/em> to jedna z tych opowie\u015bci, kt\u00f3ra nie zachwyca nag\u0142ymi zwrotami akcji, wybuchem emocji czy te\u017c porywaj\u0105cymi scenami. Ona snuje si\u0119 niespiesznie, spokojnie, na sw\u00f3j spos\u00f3b magicznie. I chocia\u017c nie mamy nag\u0142ych zwrot\u00f3w wydarze\u0144, to nawet przez chwil\u0119 nie poczujemy nudy. Bo to historia z pozoru dw\u00f3ch r\u00f3\u017cnych kobiet, kt\u00f3re jednak \u0142\u0105czy. Autorka skupia si\u0119 na ich codzienno\u015bci, prze\u017cyciach i na tym, \u017ce na ich przyk\u0142adzie pokazuje, by dok\u0142adnie patrze\u0107 na otoczenie oraz ludzi. Wtedy \u0142atwo jest dostrzec te wszystkie cuda wok\u00f3\u0142 nas. Nie brak w tym emocji, zawi\u0142o\u015bci relacji mi\u0119dzyludzkich i sercowych rozterek.<\/p>\n<h3 style=\"text-align: justify;\">S\u0142\u00f3w kilka o bohaterach<\/h3>\n<p style=\"text-align: justify;\">Je\u015bli chodzi o postacie, to wida\u0107 tutaj kobiec\u0105 si\u0142\u0119 i wytrwa\u0142o\u015b\u0107. Szczeg\u00f3lnie w postaci Freyi, kt\u00f3ra nie mia\u0142a \u0142atwo w \u00f3wczesnych czasach. A jednak by\u0142a sob\u0105 i radzi\u0142a sobie z tym, co przynosi jej los najlepiej, jak potrafi. Podziwia\u0142am j\u0105, bo znosi\u0142a naprawd\u0119 du\u017co, a jednak pozosta\u0142a sob\u0105 i nie waha\u0142a si\u0119 przyj\u0105\u0107 tego, co dobre. Wytrwa\u0142a, zaradna, otwartym sercem oraz umys\u0142em. Weronika te\u017c wzbudza sympati\u0119 i ch\u0119\u0107 poznania jej bli\u017cej. To kobieta jak wiele z nas. Z ambicjami, pasj\u0105, sercem we w\u0142a\u015bciwym miejscu i nadziej\u0105 na w\u0142asne szcz\u0119\u015bcie.<\/p>\n<h3 style=\"text-align: justify;\">Na zako\u0144czenie<\/h3>\n<p style=\"text-align: justify;\">My\u015bl\u0119, \u017ce dla tej ksi\u0105\u017cki najlepsz\u0105 rekomendacj\u0105 b\u0119dzie fakt, \u017ce pomimo swojej obj\u0119to\u015bci przeczyta\u0142am j\u0105 w jeden dzie\u0144. No nie mog\u0142am si\u0119 oderwa\u0107 od los\u00f3w tych kobiet i wraz z nimi prze\u017cywa\u0142am ka\u017cdy moment, a wbrew pozorom i powolnej akcji, dzia\u0142o si\u0119 tutaj naprawd\u0119 du\u017co. Mamy nie tylko cudowne opisy miejsc, w kt\u00f3rych dziej\u0105 si\u0119 wszystkie wydarzenia, ale pojawia si\u0119 r\u00f3wnie\u017c tajemnica, kt\u00f3ra bardzo chcemy rozwi\u0105za\u0107 i trup w studni nadaj\u0105cy ca\u0142o\u015bci odrobiny ostro\u015bci oraz niepokoju. <em>C\u00f3rka ziemi<\/em> zachwyci\u0142a mnie ca\u0142okszta\u0142tem, tym, jak pi\u0119knie i z nutk\u0105 magii ukrytej w s\u0142owach zosta\u0142a opisana. Autorka rewelacyjnie poradzi\u0142a sobie z po\u0142\u0105czeniem tera\u017aniejszo\u015bci z przesz\u0142o\u015bci\u0105, splot\u0142a losy dw\u00f3ch kobiet, da\u0142a im g\u0142os i to bez zb\u0119dnego dramatyzmu.<\/p>\n<p style=\"text-align: justify;\"><em>C\u00f3rka ziemi<\/em> pokazuje, \u017ce to, co jest wok\u00f3\u0142 ma na nas ogromny wp\u0142yw i warto si\u0119 na to otworzy\u0107. Napisana j\u0119zykiem delikatnym, wr\u0119cz eterycznym. Pe\u0142na opis\u00f3w przyrody, emocji oraz mi\u0119dzyludzkich relacji. Czytajcie, warto.<\/p>\n<p style=\"text-align: justify;\"><strong>Autor:<\/strong> Dorota G\u0105siorowska<br \/>\n<strong>Tytu\u0142:<\/strong> C\u00f3rka ziemi<br \/>\n<strong>Wydawnictwo:<\/strong> Znak Literanova<br \/>\n<strong>Wydanie:<\/strong> I<br \/>\n<strong>Data wydania:<\/strong> 2023-07-26<br \/>\n<strong>Kategoria:<\/strong> lit. pi\u0119kna<br \/>\n<strong>ISBN:<\/strong> 9788324092116<br \/>\n<strong>Liczba stron:<\/strong> 519<br \/>\n<img decoding=\"async\" loading=\"lazy\" class=\"aligncenter wp-image-5880 size-large\" src=\"http:\/\/zapatrzonawksiazki.pl\/wp-content\/uploads\/2021\/05\/ocena-Zapatrzona-8-1024x195.png\" alt=\"\" width=\"1024\" height=\"195\" srcset=\"https:\/\/zapatrzonawksiazki.pl\/wp-content\/uploads\/2021\/05\/ocena-Zapatrzona-8-1024x195.png 1024w, https:\/\/zapatrzonawksiazki.pl\/wp-content\/uploads\/2021\/05\/ocena-Zapatrzona-8-300x57.png 300w, https:\/\/zapatrzonawksiazki.pl\/wp-content\/uploads\/2021\/05\/ocena-Zapatrzona-8-768x146.png 768w\" sizes=\"(max-width: 1024px) 100vw, 1024px\" \/><\/p>\n<p style=\"text-align: center;\">C\u00f3rki \u017cywio\u0142\u00f3w<br \/>\nC\u00f3rka ziemi | C\u00f3rka powietrza | C\u00f3rka ognia<\/p>\n","protected":false},"excerpt":{"rendered":"<p>Strach rodzi strach, z\u0142o\u015b\u0107 wyzwala jeszcze wi\u0119cej z\u0142o\u015bci, a mi\u0142o\u015b\u0107 i spok\u00f3j tworz\u0105 podwaliny zaufania.* Magia istnieje nawet w naszym realnym \u015bwiecie. Wystarczy, \u017ce rozejrzyjmy si\u0119 wok\u00f3\u0142 siebie i otworzymy na ni\u0105 oczy. To pi\u0119kne widoki, cudowne zabytki, promienie s\u0142o\u0144ca na twarzy, zapachy natury i nasza spostrzegawczo\u015b\u0107 na wszystko, co si\u0119 dzieje i dostrzeganie tego, [&hellip;]<\/p>\n","protected":false},"author":2,"featured_media":9263,"comment_status":"open","ping_status":"open","sticky":false,"template":"","format":"standard","meta":[],"categories":[5,2298,4],"tags":[20,2047,450,2346,2227],"jetpack_featured_media_url":"https:\/\/zapatrzonawksiazki.pl\/wp-content\/uploads\/2025\/09\/corka-ziemi-zapatrzonawksiazki-pl.jpg","_links":{"self":[{"href":"https:\/\/zapatrzonawksiazki.pl\/index.php\/wp-json\/wp\/v2\/posts\/9265"}],"collection":[{"href":"https:\/\/zapatrzonawksiazki.pl\/index.php\/wp-json\/wp\/v2\/posts"}],"about":[{"href":"https:\/\/zapatrzonawksiazki.pl\/index.php\/wp-json\/wp\/v2\/types\/post"}],"author":[{"embeddable":true,"href":"https:\/\/zapatrzonawksiazki.pl\/index.php\/wp-json\/wp\/v2\/users\/2"}],"replies":[{"embeddable":true,"href":"https:\/\/zapatrzonawksiazki.pl\/index.php\/wp-json\/wp\/v2\/comments?post=9265"}],"version-history":[{"count":1,"href":"https:\/\/zapatrzonawksiazki.pl\/index.php\/wp-json\/wp\/v2\/posts\/9265\/revisions"}],"predecessor-version":[{"id":9266,"href":"https:\/\/zapatrzonawksiazki.pl\/index.php\/wp-json\/wp\/v2\/posts\/9265\/revisions\/9266"}],"wp:featuredmedia":[{"embeddable":true,"href":"https:\/\/zapatrzonawksiazki.pl\/index.php\/wp-json\/wp\/v2\/media\/9263"}],"wp:attachment":[{"href":"https:\/\/zapatrzonawksiazki.pl\/index.php\/wp-json\/wp\/v2\/media?parent=9265"}],"wp:term":[{"taxonomy":"category","embeddable":true,"href":"https:\/\/zapatrzonawksiazki.pl\/index.php\/wp-json\/wp\/v2\/categories?post=9265"},{"taxonomy":"post_tag","embeddable":true,"href":"https:\/\/zapatrzonawksiazki.pl\/index.php\/wp-json\/wp\/v2\/tags?post=9265"}],"curies":[{"name":"wp","href":"https:\/\/api.w.org\/{rel}","templated":true}]}}