{"id":926,"date":"2012-12-09T10:50:00","date_gmt":"2012-12-09T10:50:00","guid":{"rendered":"http:\/\/zapatrzonawksiazki.pl\/index.php\/2012\/12\/09\/kazdy-ma-marzenie\/"},"modified":"2018-10-07T00:33:16","modified_gmt":"2018-10-07T00:33:16","slug":"kazdy-ma-marzenie","status":"publish","type":"post","link":"https:\/\/zapatrzonawksiazki.pl\/index.php\/2012\/12\/09\/kazdy-ma-marzenie\/","title":{"rendered":"Ka\u017cdy ma marzenie"},"content":{"rendered":"<div class=\"separator\" style=\"clear: both; text-align: center;\">\n<a href=\"http:\/\/2.bp.blogspot.com\/-zyh-vOVzav0\/UMRslQ1Z2qI\/AAAAAAAAElI\/d9Z7lmXMyqE\/s1600\/352x500.jpg\" imageanchor=\"1\" style=\"clear: left; float: left; margin-bottom: 1em; margin-right: 1em;\"><img decoding=\"async\" border=\"0\" src=\"http:\/\/2.bp.blogspot.com\/-zyh-vOVzav0\/UMRslQ1Z2qI\/AAAAAAAAElI\/d9Z7lmXMyqE\/s1600\/352x500.jpg\" \/><\/a><\/div>\n<div class=\"MsoNormal\">\n<i style=\"mso-bidi-font-style: normal;\">&nbsp;&nbsp;&nbsp;&nbsp;&nbsp;&nbsp;&nbsp;&nbsp;&nbsp;&nbsp;&nbsp; <b style=\"mso-bidi-font-weight: normal;\">\u201eWystarczy\u0142o<br \/>\nprzecie\u017c pami\u0119ta\u0107, \u017ce doro\u015bli tak naprawd\u0119 nigdy nie przestali by\u0107 dzie\u0107mi.\u201d*<\/b><\/i><\/div>\n<div class=\"MsoNormal\">\n<\/div>\n<div class=\"MsoNormal\">\n<b style=\"mso-bidi-font-weight: normal;\"><i style=\"mso-bidi-font-style: normal;\">&nbsp;&nbsp;&nbsp;&nbsp;&nbsp;&nbsp;&nbsp;&nbsp;&nbsp;&nbsp;&nbsp; <\/i><\/b><i style=\"mso-bidi-font-style: normal;\">Marzenia towarzysz\u0105 nam od zawsze. Jako dzieci<br \/>\nmarzy\u0142o si\u0119 o sk\u0142adanej kolejce czy te\u017c domku dla lalek. Z wiekiem jednak one<br \/>\nsi\u0119 zmienia\u0142y, by\u0142y wi\u0119ksze lub mniejsze, ale r\u00f3wnie wa\u017cne. Dzi\u0119ki nim do<br \/>\nczego\u015b d\u0105\u017cymy i czasem bujamy w ob\u0142okach. Po cz\u0119\u015bci to w\u0142a\u015bnie marzenia nadaj\u0105<br \/>\nnam sens istnienia. <\/i><\/div>\n<div class=\"MsoNormal\">\n<\/div>\n<div class=\"MsoNormal\">\n<b style=\"mso-bidi-font-weight: normal;\"><i style=\"mso-bidi-font-style: normal;\">&nbsp;&nbsp;&nbsp;&nbsp;&nbsp;&nbsp;&nbsp;&nbsp;&nbsp;&nbsp;&nbsp; <\/i><\/b><i style=\"mso-bidi-font-style: normal;\">Ksi\u0105\u017cka ta to cztery opowiadania \u0142\u0105cz\u0105 si\u0119 z sob\u0105<br \/>\njednym wsp\u00f3lnym tematem: \u015bwi\u0119tami. \u201eJak wygl\u0105daj\u0105 \u015bwi\u0119ta?\u201d opowiada o tym jak<br \/>\nzwierz\u0119ta w pewnej gospodarce pragn\u0119li zobaczy\u0107 jak wygl\u0105daj\u0105 \u015bwi\u0119ta w domu.<br \/>\nWidz\u0105c na niebie \u015bw. Miko\u0142aja poprosi\u0142y go o to. Z kolei&nbsp; \u201eMa\u0142a choinka\u201d m\u00f3wi o ma\u0142ym drzewku, kt\u00f3rego<br \/>\nnikt nie chcia\u0142 jako drzewka bo\u017conarodzeniowego i z tego powodu czu\u0142o si\u0119<br \/>\nbardzo smutne. Z powodu niskiego wzrostu by\u0142o nieodpowiednie wed\u0142ug ludzi. Trzecie<br \/>\nopowiadanie nosz\u0105ce tytu\u0142 \u201eZaczarowany renifer\u201d jest o niesfornym Ronim. Chcia\u0142<br \/>\nzrobi\u0107 co\u015b co by sprawi\u0142o, \u017ce reszta renifer\u00f3w by\u0142a z niego dumna. Po d\u0142ugim<br \/>\nnamy\u015ble stwierdzi\u0142, \u017ce chce lata\u0107 jak renifery Miko\u0142aja. Ostatnie tytu\u0142owe<br \/>\nopowiadanie&nbsp; \u201ePracowity Dzie\u0144 \u015awi\u0119tego<br \/>\nMiko\u0142aja\u201d jest o pewnym marzeniu taty Kasi i Tomka. Dzieci napisa\u0142y list do<br \/>\ngwiazdora, ale czy ten odgadnie co to za marzenie, skoro dzieci nie napisa\u0142y<br \/>\nnic dok\u0142adnego? <\/i><\/div>\n<div class=\"MsoNormal\">\n<\/div>\n<div class=\"MsoNormal\">\n<i style=\"mso-bidi-font-style: normal;\">&nbsp;&nbsp;&nbsp;&nbsp;&nbsp;&nbsp;&nbsp;&nbsp;&nbsp;&nbsp;&nbsp; Ksi\u0105\u017ceczka<br \/>\nsk\u0142ada si\u0119 z czterech kr\u00f3ciutkich opowiada\u0144 jak ju\u017c pewnie zd\u0105\u017cyli\u015bcie<br \/>\nzauwa\u017cy\u0107. Nie jestem zwolenniczk\u0105 tek kr\u00f3tkiej formy wypowiedzi bowiem nie<br \/>\nka\u017cdemu jest dane stworzy\u0107 co\u015b fajnego na kilku stronach. Jednak w literaturze<br \/>\nskierowanej do m\u0142odszego czytelnika pasuj\u0105 jak ula\u0142. <\/i><\/div>\n<div class=\"MsoNormal\">\n<\/div>\n<div class=\"MsoNormal\">\n<i style=\"mso-bidi-font-style: normal;\">&nbsp;&nbsp;&nbsp;&nbsp;&nbsp;&nbsp;&nbsp;&nbsp;&nbsp;&nbsp;&nbsp; \u201ePracowity<br \/>\nDzie\u0144 \u015awi\u0119tego Miko\u0142aja\u201d jest bardzo \u0142adnie wydany.&nbsp; Format A4 w twardej oprawie. Ok\u0142adka<br \/>\nprezentuje \u015bwi\u0119tego Miko\u0142aja otoczonego zabawkami, jej wygl\u0105d i tytu\u0142 od razu<br \/>\npozwalaj\u0105 si\u0119 domy\u015ble\u0107 o czym b\u0119dzie dane nam czyta\u0107. W \u015brodku natkniemy si\u0119 na<br \/>\nilustracje na ka\u017cdej stronie obrazuj\u0105ce o czym m\u00f3wi tekst, dzi\u0119ki temu maluch<br \/>\nmo\u017ce je ogl\u0105da\u0107 gdy si\u0119 mu czyta. Trzeba przyzna\u0107, \u017ce obrazki s\u0105 starannie<br \/>\nwykonane i bardzo kolorowe, bardzo mi si\u0119 podoba\u0142y. Czcionka jest pogrubiona i do\u015b\u0107<br \/>\ndu\u017ca, na ka\u017cdej stronie jest po kilka linijek tekstu. Ca\u0142o\u015b\u0107 zrobiona z my\u015bl\u0105 o<br \/>\nm\u0142odszych czytelnikach.<\/i><\/div>\n<div class=\"MsoNormal\">\n<\/div>\n<div class=\"MsoNormal\">\n<i style=\"mso-bidi-font-style: normal;\">&nbsp;&nbsp;&nbsp;&nbsp;&nbsp;&nbsp;&nbsp;&nbsp;&nbsp;&nbsp;&nbsp; Opowiadania<br \/>\nczyta si\u0119 szybko i z prawdziw\u0105 przyjemno\u015bci\u0105. Mi zaj\u0119\u0142o to zaledwie pi\u0119tna\u015bcie<br \/>\nminut. Bardzo mi si\u0119 podoba\u0142y opowiadania, ale najbardziej zapad\u0142y mi w pami\u0119ci<br \/>\ndwa z nich. Mowa tu o \u201eMa\u0142a choinka\u201d oraz \u201ePracowity Dzie\u0144 \u015awi\u0119tego Miko\u0142aja\u201d.<br \/>\nPierwsze m\u00f3wi o tym, \u017ce zawsze trzeba marzy\u0107 i nawet gdy traci si\u0119 ju\u017c nadziej\u0119<br \/>\nmorze zdarzy\u0107 si\u0119 cud. Drugie z kolei m\u00f3wi o czym\u015b co jest szczer\u0105 prawd\u0105.<br \/>\nTeraz wiem to po samej sobie. I chyba t\u0105 prostot\u0105 przekazu mnie uj\u0119\u0142o. <\/i><\/div>\n<div class=\"MsoNormal\">\n<\/div>\n<div class=\"MsoNormal\">\n<i style=\"mso-bidi-font-style: normal;\">&nbsp;&nbsp;&nbsp;&nbsp;&nbsp;&nbsp;&nbsp;&nbsp;&nbsp;&nbsp;&nbsp; \u201ePracowity<br \/>\nDzie\u0144 \u015awi\u0119tego Miko\u0142aja\u201d polecam doros\u0142ym i dzieciom, obudz\u0105 magi\u0119 \u015bwi\u0105t, na<br \/>\nchwil\u0119&nbsp; zabior\u0105 do bajkowego \u015bwiata, a co<br \/>\nnajwa\u017cniejsze s\u0105 z mora\u0142em. J\u0119zyk jest \u0142atwy odbiorze i nie spotka si\u0119 tu jaki\u015b<br \/>\ntrudnych i wyszukanych zwrot\u00f3w. <\/i><\/div>\n<div class=\"MsoNormal\">\n<\/div>\n<div class=\"MsoNormal\">\n<i style=\"mso-bidi-font-style: normal;\">*str. 108<\/i><\/div>\n<div class=\"MsoNormal\">\n<b style=\"mso-bidi-font-weight: normal;\"><i style=\"mso-bidi-font-style: normal;\">Autor: <\/i><\/b><i style=\"mso-bidi-font-style: normal;\">Praca<br \/>\nzbiorowa<\/i><\/div>\n<div class=\"MsoNormal\">\n<b style=\"mso-bidi-font-weight: normal;\"><i style=\"mso-bidi-font-style: normal;\">Tytu\u0142: <\/i><\/b><i style=\"mso-bidi-font-style: normal;\">Pracowity<br \/>\nDzie\u0144 \u015awi\u0119tego Miko\u0142aja<br \/>\n<b style=\"mso-bidi-font-weight: normal;\">Wydawnictwo: <\/b>El\u017cbieta Jarmo\u0142kiewicz<\/i><\/div>\n<div class=\"MsoNormal\">\n<b style=\"mso-bidi-font-weight: normal;\"><i style=\"mso-bidi-font-style: normal;\">Rok wydania: <\/i><\/b><i style=\"mso-bidi-font-style: normal;\">listopad 2005<\/i><\/div>\n<p><b style=\"mso-bidi-font-weight: normal;\"><i style=\"mso-bidi-font-style: normal;\">Liczba<br \/>\nstron: <\/i><\/b><i style=\"mso-bidi-font-style: normal;\">109<\/i><\/p>\n","protected":false},"excerpt":{"rendered":"<p>&nbsp;&nbsp;&nbsp;&nbsp;&nbsp;&nbsp;&nbsp;&nbsp;&nbsp;&nbsp;&nbsp; \u201eWystarczy\u0142o przecie\u017c pami\u0119ta\u0107, \u017ce doro\u015bli tak naprawd\u0119 nigdy nie przestali by\u0107 dzie\u0107mi.\u201d* &nbsp;&nbsp;&nbsp;&nbsp;&nbsp;&nbsp;&nbsp;&nbsp;&nbsp;&nbsp;&nbsp; Marzenia towarzysz\u0105 nam od zawsze. Jako dzieci marzy\u0142o si\u0119 o sk\u0142adanej kolejce czy te\u017c domku dla lalek. Z wiekiem jednak one si\u0119 zmienia\u0142y, by\u0142y wi\u0119ksze lub mniejsze, ale r\u00f3wnie wa\u017cne. Dzi\u0119ki nim do czego\u015b d\u0105\u017cymy i czasem bujamy w ob\u0142okach. Po [&hellip;]<\/p>\n","protected":false},"author":2,"featured_media":0,"comment_status":"open","ping_status":"open","sticky":false,"template":"","format":"standard","meta":[],"categories":[1],"tags":[31,889,860,122,691,415,849,172],"jetpack_featured_media_url":"","_links":{"self":[{"href":"https:\/\/zapatrzonawksiazki.pl\/index.php\/wp-json\/wp\/v2\/posts\/926"}],"collection":[{"href":"https:\/\/zapatrzonawksiazki.pl\/index.php\/wp-json\/wp\/v2\/posts"}],"about":[{"href":"https:\/\/zapatrzonawksiazki.pl\/index.php\/wp-json\/wp\/v2\/types\/post"}],"author":[{"embeddable":true,"href":"https:\/\/zapatrzonawksiazki.pl\/index.php\/wp-json\/wp\/v2\/users\/2"}],"replies":[{"embeddable":true,"href":"https:\/\/zapatrzonawksiazki.pl\/index.php\/wp-json\/wp\/v2\/comments?post=926"}],"version-history":[{"count":1,"href":"https:\/\/zapatrzonawksiazki.pl\/index.php\/wp-json\/wp\/v2\/posts\/926\/revisions"}],"predecessor-version":[{"id":2427,"href":"https:\/\/zapatrzonawksiazki.pl\/index.php\/wp-json\/wp\/v2\/posts\/926\/revisions\/2427"}],"wp:attachment":[{"href":"https:\/\/zapatrzonawksiazki.pl\/index.php\/wp-json\/wp\/v2\/media?parent=926"}],"wp:term":[{"taxonomy":"category","embeddable":true,"href":"https:\/\/zapatrzonawksiazki.pl\/index.php\/wp-json\/wp\/v2\/categories?post=926"},{"taxonomy":"post_tag","embeddable":true,"href":"https:\/\/zapatrzonawksiazki.pl\/index.php\/wp-json\/wp\/v2\/tags?post=926"}],"curies":[{"name":"wp","href":"https:\/\/api.w.org\/{rel}","templated":true}]}}