{"id":9257,"date":"2025-08-02T21:19:35","date_gmt":"2025-08-02T19:19:35","guid":{"rendered":"https:\/\/zapatrzonawksiazki.pl\/?p=9257"},"modified":"2025-09-10T21:30:37","modified_gmt":"2025-09-10T19:30:37","slug":"silla-karolina-lewestam","status":"publish","type":"post","link":"https:\/\/zapatrzonawksiazki.pl\/index.php\/2025\/08\/02\/silla-karolina-lewestam\/","title":{"rendered":"Silla Karolina Lewestam"},"content":{"rendered":"<blockquote>\n<p style=\"text-align: justify;\">Kiedy znajdzie si\u0119 przyjaciela, kolor sier\u015bci i kszta\u0142t uszu to sprawa zupe\u0142nie drugorz\u0119dna.*<\/p>\n<\/blockquote>\n<p style=\"text-align: justify;\"><img decoding=\"async\" loading=\"lazy\" class=\"size-medium wp-image-9252 alignleft\" src=\"http:\/\/zapatrzonawksiazki.pl\/wp-content\/uploads\/2025\/09\/silla-213x300.jpg\" alt=\"Silla\" width=\"213\" height=\"300\" srcset=\"https:\/\/zapatrzonawksiazki.pl\/wp-content\/uploads\/2025\/09\/silla-213x300.jpg 213w, https:\/\/zapatrzonawksiazki.pl\/wp-content\/uploads\/2025\/09\/silla.jpg 727w\" sizes=\"(max-width: 213px) 100vw, 213px\" \/>Wszystko, co robimy ma swoje konsekwencje. Dobrze wida\u0107, to teraz gdy natura pokazuje nam, jak bardzo zosta\u0142a przez nas skrzywdzona. I niby mamy jeszcze szans\u0119, by to naprawi\u0107, ale czy to jest takie proste? A co gdyby losy ludzi i \u015bwiata zale\u017ca\u0142y od ciebie, zwyczajnego cz\u0142owieka bez specjalnych umiej\u0119tno\u015bci czy wiedzy?<\/p>\n<h3 style=\"text-align: justify;\">Zarys fabu\u0142y<\/h3>\n<p style=\"text-align: justify;\">Jedenastoletni Ari \u017cyje w krainie pokrytej lodem i zaczyna si\u0119 trudny okres w \u017cyciu mieszka\u0144c\u00f3w Tlate Hiin. I tak jest zimno, ale robi si\u0119 jeszcze zimniej, wzrasta okrucie\u0144stwo, \u015bnie\u017cne krowy liniej\u0105, a w wodach zaczyna brakowa\u0107 ryb i grasuj\u0105 z\u0142e potwory. Zbli\u017ca si\u0119 Wiecz\u00f3r Zorzy i wszyscy s\u0105 podekscytowani tym, co Zorza powie. Licz\u0105, \u017ce powie im, co zrobi\u0107, by by\u0142o lepiej. Okazuje si\u0119 jednak, \u017ce nadzieja ludzi umiera, a uratowa\u0107 mo\u017ce j\u0105 tylko ten jedenastoletni ch\u0142opiec. I chocia\u017c nie wie czemu w\u0142a\u015bnie on, dok\u0105d ma i\u015b\u0107, czego szuka\u0107 i pomimo ogromnego strachu wyrusza w drog\u0119, a \u015bwiat okazuje si\u0119 naprawd\u0119 du\u017cy.<\/p>\n<p style=\"text-align: justify;\"><em>Silla<\/em> to kolejna z tych ksi\u0105\u017cek dla dzieci, kt\u00f3ra siedzia\u0142a mi w g\u0142owie od dnia premiery. Zachwyci\u0142a ok\u0142adk\u0105, zaciekawi\u0142a opisem i kusi\u0142a niesamowitymi przygodami. Czy faktycznie tak by\u0142o? Czy warto sp\u0119dzi\u0107 z tym tytu\u0142em sw\u00f3j wolny czas?<\/p>\n<h3 style=\"text-align: justify;\">S\u0142\u00f3w kilka o szacie graficznej<\/h3>\n<p style=\"text-align: justify;\">Jak ju\u017c wspomnia\u0142am, wra\u017cenie robi sama ok\u0142adka. Od razu zapowiada, czego mo\u017cemy spodziewa\u0107 si\u0119 w \u015brodku i pozwala pozna\u0107 bohater\u00f3w. Wydanie te\u017c zas\u0142uguje na pochwa\u0142y, ok\u0142adka ze skrzyde\u0142kami, gruby i dobrej jako\u015bci papier. A w nim ilustracje, kt\u00f3re przyci\u0105gaj\u0105 wzrok. Mariusz Andryszczyk zachwyca swoimi pracami. Zajmuj\u0105 ca\u0142\u0105 rozk\u0142ad\u00f3wk\u0119 i s\u0105 pe\u0142ne emocji oraz detali. Wystarczy po\u015bwi\u0119ci\u0107 im troch\u0119 czasu i nie tylko odkrywamy wygl\u0105d postaci oraz miejsca akcji, ale towarzysz\u0105ce im uczucia oraz pi\u0119kno niekt\u00f3rych gest\u00f3w czy czyn\u00f3w. Widzimy pi\u0119kno, ale i surowo\u015b\u0107 krainy, realno\u015b\u0107 pomieszan\u0105 troch\u0119 z magi\u0105 ukryt\u0105 w tym, co otacza ludzi.<\/p>\n<h3 style=\"text-align: justify;\">Moje wra\u017cenia<\/h3>\n<p style=\"text-align: justify;\">Nie da si\u0119 ukry\u0107, \u017ce <em>Silla<\/em> to powie\u015b\u0107 drogi, na podstawie motywu walki dobra ze z\u0142em. Mog\u0142abym powiedzie\u0107, \u017ce przypomina klimatem Z\u0142oty Kompas i fani tego tytu\u0142u zachwyc\u0105 si\u0119 te\u017c Sill\u0105. Do tej pory ludzie i zwierz\u0119ta \u017cyli w zgodzie, ale coraz gorsze warunki sprawi\u0142y, \u017ce to si\u0119 zmieni\u0142o. W og\u00f3le bardzo na plus s\u0105 tutaj wykorzystane przez autork\u0119 pomys\u0142y. Rozmawianie ze zwierz\u0119tami, zwa\u015bnione klany, lataj\u0105ce machiny i misja. Misja powierzona dziecku, od kt\u00f3rego wszystko zale\u017cy. Znamy to ju\u017c, prawda? Tylko to w niczym nie przeszkadza, bo autorka sprawi\u0142a, \u017ce nawet przez chwil\u0119 nie czu\u0107 nudy. Fabu\u0142a toczy si\u0119 wartko, a zwroty akcji potrafi\u0105 zaskoczy\u0107 nawet doros\u0142ego czytelnika. Patrz\u0105c na to, \u017ce to literatura dzieci\u0119ca jasne jest, \u017ce bohaterowie nie b\u0119d\u0105 przechodzi\u0107 nie wiadomo, jak trudnych sytuacji, ale te\u017c nie unikn\u0105 bolesnych i trudnych po\u015bwi\u0119ce\u0144.<\/p>\n<h3 style=\"text-align: justify;\">S\u0142\u00f3w kilka o bohaterach<\/h3>\n<p style=\"text-align: justify;\">Szalenie podoba mi si\u0119 tutaj, \u017ce zwierz\u0119ta s\u0105 stawiani na r\u00f3wni z lud\u017ami. Jedni i drudzy budz\u0105 sympati\u0119, jak i antypatie, ale zachwycaj\u0105 tym, jacy s\u0105. Maj\u0105 swoje zdanie, charaktery i sposoby zachowa\u0144. Ari to zwyczajny ch\u0142opiec, nie ma specjalnych mocy, ale przez to, jaki jest, pod\u0105\u017ca we w\u0142a\u015bciwym kierunku i zdobywa przyjaci\u00f3\u0142, poznaje ciekawe postacie, zar\u00f3wno ludzi, jak i zwierz\u0119ta, z kt\u00f3rymi si\u0119 zaprzyja\u017ania. To oni nie pozwalaj\u0105 mu si\u0119 podda\u0107 ani straci\u0107 nadziei.<\/p>\n<h3 style=\"text-align: justify;\">Na zako\u0144czenie<\/h3>\n<p style=\"text-align: justify;\">Mnie <em>Silla<\/em> zachwyci\u0142a tym, jak wiele w sobie \u0142\u0105czy i pomimo znanych motyw\u00f3w potrafi niejednokrotnie zaskoczy\u0107. Bo t\u0119 ksi\u0105\u017ck\u0119 czyta (lub s\u0142ucha si\u0119) z lekko\u015bci\u0105, a jednocze\u015bnie czuje mroczny klimat. W du\u017cej mierze to zas\u0142uga kie\u0142kuj\u0105cej nadziei i nowych przyja\u017ani. Osobi\u015bcie zachwycam si\u0119 przedstawionym \u015bwiatem, poznajemy go od podszewki. Czytamy o wierzeniach oraz mitologii tego \u015bwiata, widzimy, jak \u017cyj\u0105 ludzie i zwierz\u0119ta, jacy s\u0105 i co robi\u0105. To powie\u015b\u0107 pe\u0142na przyg\u00f3d, ale te\u017c pokazuj\u0105ca, jak wa\u017cna jest determinacja, wewn\u0119trzna si\u0142a oraz przyja\u017anie.<\/p>\n<p style=\"text-align: justify;\"><em>Silla<\/em> to powie\u015b\u0107 skierowana do dzieci w wieku 9+ i ja si\u0119 pod tym podpisuje. Bo historia bawi, zachwyca przygodami, ale te\u017c wywo\u0142uje \u0142zy smutku na okrutne zachowania ludzi. Wci\u0105ga, poch\u0142ania i nie daje o sobie zapomnie\u0107, a po zako\u0144czeniu chcemy natychmiast wr\u00f3ci\u0107 do tego \u015bwiata i bohater\u00f3w. Jak dobrze, \u017ce jest jeszcze drugi tom!<\/p>\n<p style=\"text-align: justify;\"><strong>Audiobook (czyta):<\/strong> Maciej Kowalik<br \/>\n<strong>Autor:<\/strong> Karolina Lewestam<br \/>\n<strong>Ilustrator:<\/strong> Mariusz Andryszczyk<br \/>\n<strong>Tytu\u0142:<\/strong> Silla<br \/>\n<strong>Wydawnictwo:<\/strong> Agora dla dzieci<br \/>\n<strong>Wydanie:<\/strong> I<br \/>\n<strong>Data wydania:<\/strong> 2023-02-22<br \/>\n<strong>Kategoria:<\/strong> lit. dzieci\u0119ca<br \/>\n<strong>ISBN:<\/strong> 9788326840630<br \/>\n<strong>Liczba stron:<\/strong> 336<br \/>\n<img decoding=\"async\" loading=\"lazy\" class=\"aligncenter wp-image-5880 size-large\" src=\"http:\/\/zapatrzonawksiazki.pl\/wp-content\/uploads\/2021\/05\/ocena-Zapatrzona-8-1024x195.png\" alt=\"\" width=\"1024\" height=\"195\" srcset=\"https:\/\/zapatrzonawksiazki.pl\/wp-content\/uploads\/2021\/05\/ocena-Zapatrzona-8-1024x195.png 1024w, https:\/\/zapatrzonawksiazki.pl\/wp-content\/uploads\/2021\/05\/ocena-Zapatrzona-8-300x57.png 300w, https:\/\/zapatrzonawksiazki.pl\/wp-content\/uploads\/2021\/05\/ocena-Zapatrzona-8-768x146.png 768w\" sizes=\"(max-width: 1024px) 100vw, 1024px\" \/><\/p>\n<p style=\"text-align: center;\">Opowie\u015bci \u015awiata Zorzy<br \/>\n<em>Silla<\/em> | Stra\u017cniczka per\u0142y<\/p>\n","protected":false},"excerpt":{"rendered":"<p>Kiedy znajdzie si\u0119 przyjaciela, kolor sier\u015bci i kszta\u0142t uszu to sprawa zupe\u0142nie drugorz\u0119dna.* Wszystko, co robimy ma swoje konsekwencje. Dobrze wida\u0107, to teraz gdy natura pokazuje nam, jak bardzo zosta\u0142a przez nas skrzywdzona. I niby mamy jeszcze szans\u0119, by to naprawi\u0107, ale czy to jest takie proste? A co gdyby losy ludzi i \u015bwiata zale\u017ca\u0142y [&hellip;]<\/p>\n","protected":false},"author":2,"featured_media":9253,"comment_status":"open","ping_status":"open","sticky":false,"template":"","format":"standard","meta":[],"categories":[5,2298],"tags":[20,2344,2343,118,17,2345],"jetpack_featured_media_url":"https:\/\/zapatrzonawksiazki.pl\/wp-content\/uploads\/2025\/09\/silla-1-zapatrzonawksiazki-pl.jpg","_links":{"self":[{"href":"https:\/\/zapatrzonawksiazki.pl\/index.php\/wp-json\/wp\/v2\/posts\/9257"}],"collection":[{"href":"https:\/\/zapatrzonawksiazki.pl\/index.php\/wp-json\/wp\/v2\/posts"}],"about":[{"href":"https:\/\/zapatrzonawksiazki.pl\/index.php\/wp-json\/wp\/v2\/types\/post"}],"author":[{"embeddable":true,"href":"https:\/\/zapatrzonawksiazki.pl\/index.php\/wp-json\/wp\/v2\/users\/2"}],"replies":[{"embeddable":true,"href":"https:\/\/zapatrzonawksiazki.pl\/index.php\/wp-json\/wp\/v2\/comments?post=9257"}],"version-history":[{"count":1,"href":"https:\/\/zapatrzonawksiazki.pl\/index.php\/wp-json\/wp\/v2\/posts\/9257\/revisions"}],"predecessor-version":[{"id":9258,"href":"https:\/\/zapatrzonawksiazki.pl\/index.php\/wp-json\/wp\/v2\/posts\/9257\/revisions\/9258"}],"wp:featuredmedia":[{"embeddable":true,"href":"https:\/\/zapatrzonawksiazki.pl\/index.php\/wp-json\/wp\/v2\/media\/9253"}],"wp:attachment":[{"href":"https:\/\/zapatrzonawksiazki.pl\/index.php\/wp-json\/wp\/v2\/media?parent=9257"}],"wp:term":[{"taxonomy":"category","embeddable":true,"href":"https:\/\/zapatrzonawksiazki.pl\/index.php\/wp-json\/wp\/v2\/categories?post=9257"},{"taxonomy":"post_tag","embeddable":true,"href":"https:\/\/zapatrzonawksiazki.pl\/index.php\/wp-json\/wp\/v2\/tags?post=9257"}],"curies":[{"name":"wp","href":"https:\/\/api.w.org\/{rel}","templated":true}]}}