{"id":922,"date":"2012-12-15T10:15:00","date_gmt":"2012-12-15T10:15:00","guid":{"rendered":"http:\/\/zapatrzonawksiazki.pl\/index.php\/2012\/12\/15\/frakcja-ponad-krwia\/"},"modified":"2018-10-07T00:33:16","modified_gmt":"2018-10-07T00:33:16","slug":"frakcja-ponad-krwia","status":"publish","type":"post","link":"https:\/\/zapatrzonawksiazki.pl\/index.php\/2012\/12\/15\/frakcja-ponad-krwia\/","title":{"rendered":"Frakcja ponad krwi\u0105"},"content":{"rendered":"<div class=\"separator\" style=\"clear: both; text-align: center;\">\n<a href=\"http:\/\/3.bp.blogspot.com\/-At8ZTIqH7r8\/UMxMZftn6kI\/AAAAAAAAEp4\/pDtOpnU7oJw\/s1600\/352x500.jpg\" imageanchor=\"1\" style=\"clear: left; float: left; margin-bottom: 1em; margin-right: 1em;\"><img decoding=\"async\" loading=\"lazy\" border=\"0\" height=\"320\" src=\"http:\/\/3.bp.blogspot.com\/-At8ZTIqH7r8\/UMxMZftn6kI\/AAAAAAAAEp4\/pDtOpnU7oJw\/s320\/352x500.jpg\" width=\"203\" \/><\/a><\/div>\n<div class=\"MsoNormal\">\n<b style=\"mso-bidi-font-weight: normal;\"><i style=\"mso-bidi-font-style: normal;\">&nbsp;&nbsp;&nbsp;&nbsp;&nbsp;&nbsp;&nbsp;&nbsp;&nbsp;&nbsp;&nbsp; \u201eNie poddam si\u0119, niech ten kto\u015b, kto patrzy na mnie przez<br \/>\nkamer\u0119, widzi, \u017ce jestem odwa\u017cna. Ale czasem to nie podj\u0119cie walki \u015bwiadczy o<br \/>\nodwadze, ale stawienie czo\u0142a nieuchronnej \u015bmierci.\u201d*<\/i><\/b><\/div>\n<div class=\"MsoNormal\">\n<\/div>\n<div class=\"MsoNormal\">\n<i style=\"mso-bidi-font-style: normal;\">&nbsp;&nbsp;&nbsp;&nbsp;&nbsp;&nbsp;&nbsp;&nbsp;&nbsp;&nbsp;&nbsp; W<br \/>\n\u015bwiecie, w kt\u00f3rym \u017cyjesz funkcjonuj\u0105 grupy, do kt\u00f3rych nale\u017c\u0105 poszczeg\u00f3lni<br \/>\nludzie. Ka\u017cda grupa cechuje si\u0119 czym\u015b innym, a ty masz zachowywa\u0107&nbsp; si\u0119 jak nale\u017cy. Masz narzucone pogl\u0105dy i<br \/>\nnormy post\u0119powania. Musisz by\u0107 taki jak nakazuje wasz status. <\/i><\/div>\n<div class=\"MsoNormal\">\n<\/div>\n<div class=\"MsoNormal\">\n<i style=\"mso-bidi-font-style: normal;\">&nbsp;&nbsp;&nbsp;&nbsp;&nbsp;&nbsp;&nbsp;&nbsp;&nbsp;&nbsp;&nbsp; Altruizm,<br \/>\nErudycja, Prawo\u015b\u0107, Nieustraszono\u015b\u0107 i Serdeczno\u015b\u0107. Oto pi\u0119\u0107 frakcji, kt\u00f3re<br \/>\npowsta\u0142o na zgliszczach Chicago. S\u0105 rozmieszczone w r\u00f3\u017cnych cz\u0119\u015bciach miasta i<br \/>\nr\u00f3\u017cni\u0105 si\u0119 zasadami, pogl\u0105dami i zachowaniem. W wieku szesnastu lat przechodzi<br \/>\nsi\u0119 test, kt\u00f3rego wyniki przedstawiaj\u0105 do jakiej frakcji powinno si\u0119 nale\u017ce\u0107.<br \/>\nBeatrice nale\u017cy do Altruizmu, ale czuje, \u017ce tu nie pasuje. Fascynuj\u0105 j\u0105 za to<br \/>\nNieustraszeni. Gdy nadchodzi pora testu u dziewczyny okazuje si\u0119, \u017ce jest<br \/>\nNiezgodna, czyli zb\u0119dna i do usuni\u0119cia. Czemu Niezgodno\u015b\u0107 jest uwa\u017cana za<br \/>\nzagro\u017cenie i jak potocz\u0105 si\u0119 losy nastolatki?<\/i><\/div>\n<div class=\"MsoNormal\">\n<\/div>\n<div class=\"MsoNormal\">\n<i style=\"mso-bidi-font-style: normal;\">&nbsp;&nbsp;&nbsp;&nbsp;&nbsp;&nbsp;&nbsp;&nbsp;&nbsp;&nbsp;&nbsp; Po<br \/>\npodobno \u015bwietnych \u201eIgrzyskach \u015bmierci\u201d rynek wydawniczy zosta\u0142 zalany innymi<br \/>\npowie\u015bciami tego typu. Por\u00f3wnywane do wy\u017cej wspomnianej trylogii wywo\u0142ywa\u0142y<br \/>\nekscytacj\u0119 lub zniech\u0119cenie. Jak by\u0142o tym razem? Przyznaje, i\u017c ju\u017c sam napis na<br \/>\nok\u0142adce, \u201e\u201eNiezgodna\u201d wykracza poza \u201eIgrzyska \u015bmierci\u201d\u201d zniech\u0119ci\u0142 mnie do niej<br \/>\nna jaki\u015b czas. Uwa\u017cam, \u017ce por\u00f3wnywanie ksi\u0105\u017cek do innych utwor\u00f3w jest zazwyczaj<br \/>\nkrzywdz\u0105ce dla jednej lub drugiej strony. Do tego myli to potencjalnego<br \/>\nodbiorc\u0119, kt\u00f3ry nastawia si\u0119 na co\u015b, a dostaje zupe\u0142nie co innego lub namiastk\u0119<br \/>\nswoich oczekiwa\u0144.<\/i><\/div>\n<div class=\"MsoNormal\">\n<\/div>\n<div class=\"MsoNormal\">\n<i style=\"mso-bidi-font-style: normal;\">&nbsp;&nbsp;&nbsp;&nbsp;&nbsp;&nbsp;&nbsp;&nbsp;&nbsp;&nbsp;&nbsp; Historia,<br \/>\nkt\u00f3ra jest wzorowana na ksi\u0105\u017ckach innych autor\u00f3w, ale napisana w spos\u00f3b, kt\u00f3ry<br \/>\nnie zniech\u0119ca czytelnika. \u015awiat wykreowany przez Roth jest na tyle ciekawy, \u017ce<br \/>\nwarto przymru\u017cy\u0107 oko na pojawiaj\u0105ce si\u0119 b\u0105d\u017a co b\u0105d\u017a cz\u0119sto minusy.&nbsp; Obserwujemy nowy \u015bwiat, kt\u00f3ry powsta\u0142 i<br \/>\nfunkcjonuje dzi\u0119ki organizacjom i poszczeg\u00f3lnym frakcjom. To w\u0142a\u015bnie one<br \/>\nnajbardziej mnie zainteresowa\u0142y. W tej cz\u0119\u015bci niemal\u017ce szczeg\u00f3\u0142owo poznajemy<br \/>\nAltruizm oraz Nieustraszono\u015b\u0107, ale wyra\u017anie wida\u0107, \u017ce i z pozosta\u0142ymi b\u0119dziemy<br \/>\nmieli styczno\u015b\u0107. Plusem jest wi\u0119c przedstawienie rzeczywisto\u015bci w ca\u0142kiem innym<br \/>\n\u015bwietle oraz fakt, \u017ce powie\u015b\u0107 wci\u0105ga i nie nu\u017cy.<\/i><\/div>\n<div class=\"MsoNormal\">\n<\/div>\n<div class=\"MsoNormal\">\n<i style=\"mso-bidi-font-style: normal;\">&nbsp;&nbsp;&nbsp;&nbsp;&nbsp;&nbsp;&nbsp;&nbsp;&nbsp;&nbsp;&nbsp; Je\u015bli<br \/>\nchodzi o minusy &#8211; tych jest niestety wi\u0119cej. Bohaterowie nie zaskakuj\u0105 i czasem<br \/>\nwr\u0119cz irytuj\u0105 swoim post\u0119powaniem. S\u0105 pu\u015bci i tacy sztuczni. Niekt\u00f3rzy zaraz po<br \/>\ntym jak si\u0119 pojawi\u0105, znikaj\u0105. Sza\u0142u nie by\u0142o. Nie z\u017cy\u0142am si\u0119 z nimi i bez \u017calu<br \/>\nsi\u0119 z nimi rozstawa\u0142am gdy ko\u0144czy\u0142am ksi\u0105\u017ck\u0119. Fabu\u0142a jest przewidywalna po<br \/>\nkilku rozdzia\u0142ach i w dodatku niezbyt oryginalna. Nie jestem w stanie<br \/>\nprzypomnie\u0107 sobie niczego, co by mnie zaskoczy\u0142o, albo co\u015b podejrzewa\u0142am, albo<br \/>\nby\u0142o to jasne jak s\u0142o\u0144ce.&nbsp; Niestety<br \/>\nautorka si\u0119 nie wykaza\u0142a, a szkoda, bo zapowiada\u0142o si\u0119 naprawd\u0119 ciekawie. Z<br \/>\nakcj\u0105 te\u017c bywa\u0142o r\u00f3\u017cnie &#8211; czasem co\u015b si\u0119 dzia\u0142o, ale nie wywo\u0142ywa\u0142o to u mnie<br \/>\ng\u0142\u0119bszych emocji. <\/i><\/div>\n<div class=\"MsoNormal\">\n<\/div>\n<div class=\"MsoNormal\">\n<i style=\"mso-bidi-font-style: normal;\">&nbsp;&nbsp;&nbsp;&nbsp;&nbsp;&nbsp;&nbsp;&nbsp;&nbsp;&nbsp;&nbsp; Nie<br \/>\n\u017ca\u0142uje, \u017ce jednak j\u0105 przeczyta\u0142am, ale i nie uwa\u017cam, \u017ce powie\u015b\u0107 jest<br \/>\nzachwycaj\u0105ca. Ksi\u0105\u017cka ma plusy i minusy, ale jest&#8230; w miar\u0119, \u017ce tak powiem.<br \/>\nTaka troch\u0119 bez \u0142adu i sk\u0142adu, jakby wszystko nie by\u0142o przemy\u015blane. Napisana,<br \/>\naby by\u0142a. Kr\u00f3tko m\u00f3wi\u0105c by\u0142 pomys\u0142, kt\u00f3ry nie zosta\u0142 wykorzystany w nale\u017cyty<br \/>\nspos\u00f3b. Niewymagaj\u0105cy czytelnik si\u0119 zadowoli t\u0105 powie\u015bci\u0105. Nie polecam, ale te\u017c<br \/>\nnie odradzam. Mo\u017cna po ni\u0105 si\u0119gn\u0105\u0107 gdy nie ma si\u0119 nic ciekawszego pod r\u0119k\u0105 lub<br \/>\npotrzebuje czego\u015b naprawd\u0119 lekkiego. <\/i><\/div>\n<div class=\"MsoNormal\">\n<\/div>\n<div class=\"MsoNormal\">\n<i>*cytat z ksi\u0105\u017cki \u201eNiezgodna\u201d V. Roth<\/i><i style=\"mso-bidi-font-style: normal;\"><\/i><\/div>\n<div class=\"MsoNormal\">\n<b style=\"mso-bidi-font-weight: normal;\"><i style=\"mso-bidi-font-style: normal;\">Autor: <\/i><\/b><i style=\"mso-bidi-font-style: normal;\">Veronica<br \/>\nRoth<\/i><\/div>\n<div class=\"MsoNormal\">\n<b style=\"mso-bidi-font-weight: normal;\"><i style=\"mso-bidi-font-style: normal;\">Tytu\u0142: <\/i><\/b><i style=\"mso-bidi-font-style: normal;\">Niezgodna<\/i><\/div>\n<div class=\"MsoNormal\">\n<b style=\"mso-bidi-font-weight: normal;\"><i style=\"mso-bidi-font-style: normal;\">Wydawnictwo: <\/i><\/b><i style=\"mso-bidi-font-style: normal;\">Amber<\/i><\/div>\n<div class=\"MsoNormal\">\n<b style=\"mso-bidi-font-weight: normal;\"><i style=\"mso-bidi-font-style: normal;\">Rok wydania: <\/i><\/b><i style=\"mso-bidi-font-style: normal;\">marzec 2012 <\/i><\/div>\n<div class=\"MsoNormal\">\n<b style=\"mso-bidi-font-weight: normal;\"><i style=\"mso-bidi-font-style: normal;\">Liczba stron: <\/i><\/b><i style=\"mso-bidi-font-style: normal;\">352<\/i><\/div>\n<div class=\"MsoNormal\">\n<\/div>\n<div class=\"MsoNormal\" style=\"text-align: center;\">\n<i style=\"mso-bidi-font-style: normal;\"><b>Niezgodna:<\/b><\/i><\/div>\n<div class=\"MsoNormal\" style=\"text-align: center;\">\n<i style=\"mso-bidi-font-style: normal;\"><b>Niezgodna<\/b>|Zbuntowana<b>&nbsp;<\/b> <\/i><\/div>\n","protected":false},"excerpt":{"rendered":"<p>&nbsp;&nbsp;&nbsp;&nbsp;&nbsp;&nbsp;&nbsp;&nbsp;&nbsp;&nbsp;&nbsp; \u201eNie poddam si\u0119, niech ten kto\u015b, kto patrzy na mnie przez kamer\u0119, widzi, \u017ce jestem odwa\u017cna. Ale czasem to nie podj\u0119cie walki \u015bwiadczy o odwadze, ale stawienie czo\u0142a nieuchronnej \u015bmierci.\u201d* &nbsp;&nbsp;&nbsp;&nbsp;&nbsp;&nbsp;&nbsp;&nbsp;&nbsp;&nbsp;&nbsp; W \u015bwiecie, w kt\u00f3rym \u017cyjesz funkcjonuj\u0105 grupy, do kt\u00f3rych nale\u017c\u0105 poszczeg\u00f3lni ludzie. Ka\u017cda grupa cechuje si\u0119 czym\u015b innym, a ty masz zachowywa\u0107&nbsp; si\u0119 [&hellip;]<\/p>\n","protected":false},"author":2,"featured_media":0,"comment_status":"open","ping_status":"open","sticky":false,"template":"","format":"standard","meta":[],"categories":[1],"tags":[39,303,349,12,378,476,477],"jetpack_featured_media_url":"","_links":{"self":[{"href":"https:\/\/zapatrzonawksiazki.pl\/index.php\/wp-json\/wp\/v2\/posts\/922"}],"collection":[{"href":"https:\/\/zapatrzonawksiazki.pl\/index.php\/wp-json\/wp\/v2\/posts"}],"about":[{"href":"https:\/\/zapatrzonawksiazki.pl\/index.php\/wp-json\/wp\/v2\/types\/post"}],"author":[{"embeddable":true,"href":"https:\/\/zapatrzonawksiazki.pl\/index.php\/wp-json\/wp\/v2\/users\/2"}],"replies":[{"embeddable":true,"href":"https:\/\/zapatrzonawksiazki.pl\/index.php\/wp-json\/wp\/v2\/comments?post=922"}],"version-history":[{"count":1,"href":"https:\/\/zapatrzonawksiazki.pl\/index.php\/wp-json\/wp\/v2\/posts\/922\/revisions"}],"predecessor-version":[{"id":2423,"href":"https:\/\/zapatrzonawksiazki.pl\/index.php\/wp-json\/wp\/v2\/posts\/922\/revisions\/2423"}],"wp:attachment":[{"href":"https:\/\/zapatrzonawksiazki.pl\/index.php\/wp-json\/wp\/v2\/media?parent=922"}],"wp:term":[{"taxonomy":"category","embeddable":true,"href":"https:\/\/zapatrzonawksiazki.pl\/index.php\/wp-json\/wp\/v2\/categories?post=922"},{"taxonomy":"post_tag","embeddable":true,"href":"https:\/\/zapatrzonawksiazki.pl\/index.php\/wp-json\/wp\/v2\/tags?post=922"}],"curies":[{"name":"wp","href":"https:\/\/api.w.org\/{rel}","templated":true}]}}