{"id":9160,"date":"2025-05-21T10:54:51","date_gmt":"2025-05-21T08:54:51","guid":{"rendered":"https:\/\/zapatrzonawksiazki.pl\/?p=9160"},"modified":"2025-06-10T01:01:29","modified_gmt":"2025-06-09T23:01:29","slug":"zapowiedz-recenzencka-czas-rezurekcji-maxa-czornyja","status":"publish","type":"post","link":"https:\/\/zapatrzonawksiazki.pl\/index.php\/2025\/05\/21\/zapowiedz-recenzencka-czas-rezurekcji-maxa-czornyja\/","title":{"rendered":"Zapowied\u017a recenzencka Czas rezurekcji Maxa Czornyja"},"content":{"rendered":"<p style=\"text-align: justify;\">Ostatnio pozna\u0142am pierwszy tom o bracie Hektorze, a dzi\u015b bior\u0119 si\u0119 za najnowsza cz\u0119\u015b\u0107 serii. Wiem ju\u017c czego mog\u0119 si\u0119 spodziewa\u0107 po pi\u00f3rze autora i jestem ciekawa, jak potoczy si\u0119 kolejna sprawa z jego udzia\u0142em. No i musz\u0119 przyzna\u0107, \u017ce kupi\u0142y mnie s\u0142owa z pocz\u0105tku opisu &#8211; ka\u017cdy z nas ma swoje demony.<\/p>\n<h3 style=\"text-align: justify;\">\u0141apcie opis \u2b07\ufe0f<\/h3>\n<p style=\"text-align: justify;\"><em>Ka\u017cdy cz\u0142owiek ma swoje demony. Ten thriller sprawi, \u017ce odkryjecie w\u0142asne.<\/em><\/p>\n<p style=\"text-align: justify;\"><em>Brat Hektor na polecenie najwy\u017cszych hierarch\u00f3w ko\u015bcielnych wyrusza do po\u0142o\u017conego na odludziu klasztoru Misteryst\u00f3w. Siedziba pradawnego zakonu kryje mroczne tajemnice. Dosz\u0142o w niej do makabrycznej zbrodni, a na temat mnich\u00f3w kr\u0105\u017c\u0105 dziwne plotki. M\u00f3wi si\u0119, \u017ce weszli w konszachty z samym diab\u0142em.<\/em><\/p>\n<p><em>Tymczasem \u015bledczy zdaj\u0105 si\u0119 bezradni w starciu z morderc\u0105. Czy mo\u017ce si\u0119 z nim zmierzy\u0107 jedynie&#8230; egzorcysta? Wszystko wskazuje, \u017ce aby dopa\u015b\u0107 zbrodniarza, najpierw nale\u017cy uwierzy\u0107. Uwierzy\u0107 w Bezgraniczne Z\u0142o.<\/em><\/p>\n","protected":false},"excerpt":{"rendered":"<p>Ostatnio pozna\u0142am pierwszy tom o bracie Hektorze, a dzi\u015b bior\u0119 si\u0119 za najnowsza cz\u0119\u015b\u0107 serii. Wiem ju\u017c czego mog\u0119 si\u0119 spodziewa\u0107 po pi\u00f3rze autora i jestem ciekawa, jak potoczy si\u0119 kolejna sprawa z jego udzia\u0142em. No i musz\u0119 przyzna\u0107, \u017ce kupi\u0142y mnie s\u0142owa z pocz\u0105tku opisu &#8211; ka\u017cdy z nas ma swoje demony. \u0141apcie opis [&hellip;]<\/p>\n","protected":false},"author":2,"featured_media":9161,"comment_status":"open","ping_status":"open","sticky":false,"template":"","format":"standard","meta":[],"categories":[1433],"tags":[25],"jetpack_featured_media_url":"https:\/\/zapatrzonawksiazki.pl\/wp-content\/uploads\/2025\/06\/czas-rezurekcji-maxa-czornyja.jpg","_links":{"self":[{"href":"https:\/\/zapatrzonawksiazki.pl\/index.php\/wp-json\/wp\/v2\/posts\/9160"}],"collection":[{"href":"https:\/\/zapatrzonawksiazki.pl\/index.php\/wp-json\/wp\/v2\/posts"}],"about":[{"href":"https:\/\/zapatrzonawksiazki.pl\/index.php\/wp-json\/wp\/v2\/types\/post"}],"author":[{"embeddable":true,"href":"https:\/\/zapatrzonawksiazki.pl\/index.php\/wp-json\/wp\/v2\/users\/2"}],"replies":[{"embeddable":true,"href":"https:\/\/zapatrzonawksiazki.pl\/index.php\/wp-json\/wp\/v2\/comments?post=9160"}],"version-history":[{"count":2,"href":"https:\/\/zapatrzonawksiazki.pl\/index.php\/wp-json\/wp\/v2\/posts\/9160\/revisions"}],"predecessor-version":[{"id":9163,"href":"https:\/\/zapatrzonawksiazki.pl\/index.php\/wp-json\/wp\/v2\/posts\/9160\/revisions\/9163"}],"wp:featuredmedia":[{"embeddable":true,"href":"https:\/\/zapatrzonawksiazki.pl\/index.php\/wp-json\/wp\/v2\/media\/9161"}],"wp:attachment":[{"href":"https:\/\/zapatrzonawksiazki.pl\/index.php\/wp-json\/wp\/v2\/media?parent=9160"}],"wp:term":[{"taxonomy":"category","embeddable":true,"href":"https:\/\/zapatrzonawksiazki.pl\/index.php\/wp-json\/wp\/v2\/categories?post=9160"},{"taxonomy":"post_tag","embeddable":true,"href":"https:\/\/zapatrzonawksiazki.pl\/index.php\/wp-json\/wp\/v2\/tags?post=9160"}],"curies":[{"name":"wp","href":"https:\/\/api.w.org\/{rel}","templated":true}]}}