{"id":910,"date":"2012-12-28T00:03:00","date_gmt":"2012-12-28T00:03:00","guid":{"rendered":"http:\/\/zapatrzonawksiazki.pl\/index.php\/2012\/12\/28\/amatorski-klub-detektywow-po-raz-trzeci\/"},"modified":"2018-10-07T00:33:15","modified_gmt":"2018-10-07T00:33:15","slug":"amatorski-klub-detektywow-po-raz-trzeci","status":"publish","type":"post","link":"https:\/\/zapatrzonawksiazki.pl\/index.php\/2012\/12\/28\/amatorski-klub-detektywow-po-raz-trzeci\/","title":{"rendered":"Amatorski klub detektyw\u00f3w po raz trzeci w akcji\u2026"},"content":{"rendered":"<div class=\"separator\" style=\"clear: both; text-align: center;\">\n<a href=\"http:\/\/3.bp.blogspot.com\/-hjilLpK0hzs\/UNzf-SKzRoI\/AAAAAAAAE8Q\/G2pTh5bk9IA\/s1600\/352x500.jpg\" imageanchor=\"1\" style=\"clear: left; float: left; margin-bottom: 1em; margin-right: 1em;\"><img decoding=\"async\" border=\"0\" src=\"http:\/\/3.bp.blogspot.com\/-hjilLpK0hzs\/UNzf-SKzRoI\/AAAAAAAAE8Q\/G2pTh5bk9IA\/s1600\/352x500.jpg\" \/><\/a><\/div>\n<div class=\"MsoNormal\">\n<i style=\"mso-bidi-font-style: normal;\">&nbsp;&nbsp;&nbsp;&nbsp;&nbsp;&nbsp;&nbsp;&nbsp;&nbsp;&nbsp;&nbsp; <b style=\"mso-bidi-font-weight: normal;\">\u201eChwytaj chwil\u0119<br \/>\n(\u2026)!\u201d*<\/b><\/i><\/div>\n<div class=\"MsoNormal\">\n<\/div>\n<div class=\"MsoNormal\">\n<i style=\"mso-bidi-font-style: normal;\">&nbsp;&nbsp;&nbsp;&nbsp;&nbsp;&nbsp;&nbsp;&nbsp;&nbsp;&nbsp;&nbsp; Nasi<br \/>\nbohaterowie na pierwszy rzut oka wydaj\u0105 si\u0119 by\u0107 zwyk\u0142ymi Pary\u017canami.<br \/>\nZamieszkuj\u0105 oni pewn\u0105 kamieniczk\u0119 w zau\u0142ku Woltera i prowadz\u0105 swoje monotonne<br \/>\n\u017cycie. Gdy jednak przyjrze\u0107 si\u0119 im bli\u017cej, w ka\u017cdy czwartkowy wiecz\u00f3r, grupka<br \/>\nos\u00f3b, za pomoc\u0105 tajemnego przej\u015bcia udaje si\u0119 do mieszkania legendarnego<br \/>\ndetektywa, kt\u00f3ry jest ich idolem. W tym w\u0142a\u015bnie miejscu trwaj\u0105 wszelkie narady<br \/>\nodno\u015bnie prowadzonych czy te\u017c planowanych spraw. Po dw\u00f3ch pozytywnie<br \/>\nrozwi\u0105zanych zagadkach, przysz\u0142a pora na kolejn\u0105. Z paryskiej galerii<br \/>\nskradziono obraz o ma\u0142ej warto\u015bci, a z\u0142odziej nie tkn\u0105\u0142 ani jednej cenniejszej<br \/>\nrzeczy. Czy to nie dziwne?<\/i><\/div>\n<div class=\"MsoNormal\">\n<\/div>\n<div class=\"MsoNormal\">\n<i style=\"mso-bidi-font-style: normal;\">&nbsp;&nbsp;&nbsp;&nbsp;&nbsp;&nbsp;&nbsp;&nbsp;&nbsp;&nbsp;&nbsp; To<br \/>\nju\u017c trzeci tom serii &#8220;Na tropie sensacji&#8221;, napisany przez w\u0142oski<br \/>\nduet. Moje pocz\u0105tki z ich tw\u00f3rczo\u015bci\u0105 by\u0142y co prawda niezbyt ciekawe, ale im<br \/>\ndalej sz\u0142am w nasz\u0105 \u201eznajomo\u015b\u0107\u201d, tym by\u0142o lepiej. Dzie\u0142a tych pan\u00f3w co prawda<br \/>\nnie powali\u0142y mnie na kolana, ale na tyle zaciekawi\u0142y, by si\u0119ga\u0107 po kolejne<br \/>\ncz\u0119\u015bci. I tak, po \u015brednim pocz\u0105tku, przysz\u0142a te\u017c kolej na lepsz\u0105 kontynuacj\u0119.<br \/>\nJak b\u0119dzie tym razem?<\/i><\/div>\n<div class=\"MsoNormal\">\n<\/div>\n<div class=\"MsoNormal\">\n<i style=\"mso-bidi-font-style: normal;\">&nbsp;&nbsp;&nbsp;&nbsp;&nbsp;&nbsp;&nbsp;&nbsp;&nbsp;&nbsp;&nbsp; Wydaje<br \/>\nmi si\u0119, \u017ce z ka\u017cd\u0105 now\u0105 cz\u0119\u015bci\u0105, dzieje si\u0119 troszk\u0119 wi\u0119cej ni\u017c poprzednio. W<br \/>\n\u201eSkradzionym obrazie\u201d wszystko toczy si\u0119 szybko, ale bez problemu si\u0119 w tym<br \/>\nodnajdywa\u0142am. Fabu\u0142a (z ma\u0142ymi wyj\u0105tkami) by\u0142a zaskakuj\u0105ca, a ju\u017c na pewno tak\u0105<br \/>\nby\u0142a sprawa, kt\u00f3r\u0105 zaj\u0119li si\u0119 detektywi. Wraz z nimi rozmy\u015bla\u0142am kto i z jakich<br \/>\npowod\u00f3w ukrad\u0142 tak ma\u0142o warto\u015bciow\u0105 rzecz, gdy wok\u00f3\u0142 mia\u0142 tyle innych,<br \/>\ncenniejszych dzie\u0142. Nie zabrak\u0142o r\u00f3wnie\u017c morderstwa z prawdziwego zdarzenia<br \/>\noraz po\u015bcigu za z\u0142oczy\u0144c\u0105. Prawie do samego ko\u0144ca nie wiadomo kto jest<br \/>\nz\u0142odziejem i jakimi motywami kierowa\u0142 si\u0119 w trakcie tego rabunku.<\/i><\/div>\n<div class=\"MsoNormal\">\n<\/div>\n<div class=\"MsoNormal\">\n<i style=\"mso-bidi-font-style: normal;\">&nbsp;&nbsp;&nbsp;&nbsp;&nbsp;&nbsp;&nbsp;&nbsp;&nbsp;&nbsp;&nbsp; Podczas<br \/>\nczytania towarzyszy\u0142o mi lekkie napi\u0119cie spowodowane biegiem wydarze\u0144.<br \/>\nDetektywi-amatorzy napotykaj\u0105 coraz trudniejsze i niebezpieczniejsze sprawy i z<br \/>\ntego te\u017c powodu wzrastaj\u0105 w czytelniku emocje. Grupa detektyw\u00f3w-amator\u00f3w<br \/>\ndostarczy\u0142a mi przyjemnych wra\u017ce\u0144. Wraz z nimi \u015bmia\u0142am si\u0119 i g\u0142owi\u0142am nad<br \/>\nzagadk\u0105. Z wyrozumia\u0142ym u\u015bmiechem czyta\u0142am fragmenty o zakochanym Simonie czy<br \/>\nte\u017c Ludwiku, kt\u00f3rego onie\u015bmiela mama najm\u0142odszych detektyw\u00f3w. Bohaterowie w<br \/>\ndalszym ci\u0105gu potrafi\u0105 zaskoczy\u0107 i rozbawi\u0107. Ka\u017cdy jest inny, a razem tworz\u0105<br \/>\nzgran\u0105 paczk\u0119 i mog\u0105 wszystkiego dokona\u0107.<\/i><\/div>\n<div class=\"MsoNormal\">\n<\/div>\n<div class=\"MsoNormal\">\n<i style=\"mso-bidi-font-style: normal;\">&nbsp;&nbsp;&nbsp;&nbsp;&nbsp;&nbsp;&nbsp;&nbsp;&nbsp;&nbsp;&nbsp; Seria<br \/>\nstworzona przez dw\u00f3ch W\u0142och\u00f3w jest kierowana do m\u0142odszego czytelnika, w wieku<br \/>\nod dziewi\u0119ciu do dwunastu lat, dlatego te\u017c bardzo wa\u017cne jest moim zdaniem<br \/>\nwydanie. Kolorowa ok\u0142adka, kt\u00f3ra wsp\u00f3\u0142gra z tytu\u0142em i obrazuje o czym b\u0119dzie<br \/>\nhistoria, przyci\u0105gnie z pewno\u015bci oko dziecka. Je\u015bli tylko lubuje si\u0119 ono w tego<br \/>\ntypu literaturze. Ksi\u0105\u017cka zosta\u0142a podzielona na kilkana\u015bcie kr\u00f3tkich<br \/>\nrozdzia\u0142\u00f3w. Prawie na ka\u017cdej stronie jest czarno-bia\u0142a ilustracja, kt\u00f3ra<br \/>\nprzedstawia zdarzenie opisane obok. Tekst jest drukowany do\u015b\u0107 du\u017c\u0105 czcionk\u0105, a<br \/>\nwszystko po to by mali czytelnicy z rado\u015bci\u0105 zag\u0142\u0119biali si\u0119 w czytan\u0105 pozycj\u0119.<\/i><\/div>\n<div class=\"MsoNormal\">\n<\/div>\n<div class=\"MsoNormal\">\n<i style=\"mso-bidi-font-style: normal;\">&nbsp;&nbsp;&nbsp;&nbsp;&nbsp;&nbsp;&nbsp;&nbsp;&nbsp;&nbsp;&nbsp; \u201eSkradziony<br \/>\nobraz\u201d, jak i reszta serii, mo\u017ce by\u0107 doskona\u0142ym prezentem na r\u00f3\u017cnego rodzaju<br \/>\n\u015bwi\u0119ta. Lekki, nieskomplikowany styl pisania, ciekawa fabu\u0142a oraz zabawne<br \/>\ndialogi zapewni\u0105 obdarowanym mn\u00f3stwo rado\u015bci.&nbsp;<\/i><\/div>\n<div class=\"MsoNormal\">\n<\/div>\n<p><\/p>\n<div class=\"MsoNormal\" style=\"text-indent: 35.4pt;\">\n<\/div>\n<div class=\"MsoNormal\" style=\"text-align: center; text-indent: 35.4pt;\">\n<i style=\"mso-bidi-font-style: normal;\">&nbsp;<b>TEKST STANOWI OFICJALN\u0104 RECENZJ\u0118 DLA PORTALU <a href=\"http:\/\/secretum.pl\/recenzje\/ksiazka-recenzja\/skradziony-obraz.html\">Secretum<\/a><\/b><\/i><\/div>\n<div class=\"separator\" style=\"clear: both; text-align: center;\">\n<a href=\"http:\/\/3.bp.blogspot.com\/-YRAWhYNaMGE\/UNzga2iLjMI\/AAAAAAAAE8Y\/247iBU7iVBg\/s1600\/secretum.jpg\" imageanchor=\"1\" style=\"margin-left: 1em; margin-right: 1em;\"><img decoding=\"async\" border=\"0\" src=\"http:\/\/3.bp.blogspot.com\/-YRAWhYNaMGE\/UNzga2iLjMI\/AAAAAAAAE8Y\/247iBU7iVBg\/s1600\/secretum.jpg\" \/><\/a><\/div>\n<div class=\"MsoNormal\" style=\"text-align: center; text-indent: 35.4pt;\">\n<\/div>\n<div class=\"MsoNormal\">\n<br \/>\n<i style=\"mso-bidi-font-style: normal;\">*str. 164<\/i><\/div>\n<div class=\"MsoNormal\">\n<b style=\"mso-bidi-font-weight: normal;\"><i style=\"mso-bidi-font-style: normal;\">Autor: <\/i><\/b><i style=\"mso-bidi-font-style: normal;\">Pierdomenico<br \/>\nBaccalario, Alessandro Gatti<\/i><\/div>\n<div class=\"MsoNormal\">\n<b style=\"mso-bidi-font-weight: normal;\"><i style=\"mso-bidi-font-style: normal;\">Tytu\u0142: <\/i><\/b><i style=\"mso-bidi-font-style: normal;\">Skradziony<br \/>\nobraz<\/i><\/div>\n<div class=\"MsoNormal\">\n<b style=\"mso-bidi-font-weight: normal;\"><i style=\"mso-bidi-font-style: normal;\">Wydawnictwo: <\/i><\/b><i style=\"mso-bidi-font-style: normal;\">Zielona Sowa<\/i><\/div>\n<div class=\"MsoNormal\">\n<b style=\"mso-bidi-font-weight: normal;\"><i style=\"mso-bidi-font-style: normal;\">Rok wydania: <\/i><\/b><i style=\"mso-bidi-font-style: normal;\">wrzesie\u0144<br \/>\n2012 <\/i><\/div>\n<div class=\"MsoNormal\">\n<b style=\"mso-bidi-font-weight: normal;\"><i style=\"mso-bidi-font-style: normal;\">Liczba stron: <\/i><\/b><i style=\"mso-bidi-font-style: normal;\">174<\/i><\/div>\n<div class=\"MsoNormal\">\n<\/div>\n<div align=\"center\" class=\"MsoNormal\" style=\"text-align: center;\">\n<b style=\"mso-bidi-font-weight: normal;\"><i style=\"mso-bidi-font-style: normal;\">Na<br \/>\ntropie sensacji:<\/i><\/b><\/div>\n<div align=\"center\" class=\"MsoNormal\" style=\"text-align: center;\">\n<i style=\"mso-bidi-font-style: normal;\"><a href=\"http:\/\/zapatrzonawksiazki.blogspot.com\/2012\/08\/to-pachnie-zagadka-kieliszek-trucizny.html\">Kieliszek trucizny<\/a>|<a href=\"http:\/\/zapatrzonawksiazki.blogspot.com\/2012\/10\/tropem-nowej-zagadki-magiczna-zagadka.html\">Magiczna zagadka<\/a>|<b><u>Skradziony<br \/>\nobraz<\/u><\/b><\/i><\/div>\n","protected":false},"excerpt":{"rendered":"<p>&nbsp;&nbsp;&nbsp;&nbsp;&nbsp;&nbsp;&nbsp;&nbsp;&nbsp;&nbsp;&nbsp; \u201eChwytaj chwil\u0119 (\u2026)!\u201d* &nbsp;&nbsp;&nbsp;&nbsp;&nbsp;&nbsp;&nbsp;&nbsp;&nbsp;&nbsp;&nbsp; Nasi bohaterowie na pierwszy rzut oka wydaj\u0105 si\u0119 by\u0107 zwyk\u0142ymi Pary\u017canami. Zamieszkuj\u0105 oni pewn\u0105 kamieniczk\u0119 w zau\u0142ku Woltera i prowadz\u0105 swoje monotonne \u017cycie. Gdy jednak przyjrze\u0107 si\u0119 im bli\u017cej, w ka\u017cdy czwartkowy wiecz\u00f3r, grupka os\u00f3b, za pomoc\u0105 tajemnego przej\u015bcia udaje si\u0119 do mieszkania legendarnego detektywa, kt\u00f3ry jest ich idolem. W [&hellip;]<\/p>\n","protected":false},"author":2,"featured_media":0,"comment_status":"open","ping_status":"open","sticky":false,"template":"","format":"standard","meta":[],"categories":[1],"tags":[31,870,51,118,564,871,18,872,839,190],"jetpack_featured_media_url":"","_links":{"self":[{"href":"https:\/\/zapatrzonawksiazki.pl\/index.php\/wp-json\/wp\/v2\/posts\/910"}],"collection":[{"href":"https:\/\/zapatrzonawksiazki.pl\/index.php\/wp-json\/wp\/v2\/posts"}],"about":[{"href":"https:\/\/zapatrzonawksiazki.pl\/index.php\/wp-json\/wp\/v2\/types\/post"}],"author":[{"embeddable":true,"href":"https:\/\/zapatrzonawksiazki.pl\/index.php\/wp-json\/wp\/v2\/users\/2"}],"replies":[{"embeddable":true,"href":"https:\/\/zapatrzonawksiazki.pl\/index.php\/wp-json\/wp\/v2\/comments?post=910"}],"version-history":[{"count":1,"href":"https:\/\/zapatrzonawksiazki.pl\/index.php\/wp-json\/wp\/v2\/posts\/910\/revisions"}],"predecessor-version":[{"id":2411,"href":"https:\/\/zapatrzonawksiazki.pl\/index.php\/wp-json\/wp\/v2\/posts\/910\/revisions\/2411"}],"wp:attachment":[{"href":"https:\/\/zapatrzonawksiazki.pl\/index.php\/wp-json\/wp\/v2\/media?parent=910"}],"wp:term":[{"taxonomy":"category","embeddable":true,"href":"https:\/\/zapatrzonawksiazki.pl\/index.php\/wp-json\/wp\/v2\/categories?post=910"},{"taxonomy":"post_tag","embeddable":true,"href":"https:\/\/zapatrzonawksiazki.pl\/index.php\/wp-json\/wp\/v2\/tags?post=910"}],"curies":[{"name":"wp","href":"https:\/\/api.w.org\/{rel}","templated":true}]}}