{"id":89,"date":"2017-05-03T20:58:00","date_gmt":"2017-05-03T20:58:00","guid":{"rendered":"http:\/\/zapatrzonawksiazki.pl\/index.php\/2017\/05\/03\/chodzcie-na-chwile-do-krainy-lodu\/"},"modified":"2018-10-07T00:26:29","modified_gmt":"2018-10-07T00:26:29","slug":"chodzcie-na-chwile-do-krainy-lodu","status":"publish","type":"post","link":"https:\/\/zapatrzonawksiazki.pl\/index.php\/2017\/05\/03\/chodzcie-na-chwile-do-krainy-lodu\/","title":{"rendered":"Chodzcie na chwil\u0119 do Krainy Lodu!"},"content":{"rendered":"<div style=\"text-align: justify;\">\n<i><b><\/b><\/i><\/p>\n<div class=\"separator\" style=\"clear: both; text-align: center;\">\n<i><b><a href=\"https:\/\/2.bp.blogspot.com\/-47I-D-285eQ\/WQpBkrq475I\/AAAAAAAANoI\/lC_2S1uQJm86IrJDOY-ZRpwePzxSpOOogCLcB\/s1600\/frozen1.jpg\" imageanchor=\"1\" style=\"margin-left: 1em; margin-right: 1em;\"><img decoding=\"async\" loading=\"lazy\" border=\"0\" height=\"516\" src=\"https:\/\/2.bp.blogspot.com\/-47I-D-285eQ\/WQpBkrq475I\/AAAAAAAANoI\/lC_2S1uQJm86IrJDOY-ZRpwePzxSpOOogCLcB\/s640\/frozen1.jpg\" width=\"640\" \/><\/a><\/b><\/i><\/div>\n<p>\n<i><b>&#8211; Ka\u017cdy powinien na urodziny dosta\u0107 to, co lubi.<\/b><\/i> [s. 81]<\/p>\n<p>W ka\u017cdym z nas jest co\u015b z dziecka i lubimy czasem obejrze\u0107 czy te\u017c przeczyta\u0107 jak\u0105\u015b bajk\u0119. Do niekt\u00f3rych nie wracamy, inne mo\u017cemy powtarza\u0107 i powtarza\u0107. Tak w\u0142a\u015bnie jest z <i><b>Krain\u0105 Lodu<\/b><\/i>, odk\u0105d Disney w 2013 roku wyprodukowa\u0142 animacj\u0119, zbiera ona rzesz\u0119 fan\u00f3w w r\u00f3\u017cnym wieku. Zacz\u0119\u0142y powstawa\u0107 r\u00f3\u017cne gad\u017cety i ksi\u0105\u017ceczki m\u00f3wi\u0105ce o Arendelle i w sumie nie dziwi\u0119 si\u0119, \u017ce dla niekt\u00f3rych ta baja b\u0119dzie klasyk\u0105.<\/p>\n<p>Na ksi\u0105\u017ceczk\u0119 sk\u0142ada si\u0119 osiem opowiada\u0144 ze \u015bwiata <i><b>Krainy Lodu<\/b><\/i>: <i>Idealne urodziny, Zwariowane urodziny Kristoffa, Dzieci\u0144stwo ksi\u0119\u017cniczek, Zimowe zawody, Niespodzianka w niespodziance, Roztopione serca, Audiencja u Anny i Co podarowa\u0107 reniferowi, kt\u00f3ry ma wszystko?<\/i>. Bajeczki opowiadaj\u0105 g\u0142\u00f3wnie o przygodach Anny i Elsy w dzieci\u0144stwie i gdy Anna jest ju\u017c kr\u00f3low\u0105 oraz o ich przyjacio\u0142ach. Zapewniaj\u0105 dobr\u0105 zabaw\u0119, ale i w przyjemny spos\u00f3b ucz\u0105 pewnych wa\u017cnych warto\u015bci.&nbsp;<\/p>\n<div class=\"separator\" style=\"clear: both; text-align: center;\">\n<a href=\"https:\/\/4.bp.blogspot.com\/-wRWJZOAUp2U\/WQpB9ng4itI\/AAAAAAAANoM\/KvWIyqnSt1E-PBl2s3WRcyY6O--ohj6-gCLcB\/s1600\/frozen2.jpg\" imageanchor=\"1\" style=\"margin-left: 1em; margin-right: 1em;\"><img decoding=\"async\" loading=\"lazy\" border=\"0\" height=\"436\" src=\"https:\/\/4.bp.blogspot.com\/-wRWJZOAUp2U\/WQpB9ng4itI\/AAAAAAAANoM\/KvWIyqnSt1E-PBl2s3WRcyY6O--ohj6-gCLcB\/s640\/frozen2.jpg\" width=\"640\" \/><\/a><\/div>\n<p>Przyznam szczerze, \u017ce jestem ogromn\u0105 fank\u0105 <i><b>Frozen<\/b><\/i> i kiedy ta ksi\u0105\u017ceczka trafi\u0142a w moje r\u0119ce, bardzo si\u0119 w duchu ucieszy\u0142am. Mi\u0142o by\u0142o powr\u00f3ci\u0107 do \u015bwiata si\u00f3str i sp\u0119dzi\u0107 z nimi kilka przyjemnych chwil.<\/p>\n<p><i><b>Moje bajeczki o Annie i Elsie<\/b><\/i> s\u0105 skierowane do dzieci w wieku 3+ i musz\u0119 przyzna\u0107, \u017ce Egmont postara\u0142 si\u0119, je\u015bli chodzi o opraw\u0119 graficzn\u0105. Fajna ok\u0142adka z postaciami z bajki, w \u015brodku przepi\u0119kne ilustracje na niemal ka\u017cdej stronie, kt\u00f3re nie r\u00f3\u017cni\u0105 si\u0119 niczym od animacji filmowej i \u0142atwo sobie wyobrazi\u0107 czytane opowiastki na du\u017cym ekranie. Ilustracje wspaniale wsp\u00f3\u0142graj\u0105 z tekstem i dzieci bez problemu b\u0119d\u0105 wiedzie\u0107 jakie emocje czuj\u0105 bohaterowie.&nbsp;<\/p>\n<div class=\"separator\" style=\"clear: both; text-align: center;\">\n<a href=\"https:\/\/3.bp.blogspot.com\/-sxyR5rPGmLY\/WQpD487UfKI\/AAAAAAAANoY\/CmpZzn9bCeMRtNWTYrVb5NJTLsxIWNHHACLcB\/s1600\/frozen3.jpg\" imageanchor=\"1\" style=\"margin-left: 1em; margin-right: 1em;\"><img decoding=\"async\" loading=\"lazy\" border=\"0\" height=\"430\" src=\"https:\/\/3.bp.blogspot.com\/-sxyR5rPGmLY\/WQpD487UfKI\/AAAAAAAANoY\/CmpZzn9bCeMRtNWTYrVb5NJTLsxIWNHHACLcB\/s640\/frozen3.jpg\" width=\"640\" \/><\/a><\/div>\n<div class=\"separator\" style=\"clear: both; text-align: center;\">\n<\/div>\n<p>Je\u015bli chodzi o tre\u015b\u0107, jest ona \u0142atwa w odbiorze i opowiadania szybko si\u0119 czytaj\u0105. Sprawdz\u0105 si\u0119 jako czytane na dobranoc, jak i d\u0142u\u017csze obcowanie z ksi\u0105\u017ceczk\u0105 w dzie\u0144. My\u015bl\u0119, \u017ce pociechy nie strac\u0105 zainteresowania t\u0105 publikacj\u0105 zbyt szybko, bo teksty s\u0105 interesuj\u0105ce, czasem zabawne, poruszaj\u0105ce i m\u00f3wi\u0105ce o odwadze, po\u015bwi\u0119ceniu, mi\u0142o\u015bci i przyja\u017ani. Dostarczaj\u0105 rozrywki, ale te\u017c dzi\u0119ki nim mo\u017cna zacz\u0105\u0107 porusza\u0107 z dzie\u0107mi niekt\u00f3re tematy. <\/p>\n<p>Ze swojej strony, jako ciocia i wielbicielka <i><b>Krainy Lodu<\/b><\/i>, serdecznie polecam <i><b>Moje bajeczki o Annie i Elsie<\/b><\/i> wszystkim ma\u0142ym i du\u017cym wielbicielom bajki. Gwarantowana \u015bwietna zabawa.&nbsp;<\/p>\n<div class=\"separator\" style=\"clear: both; text-align: center;\">\n<a href=\"https:\/\/3.bp.blogspot.com\/-98_c8gTllBA\/WQpEStG9GgI\/AAAAAAAANoc\/AO-2z10o2QAR9RnOn4JD8JAHkq9vBbCUACLcB\/s1600\/frozen4.jpg\" imageanchor=\"1\" style=\"margin-left: 1em; margin-right: 1em;\"><img decoding=\"async\" loading=\"lazy\" border=\"0\" height=\"424\" src=\"https:\/\/3.bp.blogspot.com\/-98_c8gTllBA\/WQpEStG9GgI\/AAAAAAAANoc\/AO-2z10o2QAR9RnOn4JD8JAHkq9vBbCUACLcB\/s640\/frozen4.jpg\" width=\"640\" \/><\/a><\/div>\n<p><b>Autor:<\/b> Moje bajeczki o Annie i Elsie<br \/><b>Tytu\u0142:<\/b> Glass Calliope, Saxon Victoria, West Tracey, Francis Suzanne, Rudnick Elizabeth<br \/><b>Wydawnictwo:<\/b> Egmont Polska<br \/><b>Data wydania:<\/b> 2017-03-01<br \/><b>Kategoria:<\/b> bajki<br \/><b>ISBN:<\/b> 978-83-281-2238-3 <br \/><b>Liczba stron:<\/b> 128<br \/><b>Ocena:<\/b> 7\/10<\/div>\n","protected":false},"excerpt":{"rendered":"<p>&#8211; Ka\u017cdy powinien na urodziny dosta\u0107 to, co lubi. [s. 81] W ka\u017cdym z nas jest co\u015b z dziecka i lubimy czasem obejrze\u0107 czy te\u017c przeczyta\u0107 jak\u0105\u015b bajk\u0119. Do niekt\u00f3rych nie wracamy, inne mo\u017cemy powtarza\u0107 i powtarza\u0107. Tak w\u0142a\u015bnie jest z Krain\u0105 Lodu, odk\u0105d Disney w 2013 roku wyprodukowa\u0142 animacj\u0119, zbiera ona rzesz\u0119 fan\u00f3w w [&hellip;]<\/p>\n","protected":false},"author":2,"featured_media":0,"comment_status":"open","ping_status":"open","sticky":false,"template":"","format":"standard","meta":[],"categories":[1],"tags":[31,120,61,121,14,122,17],"jetpack_featured_media_url":"","_links":{"self":[{"href":"https:\/\/zapatrzonawksiazki.pl\/index.php\/wp-json\/wp\/v2\/posts\/89"}],"collection":[{"href":"https:\/\/zapatrzonawksiazki.pl\/index.php\/wp-json\/wp\/v2\/posts"}],"about":[{"href":"https:\/\/zapatrzonawksiazki.pl\/index.php\/wp-json\/wp\/v2\/types\/post"}],"author":[{"embeddable":true,"href":"https:\/\/zapatrzonawksiazki.pl\/index.php\/wp-json\/wp\/v2\/users\/2"}],"replies":[{"embeddable":true,"href":"https:\/\/zapatrzonawksiazki.pl\/index.php\/wp-json\/wp\/v2\/comments?post=89"}],"version-history":[{"count":1,"href":"https:\/\/zapatrzonawksiazki.pl\/index.php\/wp-json\/wp\/v2\/posts\/89\/revisions"}],"predecessor-version":[{"id":1590,"href":"https:\/\/zapatrzonawksiazki.pl\/index.php\/wp-json\/wp\/v2\/posts\/89\/revisions\/1590"}],"wp:attachment":[{"href":"https:\/\/zapatrzonawksiazki.pl\/index.php\/wp-json\/wp\/v2\/media?parent=89"}],"wp:term":[{"taxonomy":"category","embeddable":true,"href":"https:\/\/zapatrzonawksiazki.pl\/index.php\/wp-json\/wp\/v2\/categories?post=89"},{"taxonomy":"post_tag","embeddable":true,"href":"https:\/\/zapatrzonawksiazki.pl\/index.php\/wp-json\/wp\/v2\/tags?post=89"}],"curies":[{"name":"wp","href":"https:\/\/api.w.org\/{rel}","templated":true}]}}