{"id":883,"date":"2013-02-06T17:29:00","date_gmt":"2013-02-06T17:29:00","guid":{"rendered":"http:\/\/zapatrzonawksiazki.pl\/index.php\/2013\/02\/06\/w-nie-przecietnej-rodzinie\/"},"modified":"2018-10-07T00:33:13","modified_gmt":"2018-10-07T00:33:13","slug":"w-nie-przecietnej-rodzinie","status":"publish","type":"post","link":"https:\/\/zapatrzonawksiazki.pl\/index.php\/2013\/02\/06\/w-nie-przecietnej-rodzinie\/","title":{"rendered":"W (nie) przeci\u0119tnej rodzinie\u2026"},"content":{"rendered":"<div class=\"MsoNormal\">\n<b style=\"mso-bidi-font-weight: normal;\"><i style=\"mso-bidi-font-style: normal;\">&nbsp;&nbsp;&nbsp;&nbsp;&nbsp;&nbsp;&nbsp;&nbsp;&nbsp;&nbsp;&nbsp; \u201eNic<br \/>\nnie mija bez \u015bladu. Cokolwiek zrobi\u0119, b\u0119d\u0119 to mia\u0142a zapisane w historii \u017cycia,<br \/>\npodobnie jak do historii choroby wpisuje si\u0119 ka\u017cdy drobiazg. Co\u015b, co si\u0119 ju\u017c<br \/>\nsta\u0142o, sta\u0142o si\u0119 na zawsze. Min\u0119\u0142o i ju\u017c nie mog\u0119 tego zmieni\u0107. Niby nie ma, a<br \/>\njest. Kto\u015b o tym pami\u0119ta i ja pami\u0119tam, i nie mo\u017cna zrobi\u0107 nic, \u017ceby to<br \/>\nwymaza\u0107.\u201d*<\/i><\/b><\/div>\n<div class=\"MsoNormal\">\n<\/div>\n<div class=\"MsoNormal\">\n<a href=\"http:\/\/2.bp.blogspot.com\/-wCOTuA_iXhs\/URKSPa4LAhI\/AAAAAAAAF8A\/pU_5HwBbIqc\/s1600\/352x500.jpg\" imageanchor=\"1\" style=\"clear: left; float: left; margin-bottom: 1em; margin-right: 1em;\"><img decoding=\"async\" loading=\"lazy\" border=\"0\" height=\"320\" src=\"http:\/\/2.bp.blogspot.com\/-wCOTuA_iXhs\/URKSPa4LAhI\/AAAAAAAAF8A\/pU_5HwBbIqc\/s320\/352x500.jpg\" width=\"225\" \/><\/a><i style=\"mso-bidi-font-style: normal;\">&nbsp;&nbsp;&nbsp;&nbsp;&nbsp;&nbsp;&nbsp;&nbsp;&nbsp;&nbsp;&nbsp; W<br \/>\nczasach szkolnych liczy si\u0119 popularno\u015b\u0107 i to co kto\u015b o tobie my\u015bli. Musisz by\u0107<br \/>\ntaki jak tego oczekuj\u0105, a odstawanie od grupy uwa\u017cane jest za dziwne i z<br \/>\nmiejsca stajesz si\u0119 tym gorszym. Bycie sob\u0105 cz\u0119sto jest trudne, ale dzi\u0119ki temu<br \/>\nz czasem wyra\u017cenie swojego zdania i sprzeciwienie si\u0119 grupie b\u0119dzie \u0142atwiejsze.<br \/>\nZw\u0142aszcza gdy wiesz, \u017ce masz racje. <\/i><\/div>\n<div class=\"MsoNormal\">\n<\/div>\n<div class=\"MsoNormal\">\n<i style=\"mso-bidi-font-style: normal;\">&nbsp;&nbsp;&nbsp;&nbsp;&nbsp;&nbsp;&nbsp;&nbsp;&nbsp;&nbsp;&nbsp; \u017bakowie<br \/>\ns\u0105 bardzo ciekaw\u0105 rodzin\u0105:, ciocia Wiesi\u0119 i jej syna Babcia, &nbsp;tata zwany \u017baczkiem, mam\u0119 oraz ich dwie c\u00f3rki<br \/>\nJuli\u0119 i Celestyn\u0119, pieszczotliwie zwan\u0105 Ciel\u0119cink\u0105. Ach! No jest jeszcze<br \/>\ndziadek, panie tego. G\u0142\u00f3wne skrzypce gra jednak Cesia, kt\u00f3ra jest bardzo m\u0105dr\u0105<br \/>\ndziewczynk\u0105 i do tego uczynn\u0105. Niestety jest te\u017c bardzo samotna. Nie ma<br \/>\nprzyjaci\u00f3\u0142, a o ch\u0142opaku mo\u017ce tylko powa\u017cy\u0107. Wini za to sw\u00f3j wygl\u0105d oraz fakt,<br \/>\n\u017ce jest niby przeci\u0119tna. Do tego Celestyna chod\u017a bardzo kochana przez rodzin\u0119,<br \/>\njest te\u017c troch\u0119 przez nich wykorzystywana. Nastolatka zaj\u0119ta swoimi problemami<br \/>\nnie dostrzega pewnych rzeczy, kt\u00f3re mog\u0105 zmieni\u0107 jej \u017cycie, ale najwyra\u017aniej<br \/>\nlos albo co\u015b innego czuwa nad Ciel\u0119cink\u0105 i dba o to,&nbsp; by i ona by\u0142a szcz\u0119\u015bliwa. <\/i><\/div>\n<div class=\"MsoNormal\">\n<\/div>\n<div class=\"MsoNormal\">\n<i style=\"mso-bidi-font-style: normal;\">&nbsp;&nbsp;&nbsp;&nbsp;&nbsp;&nbsp;&nbsp;&nbsp;&nbsp;&nbsp;&nbsp; Seri\u0119<br \/>\npani Musierowicz czyta\u0142am ju\u017c chyba kilkana\u015bcie razy i za ka\u017cdym razem podoba<br \/>\nmi si\u0119 ona tak samo. \u201eJe\u017cycjada\u201d by\u0142a ze mn\u0105 za ka\u017cdym razem gdy potrzebowa\u0142am<br \/>\npozytywnych wibracji, kt\u00f3rych zawsze mi dostarcza, gdy chcia\u0142am poczu\u0107 te<br \/>\nspecyficzne ciep\u0142o wyp\u0142ywaj\u0105ce z pomi\u0119dzy stron oraz gdy chcia\u0142am si\u0119 po\u015bmia\u0107. <\/i><\/div>\n<div class=\"MsoNormal\">\n<\/div>\n<div class=\"MsoNormal\">\n<i style=\"mso-bidi-font-style: normal;\">&nbsp;&nbsp;&nbsp;&nbsp;&nbsp;&nbsp;&nbsp;&nbsp;&nbsp;&nbsp;&nbsp; Jak<br \/>\ndzi\u015b pami\u0119tam kiedy to pierwszy raz si\u0119gn\u0119\u0142am po \u201eSz\u00f3st\u0105 klepk\u0119\u201d i ksi\u0105\u017cka,<br \/>\nkt\u00f3ra mia\u0142a umili\u0107 mi ca\u0142y weekend zosta\u0142a przeczytana w kilka godzin. Rodzina<br \/>\n\u017baczk\u00f3w sprawi\u0142a, \u017ce wsi\u0105k\u0142am w ich \u017cycie. Teraz, po paru latach ten czar nie<br \/>\nzmala\u0142. Ca\u0142y czas z rado\u015bci\u0105 powracam do ich domu by cho\u0107 przez chwil\u0119 po\u015bmia\u0107<br \/>\nsi\u0119 z zakr\u0119conej rodzinki, kt\u00f3ra jak wszystkie ma swoje wady, ale z pewno\u015bci\u0105<br \/>\nsi\u0119 kochaj\u0105. Temu nikt nie mo\u017ce zaprzeczy\u0107, wszyscy za jednego i jeden za<br \/>\nwszystkich. Jedynie co si\u0119 zmieni\u0142o z biegiem lat to coraz bardziej odczuwa\u0142am<br \/>\ni zazdro\u015bci\u0142am wi\u0119zi ich \u0142\u0105cz\u0105cej oraz tego ciep\u0142a. <\/i><\/div>\n<div class=\"MsoNormal\">\n<\/div>\n<div class=\"MsoNormal\">\n<i style=\"mso-bidi-font-style: normal;\">&nbsp;&nbsp;&nbsp;&nbsp;&nbsp;&nbsp;&nbsp;&nbsp;&nbsp;&nbsp;&nbsp; Musierowicz<br \/>\npo mistrzowsku stworzy\u0142a ka\u017cdego z bohater\u00f3w nadaj\u0105c im przer\u00f3\u017cne charaktery.<br \/>\nKa\u017cda z postaci jest inna, ale dzi\u0119ki temu wyj\u0105tkowa. Maj\u0105 wady i zalety jak<br \/>\nmy. Maj\u0105 te\u017c te same troski i problemy. Dzi\u0119ki temu postacie s\u0105 bardzo realne i<br \/>\n\u0142atwo si\u0119 z nimi uto\u017csami\u0107. Jakby spojrze\u0107 z boku przer\u00f3\u017cne osobowo\u015bci nie<br \/>\npowinny si\u0119 tak mocno rozumie\u0107, ale ci razem tworzyli grup\u0119, kt\u00f3ra wzrusza,<br \/>\nbawi, a nawet poucza. Dzi\u0119ki ich perypetiom pani Ma\u0142gorzata porusza szereg<br \/>\nwa\u017cnych temat\u00f3w, kt\u00f3re s\u0105 przedstawione w ciekawy i czasem zabawny spos\u00f3b, ale<br \/>\nnie trac\u0105 swojej wagi.<\/i><\/div>\n<div class=\"MsoNormal\">\n<\/div>\n<div class=\"MsoNormal\">\n<i style=\"mso-bidi-font-style: normal;\">&nbsp;&nbsp;&nbsp;&nbsp;&nbsp;&nbsp;&nbsp;&nbsp;&nbsp;&nbsp;&nbsp; Uwielbiam<br \/>\nczas sp\u0119dzony z rodzin\u0105 \u017bak\u00f3w. Poch\u0142aniaj\u0105 mnie bez reszty, bawi\u0105 swoimi<br \/>\nprze\u017cyciami, rozmy\u015blaniami oraz rozmowami. Ich losy wci\u0105gaj\u0105 jak najlepsza<br \/>\nprzygoda, wywo\u0142uj\u0105 niepohamowany i beztroski \u015bmiech. Z pewno\u015bci\u0105 jeszcze nie<br \/>\nraz powr\u00f3c\u0119 do nich, poniewa\u017c lubi\u0119 bohater\u00f3w ksi\u0105\u017cki oraz emocje, kt\u00f3re we<br \/>\nmnie wywo\u0142uj\u0105. \u017ba\u0142uj\u0119 tylko, \u017ce przychodzi mi si\u0119 z nimi tak szybko rozstawa\u0107,<br \/>\nbo te nie ca\u0142e dwie\u015bcie stron czyta si\u0119 migiem.<\/i><\/div>\n<div class=\"MsoNormal\">\n<\/div>\n<div class=\"MsoNormal\">\n<i style=\"mso-bidi-font-style: normal;\">&nbsp;&nbsp;&nbsp;&nbsp;&nbsp;&nbsp;&nbsp;&nbsp;&nbsp;&nbsp;&nbsp; \u201eSz\u00f3stej<br \/>\nklepki\u201d jak i ca\u0142ej serii nie musz\u0119 chyba nikomu poleca\u0107, prawda? Musierowicz w<br \/>\nswoim cyklu po\u0142\u0105czy\u0142a przyjemne z po\u017cytecznym i tak oto porusza tematy trudne,<br \/>\npowa\u017cne i mniej powa\u017cne, a do tego przedstawia nam perypetie os\u00f3b, kt\u00f3re bawi\u0105,<br \/>\nwzruszaj\u0105 i dostarczaj\u0105 niezapomnianych wra\u017ce\u0144. <\/i><\/div>\n<div class=\"MsoNormal\">\n<\/div>\n<div class=\"MsoNormal\">\n<i style=\"mso-bidi-font-style: normal;\">*str. 174<\/i><\/div>\n<div class=\"MsoNormal\">\n<b style=\"mso-bidi-font-weight: normal;\"><i style=\"mso-bidi-font-style: normal;\">Autor: <\/i><\/b><i style=\"mso-bidi-font-style: normal;\">Ma\u0142gorzata<br \/>\nMusierowicz<\/i><\/div>\n<div class=\"MsoNormal\">\n<b style=\"mso-bidi-font-weight: normal;\"><i style=\"mso-bidi-font-style: normal;\">Tytu\u0142: <\/i><\/b><i style=\"mso-bidi-font-style: normal;\">Sz\u00f3sta<br \/>\nklepka<\/i><\/div>\n<div class=\"MsoNormal\">\n<b style=\"mso-bidi-font-weight: normal;\"><i style=\"mso-bidi-font-style: normal;\">Wydawnictwo: <\/i><\/b><i style=\"mso-bidi-font-style: normal;\">Akapit Press<\/i><\/div>\n<div class=\"MsoNormal\">\n<b style=\"mso-bidi-font-weight: normal;\"><i style=\"mso-bidi-font-style: normal;\">Rok wydania: <\/i><\/b><i style=\"mso-bidi-font-style: normal;\">1977<\/i><\/div>\n<div class=\"MsoNormal\">\n<b style=\"mso-bidi-font-weight: normal;\"><i style=\"mso-bidi-font-style: normal;\">Liczba stron: <\/i><\/b><i style=\"mso-bidi-font-style: normal;\">188<\/i><\/div>\n<div class=\"MsoNormal\">\n<\/div>\n<div align=\"center\" class=\"MsoNormal\" style=\"text-align: center;\">\n<b style=\"mso-bidi-font-weight: normal;\"><i style=\"mso-bidi-font-style: normal;\">Je\u017cycjada:<\/i><\/b><\/div>\n<div align=\"center\" class=\"MsoNormal\" style=\"text-align: center;\">\n<b style=\"mso-bidi-font-weight: normal;\"><i style=\"mso-bidi-font-style: normal;\">Sz\u00f3sta<br \/>\nklepka<\/i><\/b><i style=\"mso-bidi-font-style: normal;\">|K\u0142amczucha|Kwiat kalafiora|Ida sierpniowa|Opium w<br \/>\nrosole|Brulion Bebe B.|Nowelka|Pulpecja|Dziecko pi\u0105tku|Nutria i Nerwus|C\u00f3rka<br \/>\nRobrojka|Imieniny|Tygrys i R\u00f3\u017ca|Kalamburka|J\u0119zyk Trolli|\u017baba|Czarna<br \/>\npolewka|Spr\u0119\u017cyna|McDusia|Wnuczka do orzech\u00f3w<\/i><\/div>\n","protected":false},"excerpt":{"rendered":"<p>&nbsp;&nbsp;&nbsp;&nbsp;&nbsp;&nbsp;&nbsp;&nbsp;&nbsp;&nbsp;&nbsp; \u201eNic nie mija bez \u015bladu. Cokolwiek zrobi\u0119, b\u0119d\u0119 to mia\u0142a zapisane w historii \u017cycia, podobnie jak do historii choroby wpisuje si\u0119 ka\u017cdy drobiazg. Co\u015b, co si\u0119 ju\u017c sta\u0142o, sta\u0142o si\u0119 na zawsze. Min\u0119\u0142o i ju\u017c nie mog\u0119 tego zmieni\u0107. Niby nie ma, a jest. Kto\u015b o tym pami\u0119ta i ja pami\u0119tam, i nie mo\u017cna [&hellip;]<\/p>\n","protected":false},"author":2,"featured_media":0,"comment_status":"open","ping_status":"open","sticky":false,"template":"","format":"standard","meta":[],"categories":[1],"tags":[20,845,118,149,380,846,847,848,849],"jetpack_featured_media_url":"","_links":{"self":[{"href":"https:\/\/zapatrzonawksiazki.pl\/index.php\/wp-json\/wp\/v2\/posts\/883"}],"collection":[{"href":"https:\/\/zapatrzonawksiazki.pl\/index.php\/wp-json\/wp\/v2\/posts"}],"about":[{"href":"https:\/\/zapatrzonawksiazki.pl\/index.php\/wp-json\/wp\/v2\/types\/post"}],"author":[{"embeddable":true,"href":"https:\/\/zapatrzonawksiazki.pl\/index.php\/wp-json\/wp\/v2\/users\/2"}],"replies":[{"embeddable":true,"href":"https:\/\/zapatrzonawksiazki.pl\/index.php\/wp-json\/wp\/v2\/comments?post=883"}],"version-history":[{"count":1,"href":"https:\/\/zapatrzonawksiazki.pl\/index.php\/wp-json\/wp\/v2\/posts\/883\/revisions"}],"predecessor-version":[{"id":2384,"href":"https:\/\/zapatrzonawksiazki.pl\/index.php\/wp-json\/wp\/v2\/posts\/883\/revisions\/2384"}],"wp:attachment":[{"href":"https:\/\/zapatrzonawksiazki.pl\/index.php\/wp-json\/wp\/v2\/media?parent=883"}],"wp:term":[{"taxonomy":"category","embeddable":true,"href":"https:\/\/zapatrzonawksiazki.pl\/index.php\/wp-json\/wp\/v2\/categories?post=883"},{"taxonomy":"post_tag","embeddable":true,"href":"https:\/\/zapatrzonawksiazki.pl\/index.php\/wp-json\/wp\/v2\/tags?post=883"}],"curies":[{"name":"wp","href":"https:\/\/api.w.org\/{rel}","templated":true}]}}