{"id":87,"date":"2017-05-08T19:41:00","date_gmt":"2017-05-08T19:41:00","guid":{"rendered":"http:\/\/zapatrzonawksiazki.pl\/index.php\/2017\/05\/08\/floro-odwagi\/"},"modified":"2018-10-07T00:26:29","modified_gmt":"2018-10-07T00:26:29","slug":"floro-odwagi","status":"publish","type":"post","link":"https:\/\/zapatrzonawksiazki.pl\/index.php\/2017\/05\/08\/floro-odwagi\/","title":{"rendered":"Floro, odwagi!"},"content":{"rendered":"<div style=\"text-align: justify;\">\n<b><i><\/i><\/b><\/div>\n<div class=\"separator\" style=\"clear: both; text-align: center;\">\n<b><i><a href=\"https:\/\/1.bp.blogspot.com\/-Xlrito4HBm0\/WRDJraLGI0I\/AAAAAAAANpo\/dIaGv6BhBZE9lfEzTjM1vpzFgCR8KIwQgCLcB\/s1600\/flora.jpg\" imageanchor=\"1\" style=\"margin-left: 1em; margin-right: 1em;\"><img decoding=\"async\" loading=\"lazy\" border=\"0\" height=\"372\" src=\"https:\/\/1.bp.blogspot.com\/-Xlrito4HBm0\/WRDJraLGI0I\/AAAAAAAANpo\/dIaGv6BhBZE9lfEzTjM1vpzFgCR8KIwQgCLcB\/s640\/flora.jpg\" width=\"640\" \/><\/a><\/i><\/b><\/div>\n<p><b><i>&nbsp;<\/i><\/b><\/p>\n<div style=\"text-align: justify;\">\n<b><i>Jak by to by\u0142o by\u0107&nbsp; normalnym? Jasne i przejrzyste obrazy wydarze\u0144, uporz\u0105dkowane tak, \u017ce mog\u0119&nbsp; je wspomina\u0107&nbsp; w dowolny, wybrany przeze mnie spos\u00f3b, to dla mnie niewyobra\u017calny luksus. P\u0142acz\u0119, my\u015bl\u0105c o tym, co dla mnie niedost\u0119pne, i zasypiam. Mam nadziej\u0119, \u017ce kiedy si\u0119&nbsp; obudz\u0119, b\u0119d\u0119&nbsp; wszystko pami\u0119ta\u0107.<\/i><\/b> [s. 59]<\/p>\n<p>Denerwujemy si\u0119 czasem, je\u015bli zapomnimy o drobnostce lub o kim\u015b dawno niewidzianym. Irytuje nas, gdy nie pami\u0119tamy, gdzie po\u0142o\u017cyli\u015bmy pilota od TV lub d\u0142ugopis&#8230; Wyobra\u017amy sobie teraz, \u017ce nie pami\u0119tamy wszystkiego \u2013 swojego imienia, wieku, znajomych, rodziny, \u017ce ka\u017cdy dzie\u0144, ba, godzina jest jak bia\u0142a kartka. Zapisywana na nowo, ponownie i ponownie&#8230; Bez ko\u0144ca.<\/p>\n<p>Flora Banks niby niczym nie r\u00f3\u017cni si\u0119 od innych siedemnastolatk\u00f3w. Jednak w przeciwie\u0144stwie do pozosta\u0142ych Flora pami\u0119ta swoj\u0105 przesz\u0142o\u015b\u0107 do dziesi\u0105tego roku \u017cycia. Wtedy wykryto u niej guza, ale to wywo\u0142a\u0142o u niej amnezj\u0119 nast\u0119pcz\u0105 (tj. tylko przez par\u0119 godzin pami\u0119ta co si\u0119 akurat dzieje, po tym czasie wspomnienia jakby ulatywa\u0142y. Flora radzi sobie z tym dzi\u0119ki notesowi, w kt\u00f3rym wszystko zapisuje, samoprzylepnym karteczkom i zapiskom na r\u0119kach. To \u017ar\u00f3d\u0142o jej wiedzy o tym, kim jest. Pewnego dnia co\u015b si\u0119 zmienia, ca\u0142uje j\u0105 ch\u0142opak, a ona to pami\u0119ta&#8230; Niestety on wyje\u017cd\u017ca, Flora podejmuje odwa\u017cn\u0105 i szalon\u0105 podr\u00f3\u017c jego \u015bladem. Czy dobry pomys\u0142, by odzyska\u0107 wspomnienia i zagubion\u0105 cz\u0119\u015b\u0107 siebie?<\/p>\n<p>Przyznam szczerze, \u017ce bior\u0105c do recenzji ten tytu\u0142, nie szuka\u0142am o nim wielu informacji. Wyczyta\u0142am tylko, \u017ce bohaterka cierpi na amnezj\u0119 i pomy\u015bla\u0142am &#8211; <i>to mo\u017ce by\u0107 dobre<\/i>. Czy by\u0142o warto zabiera\u0107 si\u0119 za <b><i>Jedyne wspomnienie Flory Banks<\/i><\/b>? <\/p>\n<p>Nie czyta\u0142am jeszcze nic Emily Barr, ale musz\u0119 przyzna\u0107, \u017ce pierwsza styczno\u015b\u0107 z jej tw\u00f3rczo\u015bci\u0105 by\u0142a bardzo udana. Autorka napisa\u0142a powie\u015b\u0107 dla m\u0142odzie\u017cy, ale to nie jest kolejne love story, w kt\u00f3rym wszystko nagle magicznie si\u0119 naprawia, tylko powie\u015b\u0107 obyczajowa. Temat amnezji nie jest \u0142atwy, ale Barr stworzy\u0142a niezwykle przemy\u015blan\u0105 i dopracowan\u0105 fabu\u0142\u0119, zadba\u0142a o najmniejsze detale, a przede wszystkim pierwszorz\u0119dnie wykreowa\u0142a Flor\u0119. Ksi\u0105\u017cka pomimo trudnego tematu jest lekka w odbiorze i szybko si\u0119 j\u0105 czyta. Najlepsze jest jednak to, \u017ce powie\u015b\u0107 sk\u0142ania do przemy\u015ble\u0144 i na d\u0142ugo zapadnie w pami\u0119\u0107. Tego jestem pewna.<\/p>\n<p>Musz\u0119 jeszcze wr\u00f3ci\u0107 do postaci Flory, to ona jest najwa\u017cniejsza, na niej wszystko si\u0119 skupia i to jej najwi\u0119cej czasu po\u015bwi\u0119ci\u0142a autorka. I wysz\u0142o jej to rewelacyjnie, pomimo tego, \u017ce wcielenie si\u0119 w osob\u0119 z amnezj\u0105 nie jest przecie\u017c takie \u0142atwe. Autentycznie czu\u0142am to, co g\u0142\u00f3wna bohaterka. Jej strach, dezorientacj\u0119, niepewno\u015b\u0107, ale i potrzeb\u0119 wyrwania si\u0119, normalnego \u017cycia na ile to mo\u017cliwe. Gdzie\u015b w \u015brodku p\u0142onie w niej ogie\u0144, kt\u00f3ry daje si\u0142\u0119, by si\u0119 nie podda\u0107. Trudno mi by\u0142o wyobrazi\u0107 sobie, \u017ce tak jak Flora nie pami\u0119tam swoich przyjaci\u00f3\u0142, rodziny, przeczytanych ksi\u0105\u017cek, prze\u017cytych chwil&#8230; To&#8230; przera\u017caj\u0105ce.<\/p>\n<p><i><b>Jedyne wspomnienie Flory Banks<\/b><\/i> przeczyta\u0142am bardzo szybko, ale w trakcie czytania i nawet teraz nie mog\u0142am powstrzyma\u0107 si\u0119 od przemy\u015ble\u0144 na temat samej amnezji i cierpi\u0105cych na ni\u0105 ludzi, jak musz\u0105 si\u0119 czu\u0107, gdy enty raz poznaj\u0105 swoj\u0105 histori\u0119, oswajaj\u0105 si\u0119 z otoczeniem i lud\u017ami. Kiedy kto\u015b m\u00f3wi do nich po imieniu, a dla nich to obcy cz\u0142owiek. Z drugiej strony s\u0105 bliscy \u2013 oni te\u017c musz\u0105 sobie radzi\u0107 z chorob\u0105, tylko na inny spos\u00f3b. Z ich strony potrzeba ogromu cierpliwo\u015bci i zrozumienia. Wa\u017cnym tematem poruszanym w powie\u015bci jest nie\u015bwiadome ubezw\u0142asnowolnienie. Mama Flory w moich oczach post\u0119powa\u0142a karygodnie, ale z drugiej strony jestem w stanie j\u0105 zrozumie\u0107. Tyle \u017ce rozumie\u0107, nie znaczy akceptowa\u0107, to co robi\u0142a mama, zabra\u0142o Florze wolno\u015b\u0107 i szans\u0119 na normalne \u017cycie, a to wszystko przez strach&#8230; Zako\u0144czenie nie jest zamkni\u0119te. Nie wiem, czy wyprawa Flory i wydarzenia po niej pomog\u0142y jej odzyska\u0107 to, co utracone. Mam jednak nadziej\u0119, \u017ce tak. G\u0142\u0119boko w to wierz\u0119.<\/p>\n<p>Z czystym sumieniem polecam najnowsz\u0105 ksi\u0105\u017ck\u0119 Emily Barr, ka\u017cdemu nastolatkowi oraz doros\u0142emu. Przejmuj\u0105ca, poch\u0142aniaj\u0105ca, sk\u0142aniaj\u0105ca do refleksji. Tej ksi\u0105\u017cki si\u0119 nie zapomina.<\/p>\n<p><b>Autor:<\/b> Emily Barr<br \/><b>Tytu\u0142: <\/b>Jedyne wspomnienie Flory Banks<br \/><b>Wydawnictwo:<\/b> Bukowy Las<br \/><b>Data wydania:<\/b> 2017-04-27<br \/><b>Kategoria:<\/b> young adlut<br \/><b>ISBN:<\/b> 9788380740808 <br \/><b>Liczba stron:<\/b> 328<br \/><b>Ocena:<\/b> 8\/10<\/div>\n","protected":false},"excerpt":{"rendered":"<p>&nbsp; Jak by to by\u0142o by\u0107&nbsp; normalnym? Jasne i przejrzyste obrazy wydarze\u0144, uporz\u0105dkowane tak, \u017ce mog\u0119&nbsp; je wspomina\u0107&nbsp; w dowolny, wybrany przeze mnie spos\u00f3b, to dla mnie niewyobra\u017calny luksus. P\u0142acz\u0119, my\u015bl\u0105c o tym, co dla mnie niedost\u0119pne, i zasypiam. Mam nadziej\u0119, \u017ce kiedy si\u0119&nbsp; obudz\u0119, b\u0119d\u0119&nbsp; wszystko pami\u0119ta\u0107. [s. 59] Denerwujemy si\u0119 czasem, je\u015bli zapomnimy [&hellip;]<\/p>\n","protected":false},"author":2,"featured_media":0,"comment_status":"open","ping_status":"open","sticky":false,"template":"","format":"standard","meta":[],"categories":[1],"tags":[20,113,114,14,16,17,115,93],"jetpack_featured_media_url":"","_links":{"self":[{"href":"https:\/\/zapatrzonawksiazki.pl\/index.php\/wp-json\/wp\/v2\/posts\/87"}],"collection":[{"href":"https:\/\/zapatrzonawksiazki.pl\/index.php\/wp-json\/wp\/v2\/posts"}],"about":[{"href":"https:\/\/zapatrzonawksiazki.pl\/index.php\/wp-json\/wp\/v2\/types\/post"}],"author":[{"embeddable":true,"href":"https:\/\/zapatrzonawksiazki.pl\/index.php\/wp-json\/wp\/v2\/users\/2"}],"replies":[{"embeddable":true,"href":"https:\/\/zapatrzonawksiazki.pl\/index.php\/wp-json\/wp\/v2\/comments?post=87"}],"version-history":[{"count":1,"href":"https:\/\/zapatrzonawksiazki.pl\/index.php\/wp-json\/wp\/v2\/posts\/87\/revisions"}],"predecessor-version":[{"id":1588,"href":"https:\/\/zapatrzonawksiazki.pl\/index.php\/wp-json\/wp\/v2\/posts\/87\/revisions\/1588"}],"wp:attachment":[{"href":"https:\/\/zapatrzonawksiazki.pl\/index.php\/wp-json\/wp\/v2\/media?parent=87"}],"wp:term":[{"taxonomy":"category","embeddable":true,"href":"https:\/\/zapatrzonawksiazki.pl\/index.php\/wp-json\/wp\/v2\/categories?post=87"},{"taxonomy":"post_tag","embeddable":true,"href":"https:\/\/zapatrzonawksiazki.pl\/index.php\/wp-json\/wp\/v2\/tags?post=87"}],"curies":[{"name":"wp","href":"https:\/\/api.w.org\/{rel}","templated":true}]}}