{"id":8468,"date":"2024-01-07T18:43:31","date_gmt":"2024-01-07T17:43:31","guid":{"rendered":"https:\/\/zapatrzonawksiazki.pl\/?p=8468"},"modified":"2024-01-07T22:03:05","modified_gmt":"2024-01-07T21:03:05","slug":"wez-nie-czaruj-avery-flynn","status":"publish","type":"post","link":"https:\/\/zapatrzonawksiazki.pl\/index.php\/2024\/01\/07\/wez-nie-czaruj-avery-flynn\/","title":{"rendered":"We\u017a nie czaruj Avery Flynn"},"content":{"rendered":"<p style=\"text-align: justify;\"><img decoding=\"async\" loading=\"lazy\" class=\"size-medium wp-image-8469 alignleft\" src=\"http:\/\/zapatrzonawksiazki.pl\/wp-content\/uploads\/2024\/01\/wez-nie-czaruj-198x300.jpg\" alt=\"\" width=\"198\" height=\"300\" srcset=\"https:\/\/zapatrzonawksiazki.pl\/wp-content\/uploads\/2024\/01\/wez-nie-czaruj-198x300.jpg 198w, https:\/\/zapatrzonawksiazki.pl\/wp-content\/uploads\/2024\/01\/wez-nie-czaruj-674x1024.jpg 674w, https:\/\/zapatrzonawksiazki.pl\/wp-content\/uploads\/2024\/01\/wez-nie-czaruj-768x1166.jpg 768w, https:\/\/zapatrzonawksiazki.pl\/wp-content\/uploads\/2024\/01\/wez-nie-czaruj-1011x1536.jpg 1011w, https:\/\/zapatrzonawksiazki.pl\/wp-content\/uploads\/2024\/01\/wez-nie-czaruj-1348x2048.jpg 1348w, https:\/\/zapatrzonawksiazki.pl\/wp-content\/uploads\/2024\/01\/wez-nie-czaruj.jpg 1594w\" sizes=\"(max-width: 198px) 100vw, 198px\" \/>Czasami bycie innym nie jest naszym wyborem i chocia\u017c nikt nie daje nam odczu\u0107, \u017ce jeste\u015bmy gorsi, to jednak tak si\u0119 czujemy. Z tym si\u0119 da \u017cy\u0107, ale jednak s\u0105 momenty, gdy stan ten uwiera jak zadra i odbiera pewno\u015b\u0107 siebie. Zw\u0142aszcza gdy w naszym \u017cyciu dzieje si\u0119 co\u015b, czego sami nigdy nie naprawimy i nie mamy kogo poprosi\u0107 o pomoc.<\/p>\n<h3 style=\"text-align: justify;\">Zarys fabu\u0142y<\/h3>\n<p style=\"text-align: justify;\">Tilda nale\u017cy do jednego z najpot\u0119\u017cniejszych czarodziejskich klan\u00f3w. Niestety jako jedyna jest heretyczk\u0105, czyli nie ma \u017cadnych magicznych mocy. Rodzina na ka\u017cdym kroku pokazuje jej, \u017ce wszystko jest dobrze, ale dziewczyna i tak czuj\u0119 si\u0119, jak wyrzutek. Stara si\u0119 jednak sobie z tym radzi\u0107 i pomaga\u0107 rodzinie jak tylko mo\u017ce, ale nawet szukanie potencjalnego partnera nie bardzo jej wychodzi. Ostatnio ca\u0142y czas trafia na Gila Connolly\u2019ego, kt\u00f3rego nie darzy zbyt du\u017c\u0105 sympati\u0105. Zw\u0142aszcza \u017ce ca\u0142y czas przytrafia jej si\u0119 przy nim co\u015b dziwnego, a co gorsza co\u015b j\u0105 do niego ci\u0105gnie. Najch\u0119tniej by go unika\u0142a, ale gdy przez przypadek zamra\u017ca ca\u0142y sw\u00f3j klan, jest \u015bwiadoma, \u017ce tylko on mo\u017ce jej pom\u00f3c. Czy uda jej si\u0119 z nim wsp\u00f3\u0142pracowa\u0107?<\/p>\n<p style=\"text-align: justify;\">Jest co\u015b takiego w <em>We\u017a nie czaruj<\/em>, \u017ce od pocz\u0105tku tytu\u0142 ten przyku\u0142 moj\u0105 uwag\u0119. Ju\u017c sama ok\u0142adka kusi, a opis upewnia tylko w przekonaniu, \u017ce warto si\u0119gn\u0105\u0107 i czyta\u0107. Czary, kl\u0105twa i motyw hate-love. Czy to si\u0119 sprawdzi\u0142o w wykonaniu Avery Flynn?<\/p>\n<h3 style=\"text-align: justify;\">Moje wra\u017cenia<\/h3>\n<p style=\"text-align: justify;\">Chocia\u017c Avery Flynn ma ju\u017c na swoim koncie kilka ksi\u0105\u017cek, to <em>We\u017a nie czaruj<\/em>, jest pierwsz\u0105 u nas wydana. I trzeba przyzna\u0107, \u017ce by\u0142 to wyb\u00f3r bardzo dobry. Ksi\u0105\u017cka od pierwszych stron wci\u0105ga i do samego ko\u0144ca ciekawi. Autorka mia\u0142a pomys\u0142 na fabu\u0142\u0119 i w pe\u0142ni go wykorzysta\u0142a. Stworzy\u0142a romans z motywem hate-love, doda\u0142a do tego du\u017c\u0105 dawk\u0119 humoru oraz troch\u0119 magii. I okazuje si\u0119, \u017ce takie po\u0142\u0105czenie mo\u017ce dostarczy\u0107 sporej dawki wra\u017ce\u0144. Powie\u015b\u0107 jest napisana lekko, przez tre\u015b\u0107 si\u0119 wr\u0119cz p\u0142ynie, a dialogi mi\u0119dzy bohaterami a\u017c iskrz\u0105 od emocji, kt\u00f3rych nie brakuje r\u00f3wnie\u017c w innych momentach. Mog\u0142oby si\u0119 wydawa\u0107, \u017ce fabu\u0142a toczy si\u0119 do\u015b\u0107 szybko i sporo si\u0119 dzieje w kr\u00f3tkim czasie, ale wbrew pozorom wszystko ma sw\u00f3j czas i miejsce. Plusem jest r\u00f3wnie\u017c fakt, \u017ce ca\u0142o\u015b\u0107 jest niezwykle subtelna i delikatna, dopiero na ko\u0144cu akcja nabiera rumie\u0144c\u00f3w.<\/p>\n<h3 style=\"text-align: justify;\">S\u0142\u00f3w kilka o bohaterach<\/h3>\n<p style=\"text-align: justify;\">Musz\u0119 na samym pocz\u0105tku wspomnie\u0107 o Gilu, bo przez d\u0142ugi czas jest tym z\u0142ym ch\u0142opcem, co zreszt\u0105 wida\u0107, ale nawet wtedy ma granice i potrafi nie by\u0107 chamski. Nie zawsze mo\u017ce mu to wychodzi, ale podoba mi si\u0119, \u017ce autorka pokaza\u0142a, i\u017c bad boy nie musi od razu poni\u017ca\u0107, wyzywa\u0107 i rani\u0107. Nie jest te\u017c idealny, ale ma w sobie urok, kt\u00f3remu trudno si\u0119 oprze\u0107 i gdy go lepiej pozna\u0107, szybko zakrada si\u0119 do serca. Zw\u0142aszcza gdy pokazuje t\u0119 swoj\u0105 troskliw\u0105 i waleczn\u0105 stron\u0119. To jak troszczy\u0142 si\u0119 o Tild\u0119, by\u0142o niesamowite. No i w\u0142a\u015bnie Tilda, trudno by\u0142oby jej nie polubi\u0107. Zabawna, z dystansem do siebie, oddana rodzinie i przyjacio\u0142om. Waleczna i uparta. Gdy co\u015b si\u0119 dzieje, dzia\u0142a, zamiast lamentowa\u0107. Tych dwoje totalnie si\u0119 r\u00f3\u017cni, a jednak sceny z nimi by\u0142y niesamowite. Na uwag\u0119 zas\u0142uguj\u0105 te\u017c poboczni bohaterowie, ka\u017cdy inny i wnosz\u0105cy co\u015b do fabu\u0142y. Bawili, wzruszali i nap\u0119dzali nieraz akcje.<\/p>\n<h3 style=\"text-align: justify;\">Na zako\u0144czenie<\/h3>\n<p style=\"text-align: justify;\">Musz\u0119 przyzna\u0107, \u017ce nie spodziewa\u0142am si\u0119, i\u017c <em>We\u017a nie czaruj<\/em>, tak bardzo przypadnie mi do gustu. Gdyby nie obowi\u0105zki poch\u0142on\u0119\u0142aby histori\u0119 na raz. Wczu\u0142am si\u0119 w fabu\u0142\u0119, a do tego ten \u015bwiat przedstawiony. Ca\u0142y magiczny, niby nam znany, a jednak inny, w kt\u00f3rym jednoro\u017cce maj\u0105 swoje ksi\u0119garnie, istniej\u0105 czarodziejskie media i ksi\u0119gi. Niezwykle podoba\u0142a mi si\u0119 subtelno\u015b\u0107 w tej ksi\u0105\u017cce, to jak bohaterowie si\u0119 docierali, wzbudza\u0142o m\u00f3j u\u015bmiech i wzdychanie z zachwytu. A\u017c czu\u0142am to napi\u0119cie mi\u0119dzy nimi. Szkoda tylko, \u017ce pod koniec pojawi\u0142y si\u0119 sceny mi\u0142osne, nie to, \u017ce same w sobie mi przeszkadza\u0142y, a raczej fakt, \u017ce by\u0142y pisane jakby innym j\u0119zykiem, bardziej ostrym. Zgrzyta\u0142o mi to troch\u0119. Na szcz\u0119\u015bcie to jedyny mankament, bo samo zako\u0144czenie rozgrzewa serce, a co lepsze, zapewnia, \u017ce to nie koniec. I licz\u0119, \u017ce kolejne tomy (a tak\u017ce inne ksi\u0105\u017cki autorki) zostan\u0105 u nas wydane, gdy\u017c potrafi zachwyci\u0107 swoim stylem pisania, poczuciem humoru i fabu\u0142\u0105 ze zwrotami akcji, kt\u00f3re czasem trudno przewidzie\u0107.<\/p>\n<p style=\"text-align: justify;\"><em>We\u017a nie czaruj<\/em> polecam ka\u017cdemu fanowi romans\u00f3w. To te\u017c dobry tytu\u0142 na rozpocz\u0119cie waszej przygody z powie\u015bciami fantasy, bo ten w\u0105tek tutaj jest, ale poruszony bardzo subtelnie. Urocza, zabawna, romantyczna i pokazuj\u0105ca, \u017ce mi\u0142o\u015b\u0107 przychodzi, kiedy chce i do kogo chce. Polecam serdecznie!<\/p>\n<p style=\"text-align: justify;\"><a href=\"https:\/\/www.taniaksiazka.pl\/wez-nie-czaruj-avery-flynn-p-1885448.html\">Ksi\u0105\u017cka We\u017a nie czaruj przyby\u0142a do mnie od ksi\u0119garni TaniaKsiazka.pl<\/a>. Zach\u0119cam r\u00f3wnie\u017c do zajrzenia na stron\u0119 ksi\u0119garni po inne <a href=\"https:\/\/www.taniaksiazka.pl\/Nowosci\">nowo\u015bci<\/a>.<\/p>\n<p style=\"text-align: justify;\"><strong>Autor:<\/strong> Avery Flynn<br \/>\n<strong>T\u0142umaczenie:<\/strong> Edyta St\u0119pkowska<br \/>\n<strong>Tytu\u0142:<\/strong> We\u017a nie czaruj<br \/>\n<strong>Tytu\u0142 orygina\u0142u:<\/strong> Witcha Gonna Do?<br \/>\n<strong>Wydawnictwo:<\/strong> Kobiece<br \/>\n<strong>Wydanie:<\/strong> I<br \/>\n<strong>Data wydania:<\/strong> 2023-11-22<br \/>\n<strong>Kategoria:<\/strong> romans<br \/>\n<strong>ISBN:<\/strong> 9788383215952<br \/>\n<strong>Liczba stron:<\/strong> 352<br \/>\n<img decoding=\"async\" loading=\"lazy\" class=\"aligncenter wp-image-5879 size-large\" src=\"http:\/\/zapatrzonawksiazki.pl\/wp-content\/uploads\/2021\/05\/ocena-Zapatrzona-7-1024x195.png\" alt=\"\" width=\"1024\" height=\"195\" srcset=\"https:\/\/zapatrzonawksiazki.pl\/wp-content\/uploads\/2021\/05\/ocena-Zapatrzona-7-1024x195.png 1024w, https:\/\/zapatrzonawksiazki.pl\/wp-content\/uploads\/2021\/05\/ocena-Zapatrzona-7-300x57.png 300w, https:\/\/zapatrzonawksiazki.pl\/wp-content\/uploads\/2021\/05\/ocena-Zapatrzona-7-768x146.png 768w\" sizes=\"(max-width: 1024px) 100vw, 1024px\" \/><\/p>\n<p style=\"text-align: center;\">Witchington<br \/>\n<em>We\u017a nie czaruj<\/em> | Resting Witch Face<\/p>\n<hr \/>\n<p style=\"text-align: center;\"><strong>Dzi\u0119kuj\u0119!<\/strong><br \/>\n<img decoding=\"async\" loading=\"lazy\" class=\"size-full wp-image-5931 aligncenter\" src=\"http:\/\/zapatrzonawksiazki.pl\/wp-content\/uploads\/2021\/07\/taniaksiazka.png\" alt=\"\" width=\"180\" height=\"78\" \/><\/p>\n","protected":false},"excerpt":{"rendered":"<p>Czasami bycie innym nie jest naszym wyborem i chocia\u017c nikt nie daje nam odczu\u0107, \u017ce jeste\u015bmy gorsi, to jednak tak si\u0119 czujemy. Z tym si\u0119 da \u017cy\u0107, ale jednak s\u0105 momenty, gdy stan ten uwiera jak zadra i odbiera pewno\u015b\u0107 siebie. Zw\u0142aszcza gdy w naszym \u017cyciu dzieje si\u0119 co\u015b, czego sami nigdy nie naprawimy i [&hellip;]<\/p>\n","protected":false},"author":2,"featured_media":8470,"comment_status":"open","ping_status":"open","sticky":false,"template":"","format":"standard","meta":[],"categories":[5,4],"tags":[31,2177,17,76,2178,1389,112],"jetpack_featured_media_url":"https:\/\/zapatrzonawksiazki.pl\/wp-content\/uploads\/2024\/01\/wez-nie-czaruj-zapatrzonawksiazki-pl.jpg","_links":{"self":[{"href":"https:\/\/zapatrzonawksiazki.pl\/index.php\/wp-json\/wp\/v2\/posts\/8468"}],"collection":[{"href":"https:\/\/zapatrzonawksiazki.pl\/index.php\/wp-json\/wp\/v2\/posts"}],"about":[{"href":"https:\/\/zapatrzonawksiazki.pl\/index.php\/wp-json\/wp\/v2\/types\/post"}],"author":[{"embeddable":true,"href":"https:\/\/zapatrzonawksiazki.pl\/index.php\/wp-json\/wp\/v2\/users\/2"}],"replies":[{"embeddable":true,"href":"https:\/\/zapatrzonawksiazki.pl\/index.php\/wp-json\/wp\/v2\/comments?post=8468"}],"version-history":[{"count":2,"href":"https:\/\/zapatrzonawksiazki.pl\/index.php\/wp-json\/wp\/v2\/posts\/8468\/revisions"}],"predecessor-version":[{"id":8472,"href":"https:\/\/zapatrzonawksiazki.pl\/index.php\/wp-json\/wp\/v2\/posts\/8468\/revisions\/8472"}],"wp:featuredmedia":[{"embeddable":true,"href":"https:\/\/zapatrzonawksiazki.pl\/index.php\/wp-json\/wp\/v2\/media\/8470"}],"wp:attachment":[{"href":"https:\/\/zapatrzonawksiazki.pl\/index.php\/wp-json\/wp\/v2\/media?parent=8468"}],"wp:term":[{"taxonomy":"category","embeddable":true,"href":"https:\/\/zapatrzonawksiazki.pl\/index.php\/wp-json\/wp\/v2\/categories?post=8468"},{"taxonomy":"post_tag","embeddable":true,"href":"https:\/\/zapatrzonawksiazki.pl\/index.php\/wp-json\/wp\/v2\/tags?post=8468"}],"curies":[{"name":"wp","href":"https:\/\/api.w.org\/{rel}","templated":true}]}}