{"id":8335,"date":"2023-12-04T21:55:58","date_gmt":"2023-12-04T20:55:58","guid":{"rendered":"https:\/\/zapatrzonawksiazki.pl\/?p=8335"},"modified":"2023-12-04T21:55:58","modified_gmt":"2023-12-04T20:55:58","slug":"jaga-i-dom-na-orlich-nogach-maciej-rozen","status":"publish","type":"post","link":"https:\/\/zapatrzonawksiazki.pl\/index.php\/2023\/12\/04\/jaga-i-dom-na-orlich-nogach-maciej-rozen\/","title":{"rendered":"Jaga i dom na orlich nogach Maciej Ro\u017cen"},"content":{"rendered":"<p style=\"text-align: justify;\"><img decoding=\"async\" loading=\"lazy\" class=\"size-medium wp-image-8336 alignleft\" src=\"http:\/\/zapatrzonawksiazki.pl\/wp-content\/uploads\/2023\/12\/jaga-i-dom-na-orlich-nogach-196x300.jpg\" alt=\"\" width=\"196\" height=\"300\" srcset=\"https:\/\/zapatrzonawksiazki.pl\/wp-content\/uploads\/2023\/12\/jaga-i-dom-na-orlich-nogach-196x300.jpg 196w, https:\/\/zapatrzonawksiazki.pl\/wp-content\/uploads\/2023\/12\/jaga-i-dom-na-orlich-nogach-668x1024.jpg 668w, https:\/\/zapatrzonawksiazki.pl\/wp-content\/uploads\/2023\/12\/jaga-i-dom-na-orlich-nogach-768x1177.jpg 768w, https:\/\/zapatrzonawksiazki.pl\/wp-content\/uploads\/2023\/12\/jaga-i-dom-na-orlich-nogach-1003x1536.jpg 1003w, https:\/\/zapatrzonawksiazki.pl\/wp-content\/uploads\/2023\/12\/jaga-i-dom-na-orlich-nogach-1337x2048.jpg 1337w, https:\/\/zapatrzonawksiazki.pl\/wp-content\/uploads\/2023\/12\/jaga-i-dom-na-orlich-nogach.jpg 1400w\" sizes=\"(max-width: 196px) 100vw, 196px\" \/>Mo\u017cemy kocha\u0107 naszych bliskich ca\u0142ym sercem, a bywaj\u0105 chwile, gdy nie najlepiej si\u0119 z nimi dogadujemy i robimy co\u015b wbrew nim, troch\u0119 na z\u0142o\u015b\u0107, a po cz\u0119\u015bci z poczucia krzywdy i niezrozumienia. Jednak, gdy dzieje si\u0119 im co\u015b z\u0142ego, wszystko odchodzi w niepami\u0119\u0107. Liczy si\u0119, tylko by byli bezpieczni i z nami.<\/p>\n<h3 style=\"text-align: justify;\">Zarys fabu\u0142y<\/h3>\n<p style=\"text-align: justify;\">Jaga Kurzastopka ma dziesi\u0119\u0107 lat i jest czarownic\u0105, kt\u00f3ra wraz z rodzicami mieszka w Klekotkach. Jej mama to miejscowa uzdrowicielka, a tata zajmuje si\u0119 jajami, z kt\u00f3rych wyl\u0119gaj\u0105 si\u0119 domy na kurzych nogach. Dziewczynka im pomaga, ale czasami wychodzi to r\u00f3\u017cnie i na skutek swoich dzia\u0142a\u0144 wpada w k\u0142opoty, kt\u00f3re trzeba jako\u015b ukara\u0107. Dzieje si\u0119 to w\u0142a\u015bnie tu\u017c przed Targowiskiem Nocy Letniej. Jaga bardzo chc\u0119 tam by\u0107 i wbrew zakazowi udaje si\u0119 na imprez\u0119. W\u0142a\u015bnie wtedy tajemniczy mag atakuje wiosk\u0119, porywa rodzic\u00f3w ma\u0142ej czarownicy oraz jajka. Ona jednak zrobi wszystko, by ich odzyska\u0107 i z m\u0142odym domkiem na kurzej nodze wyrusza na poszukiwania.<\/p>\n<p style=\"text-align: justify;\">Kiedy w opisie widz\u0119 wzmianki o s\u0142owia\u0144skiej mitologii oraz polskich legendach r\u0119ce jako\u015b same wyci\u0105gaj\u0105 si\u0119 po dany tytu\u0142. Tak samo by\u0142o z seri\u0105 Stra\u017cnicy Wr\u00f3t. <em>Jaga i dom na orlich nogach<\/em> to pierwszy tom, kt\u00f3ry wprowadza nas w \u015bwiat pe\u0142en magii oraz niesamowitych przyg\u00f3d.<\/p>\n<h3 style=\"text-align: justify;\">Moje wra\u017cenia<\/h3>\n<p style=\"text-align: justify;\">Maciej Ro\u017cen bez w\u0105tpienia mia\u0142 pomys\u0142 na fabu\u0142\u0119 i wie, o czym pisze. <em>Jaga i dom na orlich nogach<\/em> od pierwszych stron intryguje \u015bwiatem przez niego stworzonym. Wida\u0107 w nim inspiracje legendami oraz mitologi\u0105 z naszego podw\u00f3rka, ale fabu\u0142a to jego pomys\u0142. Stworzy\u0142 powie\u015b\u0107 pe\u0142n\u0105 magii, przyg\u00f3d oraz uroczych dom\u00f3w na kurzych nogach i innych magicznych istot. Zadba\u0142 o ka\u017cdy szczeg\u00f3\u0142, o emocje, r\u00f3\u017cnorodno\u015b\u0107 i akcj\u0119. To ksi\u0105\u017cka, kt\u00f3ra pokazuje, \u017ce dzieci mog\u0105 psoci\u0107, ale potrafi\u0105 ponie\u015b\u0107 konsekwencje swoich wybryk\u00f3w. Uczy te\u017c odwagi, samozaparcia oraz \u017ce nie wolno si\u0119 poddawa\u0107. Nie tylko bawi, chocia\u017c przede wszystkim o to w tym chodzi, ale te\u017c pokazuje pewne warto\u015bci i zaszczepia mi\u0142o\u015b\u0107 do s\u0142owia\u0144skiej mitologii.<\/p>\n<h3 style=\"text-align: justify;\">S\u0142\u00f3w kilka o bohaterach<\/h3>\n<p style=\"text-align: justify;\">Jaga jest tutaj kluczow\u0105 postaci\u0105 i trzeba przyzna\u0107, \u017ce to dziewczynka niezwykle bystra oraz rezolutna. Nie boi si\u0119 trudno\u015bci, stawia czo\u0142a przeszkodom i nie poddaje si\u0119 zbyt szybko. Trudno jej nie polubi\u0107, ma dobre serce i dla rodzic\u00f3w zrobi wszystko. Z racji wieku i przez brak do\u015bwiadczenia pope\u0142nia b\u0142\u0119dy i wpada w k\u0142opoty, ale wyci\u0105ga z tego w\u0142a\u015bciwe wnioski, a tak\u017ce szybko uczy. Nie mog\u0119 nie wspomnie\u0107 o Cykorze, jej ma\u0142ej chatce na kurzej nodze. Je\u015bli gdzie\u015b mo\u017cna tak\u0105 zam\u00f3wi\u0107, to prosz\u0119, chc\u0119 jedn\u0105. Ciekawym bohaterem jest te\u017c sam Jan Twardowski, czemu ju\u017c nie zdradz\u0119, ale warto zwr\u00f3ci\u0107 na niego uwag\u0119.<\/p>\n<h3 style=\"text-align: justify;\">Na zako\u0144czenie<\/h3>\n<p style=\"text-align: justify;\">Nie wiedzia\u0142am, czego mog\u0119 oczekiwa\u0107 po tej ksi\u0105\u017cce, ale musz\u0119 przyzna\u0107, \u017ce jestem bardzo zaskoczona tym, co autor przygotowa\u0142 dla swoich czytelnik\u00f3w. <em>Jaga i dom na orlich nogach<\/em> to powie\u015b\u0107, kt\u00f3r\u0105 niezale\u017cnie od wieku poch\u0142ania si\u0119 na raz, a po dotarciu do ostatniej kropki, czuje niedosyt, \u017ce ju\u017c koniec. Ju\u017c sam motyw dom\u00f3w na kurzych nogach jest tym, kt\u00f3ry bardzo lubi\u0119, a do tego dochodz\u0105 s\u0142owia\u0144skie stwory i polskie legendy. Ca\u0142a masa przyg\u00f3d, ciekawi bohaterowie i oto ksi\u0105\u017cka, kt\u00f3rej mo\u017cna zarzuci\u0107 jedynie to, \u017ce za szybko si\u0119 ko\u0144czy. Naprawd\u0119, przepad\u0142am w tym \u015bwiecie, oczarowa\u0142 mnie klimat historii, z\u017cy\u0142am si\u0119 z bohaterami i wraz z nimi prze\u017cywa\u0142am ka\u017cd\u0105 chwil\u0119. I chocia\u017c to ksi\u0105\u017cka skierowana do dzieci w wieku 9+, wcale tego nie odczu\u0142am. Ksi\u0105\u017ck\u0119 czyta si\u0119 jak najlepsz\u0105 powie\u015b\u0107 fantasy!<\/p>\n<p style=\"text-align: justify;\"><em>Jaga i dom na orlich nogach<\/em> to niesamowity pocz\u0105tek serii, kt\u00f3ry powinien przeczyta\u0107 ka\u017cdy fan magii oraz ciekawych i niebezpiecznych przyg\u00f3d. Du\u017co akcji, fantastycznych istot i intryguj\u0105cych bohater\u00f3w. Napisana lekko i przyjemnie. Czego chcie\u0107 wi\u0119cej?<\/p>\n<p style=\"text-align: justify;\"><strong>Audiobook (czyta):<\/strong> Janusz Zadura<br \/>\n<strong>Autor:<\/strong> Maciej Ro\u017cen<br \/>\n<strong>Tytu\u0142:<\/strong> Jaga i dom na orlich nogach<br \/>\n<strong>Wydawnictwo:<\/strong> Zielona Sowa<br \/>\n<strong>Wydanie:<\/strong> I<br \/>\n<strong>Data wydania:<\/strong> 2022-09-28<br \/>\n<strong>Kategoria:<\/strong> lit. dzieci\u0119ca<br \/>\n<strong>ISBN:<\/strong> 9788382408706<br \/>\n<strong>Liczba stron:<\/strong> 352<br \/>\n<img decoding=\"async\" loading=\"lazy\" class=\"aligncenter wp-image-5880 size-large\" src=\"http:\/\/zapatrzonawksiazki.pl\/wp-content\/uploads\/2021\/05\/ocena-Zapatrzona-8-1024x195.png\" alt=\"\" width=\"1024\" height=\"195\" srcset=\"https:\/\/zapatrzonawksiazki.pl\/wp-content\/uploads\/2021\/05\/ocena-Zapatrzona-8-1024x195.png 1024w, https:\/\/zapatrzonawksiazki.pl\/wp-content\/uploads\/2021\/05\/ocena-Zapatrzona-8-300x57.png 300w, https:\/\/zapatrzonawksiazki.pl\/wp-content\/uploads\/2021\/05\/ocena-Zapatrzona-8-768x146.png 768w\" sizes=\"(max-width: 1024px) 100vw, 1024px\" \/><\/p>\n<p style=\"text-align: center;\">Stra\u017cnicy Wr\u00f3t<br \/>\n<em>Jaga i dom na orlich nogach<\/em> | Jaga i stalowy chocho\u0142 | Jaga i miasto magotechnik\u00f3w<\/p>\n","protected":false},"excerpt":{"rendered":"<p>Mo\u017cemy kocha\u0107 naszych bliskich ca\u0142ym sercem, a bywaj\u0105 chwile, gdy nie najlepiej si\u0119 z nimi dogadujemy i robimy co\u015b wbrew nim, troch\u0119 na z\u0142o\u015b\u0107, a po cz\u0119\u015bci z poczucia krzywdy i niezrozumienia. Jednak, gdy dzieje si\u0119 im co\u015b z\u0142ego, wszystko odchodzi w niepami\u0119\u0107. Liczy si\u0119, tylko by byli bezpieczni i z nami. Zarys fabu\u0142y Jaga [&hellip;]<\/p>\n","protected":false},"author":2,"featured_media":8337,"comment_status":"open","ping_status":"open","sticky":false,"template":"","format":"standard","meta":[],"categories":[5,2027,4],"tags":[20,118,2160,17,2161,190],"jetpack_featured_media_url":"https:\/\/zapatrzonawksiazki.pl\/wp-content\/uploads\/2023\/12\/jaga-i-dom-na-orlich-nogach-zapatrzonawksiazki-pl.jpg","_links":{"self":[{"href":"https:\/\/zapatrzonawksiazki.pl\/index.php\/wp-json\/wp\/v2\/posts\/8335"}],"collection":[{"href":"https:\/\/zapatrzonawksiazki.pl\/index.php\/wp-json\/wp\/v2\/posts"}],"about":[{"href":"https:\/\/zapatrzonawksiazki.pl\/index.php\/wp-json\/wp\/v2\/types\/post"}],"author":[{"embeddable":true,"href":"https:\/\/zapatrzonawksiazki.pl\/index.php\/wp-json\/wp\/v2\/users\/2"}],"replies":[{"embeddable":true,"href":"https:\/\/zapatrzonawksiazki.pl\/index.php\/wp-json\/wp\/v2\/comments?post=8335"}],"version-history":[{"count":1,"href":"https:\/\/zapatrzonawksiazki.pl\/index.php\/wp-json\/wp\/v2\/posts\/8335\/revisions"}],"predecessor-version":[{"id":8338,"href":"https:\/\/zapatrzonawksiazki.pl\/index.php\/wp-json\/wp\/v2\/posts\/8335\/revisions\/8338"}],"wp:featuredmedia":[{"embeddable":true,"href":"https:\/\/zapatrzonawksiazki.pl\/index.php\/wp-json\/wp\/v2\/media\/8337"}],"wp:attachment":[{"href":"https:\/\/zapatrzonawksiazki.pl\/index.php\/wp-json\/wp\/v2\/media?parent=8335"}],"wp:term":[{"taxonomy":"category","embeddable":true,"href":"https:\/\/zapatrzonawksiazki.pl\/index.php\/wp-json\/wp\/v2\/categories?post=8335"},{"taxonomy":"post_tag","embeddable":true,"href":"https:\/\/zapatrzonawksiazki.pl\/index.php\/wp-json\/wp\/v2\/tags?post=8335"}],"curies":[{"name":"wp","href":"https:\/\/api.w.org\/{rel}","templated":true}]}}