{"id":8117,"date":"2023-06-02T21:33:54","date_gmt":"2023-06-02T19:33:54","guid":{"rendered":"http:\/\/zapatrzonawksiazki.pl\/?p=8117"},"modified":"2023-06-14T21:40:49","modified_gmt":"2023-06-14T19:40:49","slug":"legenda-ludowa-karolina-derkacz","status":"publish","type":"post","link":"https:\/\/zapatrzonawksiazki.pl\/index.php\/2023\/06\/02\/legenda-ludowa-karolina-derkacz\/","title":{"rendered":"Legenda ludowa Karolina Derkacz"},"content":{"rendered":"<p style=\"text-align: justify;\"><img decoding=\"async\" loading=\"lazy\" class=\"size-medium wp-image-8118 alignleft\" src=\"http:\/\/zapatrzonawksiazki.pl\/wp-content\/uploads\/2023\/06\/legenda-ludowa-194x300.jpg\" alt=\"\" width=\"194\" height=\"300\" srcset=\"https:\/\/zapatrzonawksiazki.pl\/wp-content\/uploads\/2023\/06\/legenda-ludowa-194x300.jpg 194w, https:\/\/zapatrzonawksiazki.pl\/wp-content\/uploads\/2023\/06\/legenda-ludowa-768x1191.jpg 768w, https:\/\/zapatrzonawksiazki.pl\/wp-content\/uploads\/2023\/06\/legenda-ludowa-660x1024.jpg 660w, https:\/\/zapatrzonawksiazki.pl\/wp-content\/uploads\/2023\/06\/legenda-ludowa.jpg 774w\" sizes=\"(max-width: 194px) 100vw, 194px\" \/>S\u0105 jeszcze miejsca, w kt\u00f3rych wiara katolicka miesza si\u0119 ze s\u0142owia\u0144skimi wierzeniami. \u017byje si\u0119 w rytmie p\u00f3r roku oraz wschod\u00f3w i zachod\u00f3w s\u0142o\u0144ca. Gdzie nowoczesno\u015b\u0107 ko\u0144czy si\u0119 na telefonie w domu, kt\u00f3ry jak ju\u017c zadzwoni, jest zwiastunem z\u0142ych wiadomo\u015bci. Bo po co innego by kto\u015b go u\u017cywa\u0142?<\/p>\n<h3 style=\"text-align: justify;\">Zarys fabu\u0142y<\/h3>\n<p style=\"text-align: justify;\">Wis\u0142owice to niezwykle osobliwa wie\u015b, gdzie ludzie s\u0105 religijni, a jednak w po\u0142udnie schodz\u0105 z pola ze strachu przed po\u0142udnicami i lecz\u0105 si\u0119 u Zielarki. Gdy jedna z mieszkanek zostaje zaatakowana i wszystko wskazuje, \u017ce sprawc\u0105 jest wilko\u0142ak, Jadwiga Sosna wszczyna w\u0142asne \u015bledztwo. Nie ufa \u015bledczemu sprowadzonemu z miasta przez so\u0142tysa, ma te\u017c pewne podejrzenia co do Obszczydupki, kt\u00f3ra za bardzo interesuje si\u0119 jej m\u0119\u017cem.<\/p>\n<p style=\"text-align: justify;\">Gdy tylko <em>Legenda ludowa<\/em> pojawi\u0142a si\u0119 w zapowiedziach, wpad\u0142a mi w oko. Opis i ok\u0142adka zapowiada\u0142y lektur\u0119 zabawn\u0105, z nut\u0105 fantastyki, s\u0142owia\u0144skiego klimatu i parodii \u017cycia na wsi. Zatar\u0142am r\u0119ce, naby\u0142am i w ko\u0144cu przeczyta\u0142am, ale czy dosta\u0142am to, czego oczekiwa\u0142am?<\/p>\n<h3 style=\"text-align: justify;\">Moje wra\u017cenia<\/h3>\n<p style=\"text-align: justify;\">Karolina Derkacz stworzy\u0142a ksi\u0105\u017ck\u0119, kt\u00f3r\u0105 mo\u017cna oceni\u0107 na plus lub na minus. Zale\u017cy od tego, jak si\u0119 j\u0105 sklasyfikuje. Mo\u017cna spojrze\u0107 na ni\u0105, jak na powie\u015b\u0107 satyryczn\u0105 i pe\u0142n\u0105 absurdu, kt\u00f3r\u0105 trzeba czyta\u0107 z przymru\u017ceniem oka. Jest te\u017c niestety druga mo\u017cliwo\u015b\u0107 &#8211; uwa\u017canie za mieszank\u0119 komedii, krymina\u0142u, fantastyki wraz ze s\u0142owia\u0144skimi wierzeniami. Wtedy te\u017c zwraca si\u0119 ju\u017c uwag\u0119 na szczeg\u00f3\u0142y, zachowanie bohater\u00f3w i obraz miejsca wydarze\u0144. Niezale\u017cnie od tego trzeba przyzna\u0107, \u017ce autorka ma niesamowicie lekki styl pisania, bogat\u0105 wyobra\u017ani\u0119 i potrafi zgrabnie \u0142\u0105czy\u0107 w\u0105tki. Nawet gdy wydaj\u0105 si\u0119 zbytnio absurdalne lub przerysowane. Nie brakuje jej r\u00f3wnie\u017c poczucia humoru i umiej\u0119tno\u015bci zaciekawienia czytelnika na tyle, aby dotar\u0142 do ko\u0144ca.<\/p>\n<h3 style=\"text-align: justify;\">S\u0142\u00f3w kilka o bohaterach<\/h3>\n<p style=\"text-align: justify;\">Bohaterowie, ach bohaterowie. Nie da si\u0119 ich opisa\u0107 w kilku zdaniach. Jest ich tutaj naprawd\u0119 sporo, ka\u017cda z postaci ma te\u017c swoje pi\u0119\u0107 minut, aktorka stworzy\u0142a korow\u00f3d barwnych i niepodrabialnych charakter\u00f3w. Ka\u017cdy jest inny i z pewno\u015bci\u0105 nie da si\u0119 ich pomyli\u0107 czy o nich zapomnie\u0107. Czy da si\u0119 lubi\u0107, to ju\u017c indywidualna sprawa. Ja chyba nie mam o nich zdania, ot byli, robili swoje, czasami bawili, a niekiedy irytowali.<\/p>\n<h3 style=\"text-align: justify;\">Na zako\u0144czenie<\/h3>\n<p style=\"text-align: justify;\">Trudno oceni\u0107 mi ten tytu\u0142. <em>Legenda ludowa<\/em> mnie zaskoczy\u0142a, z pewno\u015bci\u0105 nie dosta\u0142am tego, czego si\u0119 spodziewa\u0142am. Nie jestem niestety pewna czy czuje zaw\u00f3d, ba, czy czuje cokolwiek. Bo w sumie dobrze mi si\u0119 jej s\u0142ucha\u0142o, bywa\u0142y momenty, gdy si\u0119 \u015bmia\u0142am i w my\u015blach chwali\u0142am autork\u0119 za kreatywno\u015b\u0107. Lubi\u0119 w ksi\u0105\u017ckach ironi\u0119 i absurd, a tego by\u0142o tutaj naprawd\u0119 du\u017co. I gdy tylko wy\u0142\u0105cza\u0142am analizowanie tre\u015bci, by\u0142o naprawd\u0119 dobrze. Czasem bywa\u0142o to jednak trudne, zw\u0142aszcza poznaj\u0105c obraz wsi przedstawiony przez autork\u0119 oraz momentami do sza\u0142u doprowadza\u0142a mnie Jadwiga. Oj, z ni\u0105 bywa\u0142o naprawd\u0119 trudno. My\u015bl\u0119, \u017ce to ksi\u0105\u017cka, kt\u00f3ra si\u0119 polubi lub nie. No albo jak w moim przypadku, mi\u0142o sp\u0119dzi\u0107 si\u0119 z ni\u0105 czas, ale szybko o niej zapomni.<\/p>\n<p style=\"text-align: justify;\">Trudno mi ten tytu\u0142 poleci\u0107. <em>Legenda ludowa<\/em> to powie\u015b\u0107, kt\u00f3ra plusuje lekkim pi\u00f3rem oraz poczuciem humoru autorki. Nie mo\u017cna zapomnie\u0107 te\u017c o s\u0142owia\u0144skich wierzeniach. Trzeba jednak samemu oceni\u0107, czy ta parodia \u017cycia na wsi oraz dawka satyry jest dla was.<\/p>\n<p style=\"text-align: justify;\"><strong>Audiobook (czyta):<\/strong> Wojciech Masiak<br \/>\n<strong>Autor:<\/strong> Karolina Derkacz<br \/>\n<strong>Tytu\u0142:<\/strong> Legenda ludowa<br \/>\n<strong>Wydawnictwo:<\/strong> Initium<br \/>\n<strong>Wydanie:<\/strong> I<br \/>\n<strong>Data wydania:<\/strong> 2022-10-17<br \/>\n<strong>Kategoria:<\/strong> fantasy<br \/>\n<strong>ISBN:<\/strong> 9788366328952<br \/>\n<strong>Liczba stron:<\/strong> 560<br \/>\n<img decoding=\"async\" loading=\"lazy\" class=\"aligncenter wp-image-5878 size-large\" src=\"http:\/\/zapatrzonawksiazki.pl\/wp-content\/uploads\/2021\/05\/ocena-Zapatrzona-6-1024x195.png\" alt=\"\" width=\"1024\" height=\"195\" srcset=\"https:\/\/zapatrzonawksiazki.pl\/wp-content\/uploads\/2021\/05\/ocena-Zapatrzona-6-1024x195.png 1024w, https:\/\/zapatrzonawksiazki.pl\/wp-content\/uploads\/2021\/05\/ocena-Zapatrzona-6-300x57.png 300w, https:\/\/zapatrzonawksiazki.pl\/wp-content\/uploads\/2021\/05\/ocena-Zapatrzona-6-768x146.png 768w\" sizes=\"(max-width: 1024px) 100vw, 1024px\" \/><\/p>\n<p style=\"text-align: center;\">Cuda wianki<br \/>\nLegenda ludowa<\/p>\n","protected":false},"excerpt":{"rendered":"<p>S\u0105 jeszcze miejsca, w kt\u00f3rych wiara katolicka miesza si\u0119 ze s\u0142owia\u0144skimi wierzeniami. \u017byje si\u0119 w rytmie p\u00f3r roku oraz wschod\u00f3w i zachod\u00f3w s\u0142o\u0144ca. Gdzie nowoczesno\u015b\u0107 ko\u0144czy si\u0119 na telefonie w domu, kt\u00f3ry jak ju\u017c zadzwoni, jest zwiastunem z\u0142ych wiadomo\u015bci. Bo po co innego by kto\u015b go u\u017cywa\u0142? Zarys fabu\u0142y Wis\u0142owice to niezwykle osobliwa wie\u015b, gdzie [&hellip;]<\/p>\n","protected":false},"author":2,"featured_media":8119,"comment_status":"open","ping_status":"open","sticky":false,"template":"","format":"standard","meta":[],"categories":[5,4],"tags":[77,86,655,2130,2131],"jetpack_featured_media_url":"https:\/\/zapatrzonawksiazki.pl\/wp-content\/uploads\/2023\/06\/legenda-ludowa-zapatrzonawksiazki-pl.jpg","_links":{"self":[{"href":"https:\/\/zapatrzonawksiazki.pl\/index.php\/wp-json\/wp\/v2\/posts\/8117"}],"collection":[{"href":"https:\/\/zapatrzonawksiazki.pl\/index.php\/wp-json\/wp\/v2\/posts"}],"about":[{"href":"https:\/\/zapatrzonawksiazki.pl\/index.php\/wp-json\/wp\/v2\/types\/post"}],"author":[{"embeddable":true,"href":"https:\/\/zapatrzonawksiazki.pl\/index.php\/wp-json\/wp\/v2\/users\/2"}],"replies":[{"embeddable":true,"href":"https:\/\/zapatrzonawksiazki.pl\/index.php\/wp-json\/wp\/v2\/comments?post=8117"}],"version-history":[{"count":1,"href":"https:\/\/zapatrzonawksiazki.pl\/index.php\/wp-json\/wp\/v2\/posts\/8117\/revisions"}],"predecessor-version":[{"id":8120,"href":"https:\/\/zapatrzonawksiazki.pl\/index.php\/wp-json\/wp\/v2\/posts\/8117\/revisions\/8120"}],"wp:featuredmedia":[{"embeddable":true,"href":"https:\/\/zapatrzonawksiazki.pl\/index.php\/wp-json\/wp\/v2\/media\/8119"}],"wp:attachment":[{"href":"https:\/\/zapatrzonawksiazki.pl\/index.php\/wp-json\/wp\/v2\/media?parent=8117"}],"wp:term":[{"taxonomy":"category","embeddable":true,"href":"https:\/\/zapatrzonawksiazki.pl\/index.php\/wp-json\/wp\/v2\/categories?post=8117"},{"taxonomy":"post_tag","embeddable":true,"href":"https:\/\/zapatrzonawksiazki.pl\/index.php\/wp-json\/wp\/v2\/tags?post=8117"}],"curies":[{"name":"wp","href":"https:\/\/api.w.org\/{rel}","templated":true}]}}