{"id":809,"date":"2013-05-22T09:44:00","date_gmt":"2013-05-22T09:44:00","guid":{"rendered":"http:\/\/zapatrzonawksiazki.pl\/index.php\/2013\/05\/22\/konkurs-z-fabryka-sow-cz-1\/"},"modified":"2018-10-07T00:32:21","modified_gmt":"2018-10-07T00:32:21","slug":"konkurs-z-fabryka-sow-cz-1","status":"publish","type":"post","link":"https:\/\/zapatrzonawksiazki.pl\/index.php\/2013\/05\/22\/konkurs-z-fabryka-sow-cz-1\/","title":{"rendered":"Konkurs z Fabryk\u0105 S\u0142\u00f3w, cz. 1"},"content":{"rendered":"<div style=\"text-align: center;\">\n<i>Fabryka S\u0142\u00f3w zaplanowa\u0142a na wakacje bardzo ciekaw\u0105 premier\u0119 i w zwi\u0105zku z tym przygotowa\u0142a bardzo ciekawy konkurs. Od dzi\u015b do poniedzia\u0142ku (27.05) b\u0119d\u0119 prezentowa\u0107 Wam nowe ods\u0142ony ok\u0142adki ksi\u0105\u017cki, a waszym zdaniem b\u0119dzie odpowiedzie\u0107 na pytanie <b>&#8220;Jaki tytu\u0142 nosi ksi\u0105\u017cka, kt\u00f3rej niedoko\u0144czon\u0105 ok\u0142adk\u0119 przedstawiamy?&#8221;<\/b><\/i><\/div>\n<div style=\"text-align: center;\">\n<\/div>\n<div style=\"text-align: left;\">\n<i><b>Taki ma\u0142y regulamin:<\/b><\/i><\/div>\n<div style=\"text-align: left;\">\n<i>1. Konkurs trwa od <b>22.05.2013<\/b> do <b>27.05.2013<\/b><\/i><\/div>\n<div style=\"text-align: left;\">\n<i>2. Ka\u017cdego dnia b\u0119dzie prezentowana nowa ods\u0142ona ok\u0142adki (<b>tre\u015b\u0107 zadania powy\u017cej<\/b>).<\/i><\/div>\n<div style=\"text-align: left;\">\n<i>3. Osoba, kt\u00f3ra b\u0119dzie najaktywniejsza i poda prawid\u0142owy tytu\u0142 zastanie nagrodzona przeze mnie <b>jedn\u0105<\/b> ksi\u0105\u017ck\u0105, kt\u00f3r\u0105 zasponsoruj\u0119 (<b>w wypadku wi\u0119kszej ilo\u015bci os\u00f3b spe\u0142niaj\u0105cych warunek nast\u0105pi losowanie zwyci\u0119zc\u00f3w i mo\u017ce by\u0107 ich wi\u0119cej ni\u017c jedna<\/b>).<\/i><\/div>\n<div style=\"text-align: left;\">\n<\/div>\n<div style=\"text-align: center;\">\n<i>To jak? Pomo\u017cecie? Wasze poprawne odpowiedzi mi pomog\u0105, a za wasz\u0105 aktywno\u015b\u0107 czeka nagroda<\/i> \ud83d\ude09<\/div>\n<div style=\"text-align: center;\">\n<\/div>\n<div style=\"text-align: center;\">\n<i>No to prezentuj\u0119 pierwsz\u0105 ods<\/i><i>\u0142on\u0119 i czekam na wasze propozycje \ud83d\ude09<\/i><\/div>\n<div class=\"separator\" style=\"clear: both; text-align: center;\">\n<a href=\"http:\/\/4.bp.blogspot.com\/-C1GTz0Qs_N4\/UZyTPiBTrSI\/AAAAAAAAG-0\/7VGEJhWDDD8\/s1600\/1.jpg\" imageanchor=\"1\" style=\"margin-left: 1em; margin-right: 1em;\"><img decoding=\"async\" loading=\"lazy\" border=\"0\" height=\"320\" src=\"http:\/\/4.bp.blogspot.com\/-C1GTz0Qs_N4\/UZyTPiBTrSI\/AAAAAAAAG-0\/7VGEJhWDDD8\/s320\/1.jpg\" width=\"205\" \/><\/a><\/div>\n<div style=\"text-align: center;\">\n<\/div>\n","protected":false},"excerpt":{"rendered":"<p>Fabryka S\u0142\u00f3w zaplanowa\u0142a na wakacje bardzo ciekaw\u0105 premier\u0119 i w zwi\u0105zku z tym przygotowa\u0142a bardzo ciekawy konkurs. Od dzi\u015b do poniedzia\u0142ku (27.05) b\u0119d\u0119 prezentowa\u0107 Wam nowe ods\u0142ony ok\u0142adki ksi\u0105\u017cki, a waszym zdaniem b\u0119dzie odpowiedzie\u0107 na pytanie &#8220;Jaki tytu\u0142 nosi ksi\u0105\u017cka, kt\u00f3rej niedoko\u0144czon\u0105 ok\u0142adk\u0119 przedstawiamy?&#8221; Taki ma\u0142y regulamin: 1. Konkurs trwa od 22.05.2013 do 27.05.2013 2. [&hellip;]<\/p>\n","protected":false},"author":2,"featured_media":0,"comment_status":"open","ping_status":"open","sticky":false,"template":"","format":"standard","meta":[],"categories":[1],"tags":[10],"jetpack_featured_media_url":"","_links":{"self":[{"href":"https:\/\/zapatrzonawksiazki.pl\/index.php\/wp-json\/wp\/v2\/posts\/809"}],"collection":[{"href":"https:\/\/zapatrzonawksiazki.pl\/index.php\/wp-json\/wp\/v2\/posts"}],"about":[{"href":"https:\/\/zapatrzonawksiazki.pl\/index.php\/wp-json\/wp\/v2\/types\/post"}],"author":[{"embeddable":true,"href":"https:\/\/zapatrzonawksiazki.pl\/index.php\/wp-json\/wp\/v2\/users\/2"}],"replies":[{"embeddable":true,"href":"https:\/\/zapatrzonawksiazki.pl\/index.php\/wp-json\/wp\/v2\/comments?post=809"}],"version-history":[{"count":1,"href":"https:\/\/zapatrzonawksiazki.pl\/index.php\/wp-json\/wp\/v2\/posts\/809\/revisions"}],"predecessor-version":[{"id":2310,"href":"https:\/\/zapatrzonawksiazki.pl\/index.php\/wp-json\/wp\/v2\/posts\/809\/revisions\/2310"}],"wp:attachment":[{"href":"https:\/\/zapatrzonawksiazki.pl\/index.php\/wp-json\/wp\/v2\/media?parent=809"}],"wp:term":[{"taxonomy":"category","embeddable":true,"href":"https:\/\/zapatrzonawksiazki.pl\/index.php\/wp-json\/wp\/v2\/categories?post=809"},{"taxonomy":"post_tag","embeddable":true,"href":"https:\/\/zapatrzonawksiazki.pl\/index.php\/wp-json\/wp\/v2\/tags?post=809"}],"curies":[{"name":"wp","href":"https:\/\/api.w.org\/{rel}","templated":true}]}}