{"id":806,"date":"2013-05-24T09:44:00","date_gmt":"2013-05-24T09:44:00","guid":{"rendered":"http:\/\/zapatrzonawksiazki.pl\/index.php\/2013\/05\/24\/konkurs-z-fabryka-sow-cz-3\/"},"modified":"2018-10-07T00:32:21","modified_gmt":"2018-10-07T00:32:21","slug":"konkurs-z-fabryka-sow-cz-3","status":"publish","type":"post","link":"https:\/\/zapatrzonawksiazki.pl\/index.php\/2013\/05\/24\/konkurs-z-fabryka-sow-cz-3\/","title":{"rendered":"Konkurs z Fabryk\u0105 S\u0142\u00f3w, cz. 3"},"content":{"rendered":"<div style=\"text-align: center;\">\n<i>Przyszed\u0142 czas na trzeci\u0105 ods\u0142on\u0119 ok\u0142adki. Wydaje mi si\u0119, \u017ce dzisiejsza ods\u0142ona du\u017co wyja\u015bni \ud83d\ude09<\/i><\/div>\n<div style=\"text-align: center;\">\n<i>Dla przypomnienia zadanie:<\/i><b><i>&nbsp;<\/i><\/b><\/div>\n<div style=\"text-align: center;\">\n<\/div>\n<div style=\"text-align: center;\">\n<b><i><i><b>&#8220;Jaki tytu\u0142 nosi ksi\u0105\u017cka, kt\u00f3rej niedoko\u0144czon\u0105 ok\u0142adk\u0119 przedstawiamy?&#8221;<\/b><\/i><\/i><\/b><\/div>\n<div style=\"text-align: center;\">\n<\/div>\n<div style=\"text-align: center;\">\n<i><i>A tu kilka zasad <a href=\"http:\/\/zapatrzonawksiazki.blogspot.com\/2013\/05\/konkurs-z-fabryka-sow-cz-1.html\">&lt;KLIK&gt;&nbsp;<\/a><\/i><\/i><\/div>\n<div style=\"text-align: center;\">\n<\/div>\n<div style=\"text-align: center;\">\n<i><i>Oto ok\u0142adka nr 3<\/i><\/i><\/div>\n<div class=\"separator\" style=\"clear: both; text-align: center;\">\n<a href=\"http:\/\/1.bp.blogspot.com\/-KKShwvanZHk\/UZ82AN9lMwI\/AAAAAAAAHAY\/BgOQi_7qzwg\/s1600\/3.jpg\" imageanchor=\"1\" style=\"margin-left: 1em; margin-right: 1em;\"><img decoding=\"async\" loading=\"lazy\" border=\"0\" height=\"320\" src=\"http:\/\/1.bp.blogspot.com\/-KKShwvanZHk\/UZ82AN9lMwI\/AAAAAAAAHAY\/BgOQi_7qzwg\/s320\/3.jpg\" width=\"205\" \/><\/a><\/div>\n<div style=\"text-align: center;\">\n<\/div>\n<div style=\"text-align: center;\">\n<i>Czy\u017cby naprawd\u0119 by\u0142a to &#8220;52 powody, dla kt\u00f3rych nienawidz\u0119 mojego ojca&#8221; Jessica Brody? <\/i><\/div>\n<div style=\"text-align: center;\">\n<i><i>&nbsp;<\/i><\/i><\/div>\n","protected":false},"excerpt":{"rendered":"<p>Przyszed\u0142 czas na trzeci\u0105 ods\u0142on\u0119 ok\u0142adki. Wydaje mi si\u0119, \u017ce dzisiejsza ods\u0142ona du\u017co wyja\u015bni \ud83d\ude09 Dla przypomnienia zadanie:&nbsp; &#8220;Jaki tytu\u0142 nosi ksi\u0105\u017cka, kt\u00f3rej niedoko\u0144czon\u0105 ok\u0142adk\u0119 przedstawiamy?&#8221; A tu kilka zasad &lt;KLIK&gt;&nbsp; Oto ok\u0142adka nr 3 Czy\u017cby naprawd\u0119 by\u0142a to &#8220;52 powody, dla kt\u00f3rych nienawidz\u0119 mojego ojca&#8221; Jessica Brody? &nbsp;<\/p>\n","protected":false},"author":2,"featured_media":0,"comment_status":"open","ping_status":"open","sticky":false,"template":"","format":"standard","meta":[],"categories":[1],"tags":[10],"jetpack_featured_media_url":"","_links":{"self":[{"href":"https:\/\/zapatrzonawksiazki.pl\/index.php\/wp-json\/wp\/v2\/posts\/806"}],"collection":[{"href":"https:\/\/zapatrzonawksiazki.pl\/index.php\/wp-json\/wp\/v2\/posts"}],"about":[{"href":"https:\/\/zapatrzonawksiazki.pl\/index.php\/wp-json\/wp\/v2\/types\/post"}],"author":[{"embeddable":true,"href":"https:\/\/zapatrzonawksiazki.pl\/index.php\/wp-json\/wp\/v2\/users\/2"}],"replies":[{"embeddable":true,"href":"https:\/\/zapatrzonawksiazki.pl\/index.php\/wp-json\/wp\/v2\/comments?post=806"}],"version-history":[{"count":1,"href":"https:\/\/zapatrzonawksiazki.pl\/index.php\/wp-json\/wp\/v2\/posts\/806\/revisions"}],"predecessor-version":[{"id":2307,"href":"https:\/\/zapatrzonawksiazki.pl\/index.php\/wp-json\/wp\/v2\/posts\/806\/revisions\/2307"}],"wp:attachment":[{"href":"https:\/\/zapatrzonawksiazki.pl\/index.php\/wp-json\/wp\/v2\/media?parent=806"}],"wp:term":[{"taxonomy":"category","embeddable":true,"href":"https:\/\/zapatrzonawksiazki.pl\/index.php\/wp-json\/wp\/v2\/categories?post=806"},{"taxonomy":"post_tag","embeddable":true,"href":"https:\/\/zapatrzonawksiazki.pl\/index.php\/wp-json\/wp\/v2\/tags?post=806"}],"curies":[{"name":"wp","href":"https:\/\/api.w.org\/{rel}","templated":true}]}}