{"id":805,"date":"2013-05-24T22:32:00","date_gmt":"2013-05-24T22:32:00","guid":{"rendered":"http:\/\/zapatrzonawksiazki.pl\/index.php\/2013\/05\/24\/nie-oceniaj-zbyt-pochopnie-czowieku\/"},"modified":"2018-10-07T00:32:21","modified_gmt":"2018-10-07T00:32:21","slug":"nie-oceniaj-zbyt-pochopnie-czowieku","status":"publish","type":"post","link":"https:\/\/zapatrzonawksiazki.pl\/index.php\/2013\/05\/24\/nie-oceniaj-zbyt-pochopnie-czowieku\/","title":{"rendered":"Nie oceniaj zbyt pochopnie cz\u0142owieku\u2026"},"content":{"rendered":"<div class=\"MsoNormal\">\n<i style=\"mso-bidi-font-style: normal;\">&nbsp;&nbsp;&nbsp;&nbsp;&nbsp;&nbsp;&nbsp;&nbsp;&nbsp;&nbsp;&nbsp; <b style=\"mso-bidi-font-weight: normal;\">\u201e(&#8230;) nie wiem jak inni bezdomni (&#8230;) ja<br \/>\npo prostu chcia\u0142am, by mn\u0105 gardzono. Za to, co zrobi\u0142am. Zas\u0142u\u017cy\u0142am na pogard\u0119.<br \/>\nNa nienawi\u015b\u0107. I chcia\u0142am j\u0105 otrzymywa\u0107. Rozumiesz kocie? Potrzebowa\u0142am kary.<br \/>\nKara\u0142am si\u0119 wi\u0119c.&#8221;*<\/b><\/i><\/div>\n<div class=\"MsoNormal\">\n<\/div>\n<div class=\"MsoNormal\">\n<a href=\"http:\/\/4.bp.blogspot.com\/-Z1byDBfU6T4\/UZ_miLbvBbI\/AAAAAAAAHA0\/IgwQgt3Riz4\/s1600\/126835-352x500.jpg\" imageanchor=\"1\" style=\"clear: left; float: left; margin-bottom: 1em; margin-right: 1em;\"><img decoding=\"async\" loading=\"lazy\" border=\"0\" height=\"320\" src=\"http:\/\/4.bp.blogspot.com\/-Z1byDBfU6T4\/UZ_miLbvBbI\/AAAAAAAAHA0\/IgwQgt3Riz4\/s320\/126835-352x500.jpg\" width=\"225\" \/><\/a><i style=\"mso-bidi-font-style: normal;\">&nbsp;&nbsp;&nbsp;&nbsp;&nbsp;&nbsp;&nbsp;&nbsp;&nbsp;&nbsp;&nbsp; Bardzo<br \/>\n\u0142atwo jest oceni\u0107 cz\u0142owieka po tym co si\u0119 o nim s\u0142yszy i jak si\u0119 go widzi.<br \/>\nPrawd\u0105 jednak jest, \u017ce cz\u0119sto jego historia, to co uczyni\u0142 ma drugie pod\u0142o\u017ce o<br \/>\nkt\u00f3rym nie wiemy, a z kt\u00f3re z pewno\u015bci\u0105 zmieni\u0142o by nasze zdanie. Ka\u017cdy ma sw\u00f3j<br \/>\nkrzy\u017c, kt\u00f3ry musi nie\u015b\u0107, ale nie zawsze jest on sprawiedliwy wzgl\u0119dem osoby. Niestety<br \/>\nwolimy wystawi\u0107 opini\u0119 nie znaj\u0105c prawdy, skre\u015bli\u0107 cz\u0142owieka i zepchn\u0105\u0107 go poza<br \/>\nmargines spo\u0142eczny. Pami\u0119tajmy jednak, \u017ce ka\u017cdego z nas mo\u017ce spotka\u0107 co\u015b<br \/>\npodobnego i nie chcieliby\u015bmy by\u0107 tak potraktowani. <\/i><\/div>\n<div class=\"MsoNormal\">\n<\/div>\n<div class=\"MsoNormal\">\n<i style=\"mso-bidi-font-style: normal;\">&nbsp;&nbsp;&nbsp;&nbsp;&nbsp;&nbsp;&nbsp;&nbsp;&nbsp;&nbsp;&nbsp; King\u0119<br \/>\npoznajemy w Wigili\u0119, zamyka si\u0119 w \u015bmietniku z gar\u015bci\u0105 tabletek i butelk\u0105 w\u00f3dki.<br \/>\nTo w\u0142a\u015bnie dzi\u015b postanowi\u0142a sko\u0144czy\u0107 z swoim \u017cyciem, na kt\u00f3re wed\u0142ug niej, nie<br \/>\nzas\u0142uguje. Gdy po\u0142yka cz\u0119\u015b\u0107 tabletek i popija solidnie alkoholem traci powoli<br \/>\n\u015bwiadomo\u015b\u0107, ale nagle orientuje si\u0119, \u017ce nie jest sama. Jest z ni\u0105 kot, kt\u00f3rego<br \/>\nnie\u015bwiadomie ze sob\u0105 zamkn\u0119\u0142a. Resztkami si\u0142 pr\u00f3buje go wypu\u015bci\u0107 by nie umar\u0142<br \/>\nwraz z ni\u0105, ale za nim jej si\u0119 to udaje drzwi otwieraj\u0105 si\u0119 od zewn\u0105trz i staje<br \/>\nw nich kobieta, A\u015bka, kt\u00f3ra jest dziennikark\u0105. Gdy zauwa\u017ca King\u0119 z<br \/>\nniezrozumia\u0142ych dla siebie powod\u00f3w zaprasza Bezdomn\u0105 do domu. Jaki\u015b czas<br \/>\np\u00f3\u017aniej dociera do niej, \u017ce Kinga mo\u017ce da\u0107 jej materia\u0142 na artyku\u0142 \u017cycia. Nie<br \/>\nwie jednak jeszcze, \u017ce kobieta j\u0105 zna i jak straszn\u0105 historie w sobie skrywa.<br \/>\nCzy Kinga otworzy si\u0119 przed dziennikark\u0105 i opowie czemu sta\u0142a si\u0119 Bezdomn\u0105? Czy<br \/>\njest dla niej szansa na powr\u00f3t do normalnego \u017cycia?<\/i><\/div>\n<div class=\"MsoNormal\">\n<\/div>\n<div class=\"MsoNormal\">\n<i style=\"mso-bidi-font-style: normal;\">&nbsp;&nbsp;&nbsp;&nbsp;&nbsp;&nbsp;&nbsp;&nbsp;&nbsp;&nbsp;&nbsp; Z<br \/>\ntw\u00f3rczo\u015bci\u0105 Katarzyny Michalak mam do czynienia ju\u017c od jakiego\u015b czasu.<br \/>\nZapozna\u0142am si\u0119 z wi\u0119kszo\u015bci\u0105 jej dzie\u0142 i z miejsca pokocha\u0142am jej styl pisania<br \/>\noraz historie, kt\u00f3re tworzy. Wywo\u0142uj\u0119 mas\u0119 skrajnych emocji, nie wielu pisarzy<br \/>\npotrafi sprawi\u0107, \u017ce \u015bmiej\u0119 si\u0119 i p\u0142acz\u0119 jednocze\u015bnie, a jej si\u0119 to udaje. Pisze<br \/>\nksi\u0105\u017cki lekkie i przyjemne, ale r\u00f3wnie\u017c poruszaj\u0105ce tematy trudne i<br \/>\nporuszaj\u0105ce. Co prawda ostatnie dwie publikacje troch\u0119 mnie zawiod\u0142y, ale po<br \/>\njej najnowsz\u0105 ksi\u0105\u017ck\u0119 MUSIA\u0141AM si\u0119gn\u0105\u0107. Czy \u201eBezdomna\u201d okaza\u0142a si\u0119 by\u0107 tak\u0105<br \/>\npowie\u015bci\u0105 do jakich przyzwyczai\u0142a nas polska powie\u015bciopisarka?<\/i><\/div>\n<div class=\"MsoNormal\">\n<\/div>\n<div class=\"MsoNormal\">\n<i style=\"mso-bidi-font-style: normal;\">&nbsp;&nbsp;&nbsp;&nbsp;&nbsp;&nbsp;&nbsp;&nbsp;&nbsp;&nbsp;&nbsp; Patrz\u0105c<br \/>\nna sam tytu\u0142 od razu nasuwa si\u0119 my\u015bl o czym b\u0119dzie dana publikacja. Bezdomno\u015b\u0107.<br \/>\nWiele os\u00f3b widz\u0105c cz\u0142owieka w \u0142achmanach, brudnego, nios\u0105cego ze sob\u0105 ca\u0142y sw\u00f3j<br \/>\ndobytek, od razu skre\u015bla. Traktuje si\u0119 takich ludzi z pogard\u0105, czasem nawet i<br \/>\nnienawi\u015bci\u0105, przechodzi si\u0119 obok nich jakby nie istnieli, z obaw\u0105 aby tylko<br \/>\nczym\u015b si\u0119 nie zarazi\u0107 tylko. Lepiej s\u0105 traktowane bezpa\u0144skie zwierz\u0119ta ni\u017c<br \/>\nbezdomni, bo nad tymi pierwszymi jeszcze si\u0119 ulituj\u0105. Smutne, ale prawdziwe.<br \/>\nCz\u0142owiek kt\u00f3ry ma dach nad g\u0142ow\u0105, trzy posi\u0142ki dziennie i nie musi si\u0119 martwi\u0107<br \/>\ndniem jutrzejszym zapomina o tym, \u017ce kloszard m\u00f3g\u0142 by\u0107 kiedy\u015b taki jak on, \u017ce<br \/>\nmia\u0142 dom i co zje\u015b\u0107, a co najwa\u017cniejsze zapomina, \u017ce mo\u017ce spotka\u0107 go to samo.<br \/>\nFortuna jest przewrotna, dzi\u015b ma si\u0119 wszystko co jest potrzebne do prze\u017cycia, a<br \/>\njutro mo\u017cna trafi\u0107 na bruk jak ten z kt\u00f3rego omijano i ignorowano. Ale to nie<br \/>\nwszystko. Bezdomnym mo\u017cna sta\u0107 si\u0119 na wiele r\u00f3\u017cnych sposob\u00f3w, alkoholizm,<br \/>\nnarkotyki, r\u00f3\u017cne machlojki, pod\u0142o\u015b\u0107 ludzi lub, jak w wypadku Kingi, choroba.<br \/>\nNie zdradz\u0119 jaka i co spowodowa\u0142o, \u017ce trafi\u0142a na ulic\u0119 i pragnie umrze\u0107, sami<br \/>\nto odkryjcie. Jest to jednak jej zmor\u0105, nie pozwala normalnie funkcjonowa\u0107 w<br \/>\nspo\u0142ecze\u0144stwie. <\/i><\/div>\n<div class=\"MsoNormal\">\n<\/div>\n<div class=\"MsoNormal\">\n<i style=\"mso-bidi-font-style: normal;\">&nbsp;&nbsp;&nbsp;&nbsp;&nbsp;&nbsp;&nbsp;&nbsp;&nbsp;&nbsp;&nbsp; Autorka<br \/>\npowoli przedstawia histori\u0119 Bezdomnej, tak aby mie\u0107 czas na przyswojenie sobie<br \/>\ntego co przeczytamy. Daje nam to czas na zrozumienie i odst\u0105pienie od wydania<br \/>\nzbyt pochopnej opinii, kt\u00f3ra jest krzywdz\u0105ca. Wystarczy, \u017ce rodzina, znajomi,<br \/>\ns\u0105siedzi, a nawet obcy tak post\u0105pili. Michalak ukazuje jak \u0142atwo jest wytkn\u0105\u0107<br \/>\npalcami kogo\u015b kto pope\u0142ni\u0142 tak straszny czyn. Ale gdy ju\u017c kto\u015b zwraca uwag\u0119, \u017ce<br \/>\nmo\u017cna by\u0142o temu zapobiec, pom\u00f3c w odpowiedniej chwili, nie jest ju\u017c tak<br \/>\nzauwa\u017cane, bo przecie\u017c to nie oni zawinili. Tylko czy na pewno? Czy naprawd\u0119<br \/>\nnie mo\u017cna by\u0142o temu zapowiedz gdy Kinga prosi\u0142a o pomoc? Niestety \u0142atwiej jest<br \/>\nwystawi\u0107 opini\u0119 po tym co si\u0119 s\u0142ysza\u0142o i widzia\u0142o ni\u017c spr\u00f3bowa\u0107 doj\u015b\u0107 do<br \/>\nprawdy. Niew\u0105tpliwie pomocna w tym jest prasa, kt\u00f3ra na tego typu tematy rzuca<br \/>\nsi\u0119 jak na smakowity k\u0105sek nie bacz\u0105c na to, \u017ce swoimi cz\u0119sto wyssanymi z palca<br \/>\ntekstami mo\u017ce zniszczy\u0107 komu\u015b \u017cycie. Liczy si\u0119 tylko temat na pierwsz\u0105 stron\u0119\u2026<\/i><\/div>\n<div class=\"MsoNormal\">\n<\/div>\n<div class=\"MsoNormal\">\n<i style=\"mso-bidi-font-style: normal;\">&nbsp;&nbsp;&nbsp;&nbsp;&nbsp;&nbsp;&nbsp;&nbsp;&nbsp;&nbsp;&nbsp; \u201eBezdomn\u0105\u201d<br \/>\nprzeczyta\u0142am kilka dni temu, ale nie by\u0142am w stanie usi\u0105\u015b\u0107 i napisa\u0107 o niej co\u015b<br \/>\nsensownego. Ca\u0142y czas mia\u0142am i nadal mam m\u0119tlik w g\u0142owie. Nie jest dla mnie<br \/>\nzaskoczeniem post\u0119powanie ludzi, bo od dawna widz\u0119, \u017ce du\u017co os\u00f3b post\u0119puj\u0119 jak<br \/>\nw ksi\u0105\u017cce. Linczuj\u0105 cz\u0142owieka cho\u0107 nie znaj\u0105 prawdy. Nie, to mnie nie<br \/>\nzaskoczy\u0142o. Przerazi\u0142o mnie jednak to jakie konsekwencje to wywo\u0142a\u0142o. Oraz samo<br \/>\npost\u0119powanie rodziny, to by\u0142o dla mnie nie do poj\u0119cia, nigdy nie zrozumiem<br \/>\npost\u0119powania ludzi, kt\u00f3rzy uwa\u017caj\u0105 si\u0119 za rodzic\u00f3w, a zostawiaj\u0105 dziecko w<br \/>\npotrzebie. Mo\u017ce to dziwne, ale ani przez chwil\u0119 nie pot\u0119pia\u0142am Kingi,<br \/>\nwiedzia\u0142am bowiem gdzie\u015b w pod\u015bwiadomo\u015bci, \u017ce przesz\u0142a co\u015b strasznego i nie do<br \/>\nwyobra\u017cenia dla osoby trzeciej. Ta ksi\u0105\u017cka to gigantyczny \u0142adunek emocjonalny,<br \/>\nkt\u00f3ry trafia w czytelnika nagle i mocno. Pe\u0142na smutku, \u017calu,&nbsp; cierpienia i skruchy. Autorka opisa\u0142a<br \/>\nhistori\u0119 z sercem i sprawi\u0142a, \u017ce nie da si\u0119 o niej zapomnie\u0107. Z \u017calem, a<br \/>\nzarazem w\u015bciek\u0142o\u015bci\u0105 przyj\u0119\u0142am do \u015bwiadomo\u015bci zako\u0144czenie. Z mi\u0142\u0105 ch\u0119ci\u0105<br \/>\ndobra\u0142bym si\u0119 pewnemu panu z gazety do sk\u00f3ry i za to co zrobi\u0142 &nbsp;wymierzy\u0142a sprawiedliwo\u015b\u0107 na kt\u00f3r\u0105 zas\u0142u\u017cy\u0142.<br \/>\nBy\u0107 mo\u017ce podesz\u0142am do tego zbyt emocjonalnie, ale nie mog\u0119 przebole\u0107, \u017ce przez<br \/>\nludzk\u0105 ignorancj\u0119 i pochopne decyzje cierpi\u0105 niewinni. I cho\u0107 pocz\u0105tkowo nie<br \/>\nmog\u0142am si\u0119 wczu\u0107 (zrzucam to jednak na brak czasu i czytanie po kilka stron<br \/>\ndziennie) dalej przeczyta\u0142am powie\u015b\u0107 nie wiedzie\u0107 kiedy i jak, pozosta\u0142am z<br \/>\nmokr\u0105 chusteczk\u0105 w d\u0142oni i tym stanem zawieszenia, w kt\u00f3rym \u017cadna inna ksi\u0105\u017cka<br \/>\nnie jest w stanie mnie zainteresowa\u0107 przez jaki\u015b czas. <\/i><\/div>\n<div class=\"MsoNormal\">\n<\/div>\n<div class=\"MsoNormal\">\n<i style=\"mso-bidi-font-style: normal;\">&nbsp;&nbsp;&nbsp;&nbsp;&nbsp;&nbsp;&nbsp;&nbsp;&nbsp;&nbsp;&nbsp; I<br \/>\njeszcze tak na koniec, bo te zdanie idealnie pasuj\u0119 do tego co chce przekaza\u0107<br \/>\nnam autorka, pami\u0119tajcie, \u017ce:<b style=\"mso-bidi-font-weight: normal;\">\u201eZawsze<br \/>\nwarto wys\u0142ucha\u0107 historii drugiego cz\u0142owieka do ko\u0144ca. W ten spos\u00f3b mo\u017cna<br \/>\nuratowa\u0107 komu\u015b \u017cycie.&#8221;* <\/b>To jest moje podsumowanie, innego nie wymy\u015bl\u0119,<br \/>\nbo cokolwiek napisz\u0119 okazuje si\u0119 by\u0107 byle jakie i nie na miejscu. Uwa\u017cam, \u017ce t\u0119<br \/>\nksi\u0105\u017ck\u0119 trzeba po prostu przeczyta\u0107\u2026 Pani Kasiu, gratuluj\u0119 ksi\u0105\u017cki, kt\u00f3ra<br \/>\nporuszy serca i mo\u017ce zmieni co\u015b w naszej rzeczywisto\u015bci. <\/i><\/div>\n<div class=\"MsoNormal\">\n<\/div>\n<div align=\"center\" class=\"MsoNormal\" style=\"text-align: center;\">\n<i style=\"mso-bidi-font-style: normal;\">Za mo\u017cliwo\u015b\u0107 przeczytania ksi\u0105\u017cki<br \/>\ndzi\u0119kuj\u0119 autorce oraz:<\/i><\/div>\n<div align=\"center\" class=\"MsoNormal\" style=\"text-align: center;\">\n<\/div>\n<div class=\"separator\" style=\"clear: both; text-align: center;\">\n<i style=\"mso-bidi-font-style: normal;\"><a href=\"http:\/\/3.bp.blogspot.com\/-nVL_pLOy-LI\/UZ_oxU8LuFI\/AAAAAAAAHBE\/sZXdEhsC5ww\/s1600\/znak_literanova.jpg\" imageanchor=\"1\" style=\"margin-left: 1em; margin-right: 1em;\"><img decoding=\"async\" border=\"0\" src=\"http:\/\/3.bp.blogspot.com\/-nVL_pLOy-LI\/UZ_oxU8LuFI\/AAAAAAAAHBE\/sZXdEhsC5ww\/s1600\/znak_literanova.jpg\" \/><\/a><\/i><\/div>\n<p><\/p>\n<div class=\"MsoNormal\">\n<\/div>\n<div class=\"MsoNormal\">\n<i style=\"mso-bidi-font-style: normal;\">*cytaty pochodzi z \u201eBezdomna\u201d K.<br \/>\nMichalak<\/i><\/div>\n<div class=\"MsoNormal\">\n<b style=\"mso-bidi-font-weight: normal;\"><i style=\"mso-bidi-font-style: normal;\">Autor: <\/i><\/b><i style=\"mso-bidi-font-style: normal;\">Katarzyna<br \/>\nMichalak<\/i><\/div>\n<div class=\"MsoNormal\">\n<b style=\"mso-bidi-font-weight: normal;\"><i style=\"mso-bidi-font-style: normal;\">Tytu\u0142: <\/i><\/b><i style=\"mso-bidi-font-style: normal;\">Bezdomna<\/i><\/div>\n<div class=\"MsoNormal\">\n<b style=\"mso-bidi-font-weight: normal;\"><i style=\"mso-bidi-font-style: normal;\">Wydawnictwo: <\/i><\/b><i style=\"mso-bidi-font-style: normal;\">Znak<br \/>\nliteranova<\/i><\/div>\n<div class=\"MsoNormal\">\n<b style=\"mso-bidi-font-weight: normal;\"><i style=\"mso-bidi-font-style: normal;\">Rok wydania: 06<br \/>\nczerwca 2013<\/i><\/b><\/div>\n<div class=\"MsoNormal\">\n<b style=\"mso-bidi-font-weight: normal;\"><i style=\"mso-bidi-font-style: normal;\">Liczba stron: <\/i><\/b><i style=\"mso-bidi-font-style: normal;\">256<\/i><\/div>\n<div class=\"MsoNormal\">\n<\/div>\n<div align=\"center\" class=\"MsoNormal\" style=\"text-align: center;\">\n<b style=\"mso-bidi-font-weight: normal;\"><i style=\"mso-bidi-font-style: normal;\">Seria<br \/>\nz Czarnym Kotem:<\/i><\/b><\/div>\n<div align=\"center\" class=\"MsoNormal\" style=\"text-align: center;\">\n<i style=\"mso-bidi-font-style: normal;\"><a href=\"http:\/\/zapatrzonawksiazki.blogspot.com\/2012\/06\/gdzies-tam-jest-nadzieja-nadzieja.html\">Nadzieja<\/a> | <b style=\"mso-bidi-font-weight: normal;\">Bezdomna<\/b> | Zabajka<\/i><\/div>\n","protected":false},"excerpt":{"rendered":"<p>&nbsp;&nbsp;&nbsp;&nbsp;&nbsp;&nbsp;&nbsp;&nbsp;&nbsp;&nbsp;&nbsp; \u201e(&#8230;) nie wiem jak inni bezdomni (&#8230;) ja po prostu chcia\u0142am, by mn\u0105 gardzono. Za to, co zrobi\u0142am. Zas\u0142u\u017cy\u0142am na pogard\u0119. Na nienawi\u015b\u0107. I chcia\u0142am j\u0105 otrzymywa\u0107. Rozumiesz kocie? Potrzebowa\u0142am kary. Kara\u0142am si\u0119 wi\u0119c.&#8221;* &nbsp;&nbsp;&nbsp;&nbsp;&nbsp;&nbsp;&nbsp;&nbsp;&nbsp;&nbsp;&nbsp; Bardzo \u0142atwo jest oceni\u0107 cz\u0142owieka po tym co si\u0119 o nim s\u0142yszy i jak si\u0119 go widzi. Prawd\u0105 jednak [&hellip;]<\/p>\n","protected":false},"author":2,"featured_media":0,"comment_status":"open","ping_status":"open","sticky":false,"template":"","format":"standard","meta":[],"categories":[1],"tags":[20,712,44,380,427,622,781,415,46],"jetpack_featured_media_url":"","_links":{"self":[{"href":"https:\/\/zapatrzonawksiazki.pl\/index.php\/wp-json\/wp\/v2\/posts\/805"}],"collection":[{"href":"https:\/\/zapatrzonawksiazki.pl\/index.php\/wp-json\/wp\/v2\/posts"}],"about":[{"href":"https:\/\/zapatrzonawksiazki.pl\/index.php\/wp-json\/wp\/v2\/types\/post"}],"author":[{"embeddable":true,"href":"https:\/\/zapatrzonawksiazki.pl\/index.php\/wp-json\/wp\/v2\/users\/2"}],"replies":[{"embeddable":true,"href":"https:\/\/zapatrzonawksiazki.pl\/index.php\/wp-json\/wp\/v2\/comments?post=805"}],"version-history":[{"count":1,"href":"https:\/\/zapatrzonawksiazki.pl\/index.php\/wp-json\/wp\/v2\/posts\/805\/revisions"}],"predecessor-version":[{"id":2306,"href":"https:\/\/zapatrzonawksiazki.pl\/index.php\/wp-json\/wp\/v2\/posts\/805\/revisions\/2306"}],"wp:attachment":[{"href":"https:\/\/zapatrzonawksiazki.pl\/index.php\/wp-json\/wp\/v2\/media?parent=805"}],"wp:term":[{"taxonomy":"category","embeddable":true,"href":"https:\/\/zapatrzonawksiazki.pl\/index.php\/wp-json\/wp\/v2\/categories?post=805"},{"taxonomy":"post_tag","embeddable":true,"href":"https:\/\/zapatrzonawksiazki.pl\/index.php\/wp-json\/wp\/v2\/tags?post=805"}],"curies":[{"name":"wp","href":"https:\/\/api.w.org\/{rel}","templated":true}]}}