{"id":8006,"date":"2023-05-01T23:07:58","date_gmt":"2023-05-01T21:07:58","guid":{"rendered":"http:\/\/zapatrzonawksiazki.pl\/?p=8006"},"modified":"2023-05-07T18:55:51","modified_gmt":"2023-05-07T16:55:51","slug":"skradziona-korona-barbara-wicher","status":"publish","type":"post","link":"https:\/\/zapatrzonawksiazki.pl\/index.php\/2023\/05\/01\/skradziona-korona-barbara-wicher\/","title":{"rendered":"Skradziona korona Barbara Wicher"},"content":{"rendered":"<p style=\"text-align: justify;\"><img decoding=\"async\" loading=\"lazy\" class=\"size-medium wp-image-8007 alignleft\" src=\"http:\/\/zapatrzonawksiazki.pl\/wp-content\/uploads\/2023\/05\/skradziona-korona-218x300.jpg\" alt=\"\" width=\"218\" height=\"300\" srcset=\"https:\/\/zapatrzonawksiazki.pl\/wp-content\/uploads\/2023\/05\/skradziona-korona-218x300.jpg 218w, https:\/\/zapatrzonawksiazki.pl\/wp-content\/uploads\/2023\/05\/skradziona-korona.jpg 744w\" sizes=\"(max-width: 218px) 100vw, 218px\" \/>To, co dla jednych jest marzeniem, dla innych mo\u017ce by\u0107 przykrym obowi\u0105zkiem. Spe\u0142niamy, bo si\u0119 tego od nas oczekuje i przecie\u017c tak powinno by\u0107. Wymagania, narzucanie okre\u015blonych zachowa\u0144 i kategoryzowanie mo\u017ce by\u0107 krzywdz\u0105ce, czasami jednak trudno pokaza\u0107, \u017ce chce si\u0119 czego\u015b innego.<\/p>\n<h3 style=\"text-align: justify;\">Zarys fabu\u0142y<\/h3>\n<p style=\"text-align: justify;\">Kr\u00f3lewna Julka dosta\u0142a na urodziny od rodzic\u00f3w prawdziw\u0105 koron\u0119 i \u015bliczn\u0105 sukienk\u0119. Chocia\u017c dotychczas ubiera\u0142a si\u0119 zupe\u0142nie inaczej to po ubraniu sukienki i za\u0142o\u017ceniu korony decyduje, \u017ce od teraz zawsze b\u0119dzie je nosi\u0107. Szybko jednak przekonuje si\u0119, \u017ce w koronie i sukience nie wszystkie zabawy s\u0105 mo\u017cliwe. Jednak kr\u00f3lewna stara si\u0119, jak mo\u017ce robi\u0107 dalej wszystko, co lubi. Pewnego dnia niestety dzieje si\u0119 co\u015b bardzo z\u0142ego &#8211; ginie korona i sukienka. Z pomoc\u0105 przychodzi brat dziewczynki, kt\u00f3ry zamienia si\u0119 w detektywa i pr\u00f3buje odkry\u0107, kto i po co zabra\u0142 tak cenne dla Julki rzeczy.<\/p>\n<p style=\"text-align: justify;\"><em>Skradziona korona<\/em> zauroczy\u0142a nas ok\u0142adk\u0105. Jest taka kolorowa i weso\u0142a, trudno oderwa\u0107 od niej wzrok. Nast\u0119pnie poznali\u015bmy opis i ju\u017c nie by\u0142o wyj\u015bcia. Ksi\u0105\u017ceczka musia\u0142a do nas trafi\u0107. Gdy tylko dotar\u0142a, zosta\u0142a wybrana do czytania, bo byli\u015bmy bardzo ciekawi, co skrywa \u015brodek. Historia jest ju\u017c za nami, a co mo\u017cemy o niej powiedzie\u0107?<\/p>\n<h3 style=\"text-align: justify;\">S\u0142\u00f3w kilka o szacie graficznej<\/h3>\n<p style=\"text-align: justify;\">Pierwsze, co rzuca si\u0119 w oczy to oprawa graficzna. Wcze\u015bniej wspomniana ok\u0142adka, to zaledwie przedsmak tego, co przygotowa\u0142a Agnieszka Wajda. Ju\u017c sama wklejka to ma\u0142e ilustratorskie cudo, kt\u00f3re przenosi do \u015bwiata bohater\u00f3w. Ksi\u0105\u017cka podzielona jest na rozdzia\u0142y, a na pocz\u0105tku ka\u017cdego mamy obrazek i pi\u0119knie zdobiony pocz\u0105tek tekstu. Ilustracji jest du\u017co wi\u0119cej, czasem zajmuj\u0105 p\u00f3\u0142 strony, a czasami ca\u0142\u0105. Kolorowe, bajkowe, s\u0105 jak przej\u015bcie do tego zamku, zapraszaj\u0105ce do zabawy i odkrycia tajemnicy zaginionych rzeczy.<\/p>\n<h3 style=\"text-align: justify;\">Moje wra\u017cenia<\/h3>\n<p style=\"text-align: justify;\"><em>Skradziona korona<\/em> to historia skierowana do m\u0142odszego czytelnika i Barbara Wicher pisze bardzo prostym, ale przyjemnym w odbiorze j\u0119zykiem, bez trudnych s\u0142\u00f3w czy skomplikowanych zda\u0144. Rozdzia\u0142y s\u0105 na tyle kr\u00f3tkie, a czcionka du\u017ca, \u017ce nada si\u0119 ju\u017c do samodzielnego czytania. To wszystko jest oczywistym plusem, ale to co najwa\u017cniejsze, to sama historia. Opowie\u015b\u0107 przedstawia losy wsp\u00f3\u0142czesnej rodziny kr\u00f3lewskiej, a raczej ma\u0142ej kr\u00f3lewny. Mamy tutaj nawi\u0105zanie do komunikacji telefonem, karoce zamieniono na luksusowe samochody, a uwa\u017cny czytelnik wy\u0142apie te\u017c pewne nawi\u0105zanie do popkultury. Opowie\u015b\u0107 czyta si\u0119 jak najlepsz\u0105 ba\u015b\u0144, w kt\u00f3rej nie brakuje przyg\u00f3d, ale i p\u0142yn\u0105cych z nich mora\u0142\u00f3w.<\/p>\n<h3 style=\"text-align: justify;\">Na zako\u0144czenie<\/h3>\n<p style=\"text-align: justify;\">Jedno jest pewne, <em>Skradziona korona<\/em> nie nadaje si\u0119 na wieczorne czytanie. Historia wci\u0105ga tak bardzo, \u017ce przy wsp\u00f3lnym czytaniu poch\u0142ania si\u0119 ja na raz. Doros\u0142ym mo\u017ce w niej zgrzyta\u0107 kilka rzeczy, jak cz\u0119ste zmiany czasu, brak rozwini\u0119cia niekt\u00f3rych w\u0105tk\u00f3w, czy zachowanie mamy po odkryciu kradzie\u017cy, ale dzieciom raczej nie powinno to przeszkadza\u0107. Moim zdaniem najwa\u017cniejsze jest tutaj czerpanie rado\u015bci z czytania, prze\u017cywania historii i dostrze\u017cenia przekazu p\u0142yn\u0105cego z opowie\u015bci. A ten, wed\u0142ug Potwork\u00f3w i mnie samej jest bardzo wa\u017cny. Ta ksi\u0105\u017cka m\u00f3wi, \u017ce mo\u017cemy by\u0107, kim chcemy i robi\u0107, co nam w duszy gra, czy to noszenie korony, czy skakanie po ka\u0142u\u017cach.<\/p>\n<p style=\"text-align: justify;\">Z czystym sumieniem wraz z Potworkami polecam. <em>Skradziona korona<\/em> przypadnie do gustu ch\u0142opcom i dziewczynkom. Przenosi w bajkowy \u015bwiat, wzbudza du\u017co emocji, wra\u017ce\u0144 oraz pozwala zrozumie\u0107, \u017ce najwa\u017cniejsze jest to, by by\u0107 sob\u0105 i nie czu\u0107 strachu przed okazywaniem tego.<\/p>\n<p style=\"text-align: justify;\"><strong>Autor:<\/strong> Barbara Wicher<br \/>\n<strong>Ilustrator:<\/strong> Agnieszka Wajda<br \/>\n<strong>Tytu\u0142:<\/strong> Skradziona Korona<br \/>\n<strong>Wydawnictwo:<\/strong> Dziwimisie<br \/>\n<strong>Wydanie:<\/strong> I<br \/>\n<strong>Data wydania:<\/strong> 2023-04-26<br \/>\n<strong>Kategoria:<\/strong> lit. dzieci\u0119ca (6+)<br \/>\n<strong>ISBN:<\/strong> 9788367083133<br \/>\n<strong>Liczba stron:<\/strong> 96<br \/>\n<img decoding=\"async\" loading=\"lazy\" class=\"aligncenter wp-image-5880 size-large\" src=\"http:\/\/zapatrzonawksiazki.pl\/wp-content\/uploads\/2021\/05\/ocena-Zapatrzona-8-1024x195.png\" alt=\"\" width=\"1024\" height=\"195\" srcset=\"https:\/\/zapatrzonawksiazki.pl\/wp-content\/uploads\/2021\/05\/ocena-Zapatrzona-8-1024x195.png 1024w, https:\/\/zapatrzonawksiazki.pl\/wp-content\/uploads\/2021\/05\/ocena-Zapatrzona-8-300x57.png 300w, https:\/\/zapatrzonawksiazki.pl\/wp-content\/uploads\/2021\/05\/ocena-Zapatrzona-8-768x146.png 768w\" sizes=\"(max-width: 1024px) 100vw, 1024px\" \/><\/p>\n<hr \/>\n<div id='gallery-1' class='gallery galleryid-8006 gallery-columns-3 gallery-size-large'><figure class='gallery-item'>\n\t\t\t<div class='gallery-icon landscape'>\n\t\t\t\t<a href='https:\/\/zapatrzonawksiazki.pl\/index.php\/2023\/05\/01\/skradziona-korona-barbara-wicher\/skradziona-korona-2-zapatrzonawksiazki-pl\/'><img width=\"1024\" height=\"1024\" src=\"https:\/\/zapatrzonawksiazki.pl\/wp-content\/uploads\/2023\/05\/skradziona-korona-2-zapatrzonawksiazki-pl-1024x1024.jpg\" class=\"attachment-large size-large\" alt=\"\" decoding=\"async\" loading=\"lazy\" srcset=\"https:\/\/zapatrzonawksiazki.pl\/wp-content\/uploads\/2023\/05\/skradziona-korona-2-zapatrzonawksiazki-pl-1024x1024.jpg 1024w, https:\/\/zapatrzonawksiazki.pl\/wp-content\/uploads\/2023\/05\/skradziona-korona-2-zapatrzonawksiazki-pl-150x150.jpg 150w, https:\/\/zapatrzonawksiazki.pl\/wp-content\/uploads\/2023\/05\/skradziona-korona-2-zapatrzonawksiazki-pl-300x300.jpg 300w, https:\/\/zapatrzonawksiazki.pl\/wp-content\/uploads\/2023\/05\/skradziona-korona-2-zapatrzonawksiazki-pl-768x768.jpg 768w, https:\/\/zapatrzonawksiazki.pl\/wp-content\/uploads\/2023\/05\/skradziona-korona-2-zapatrzonawksiazki-pl.jpg 1870w\" sizes=\"(max-width: 1024px) 100vw, 1024px\" \/><\/a>\n\t\t\t<\/div><\/figure><figure class='gallery-item'>\n\t\t\t<div class='gallery-icon landscape'>\n\t\t\t\t<a href='https:\/\/zapatrzonawksiazki.pl\/index.php\/2023\/05\/01\/skradziona-korona-barbara-wicher\/skradziona-korona-3-zapatrzonawksiazki-pl\/'><img width=\"1024\" height=\"1024\" src=\"https:\/\/zapatrzonawksiazki.pl\/wp-content\/uploads\/2023\/05\/skradziona-korona-3-zapatrzonawksiazki-pl-1024x1024.jpg\" class=\"attachment-large size-large\" alt=\"\" decoding=\"async\" loading=\"lazy\" srcset=\"https:\/\/zapatrzonawksiazki.pl\/wp-content\/uploads\/2023\/05\/skradziona-korona-3-zapatrzonawksiazki-pl-1024x1024.jpg 1024w, https:\/\/zapatrzonawksiazki.pl\/wp-content\/uploads\/2023\/05\/skradziona-korona-3-zapatrzonawksiazki-pl-150x150.jpg 150w, https:\/\/zapatrzonawksiazki.pl\/wp-content\/uploads\/2023\/05\/skradziona-korona-3-zapatrzonawksiazki-pl-300x300.jpg 300w, https:\/\/zapatrzonawksiazki.pl\/wp-content\/uploads\/2023\/05\/skradziona-korona-3-zapatrzonawksiazki-pl-768x768.jpg 768w, https:\/\/zapatrzonawksiazki.pl\/wp-content\/uploads\/2023\/05\/skradziona-korona-3-zapatrzonawksiazki-pl.jpg 1870w\" sizes=\"(max-width: 1024px) 100vw, 1024px\" \/><\/a>\n\t\t\t<\/div><\/figure><figure class='gallery-item'>\n\t\t\t<div class='gallery-icon landscape'>\n\t\t\t\t<a href='https:\/\/zapatrzonawksiazki.pl\/index.php\/2023\/05\/01\/skradziona-korona-barbara-wicher\/skradziona-korona-4-zapatrzonawksiazki-pl\/'><img width=\"1024\" height=\"1024\" src=\"https:\/\/zapatrzonawksiazki.pl\/wp-content\/uploads\/2023\/05\/skradziona-korona-4-zapatrzonawksiazki-pl-1024x1024.jpg\" class=\"attachment-large size-large\" alt=\"\" decoding=\"async\" loading=\"lazy\" srcset=\"https:\/\/zapatrzonawksiazki.pl\/wp-content\/uploads\/2023\/05\/skradziona-korona-4-zapatrzonawksiazki-pl-1024x1024.jpg 1024w, https:\/\/zapatrzonawksiazki.pl\/wp-content\/uploads\/2023\/05\/skradziona-korona-4-zapatrzonawksiazki-pl-150x150.jpg 150w, https:\/\/zapatrzonawksiazki.pl\/wp-content\/uploads\/2023\/05\/skradziona-korona-4-zapatrzonawksiazki-pl-300x300.jpg 300w, https:\/\/zapatrzonawksiazki.pl\/wp-content\/uploads\/2023\/05\/skradziona-korona-4-zapatrzonawksiazki-pl-768x768.jpg 768w, https:\/\/zapatrzonawksiazki.pl\/wp-content\/uploads\/2023\/05\/skradziona-korona-4-zapatrzonawksiazki-pl.jpg 1870w\" sizes=\"(max-width: 1024px) 100vw, 1024px\" \/><\/a>\n\t\t\t<\/div><\/figure>\n\t\t<\/div>\n\n","protected":false},"excerpt":{"rendered":"<p>To, co dla jednych jest marzeniem, dla innych mo\u017ce by\u0107 przykrym obowi\u0105zkiem. Spe\u0142niamy, bo si\u0119 tego od nas oczekuje i przecie\u017c tak powinno by\u0107. Wymagania, narzucanie okre\u015blonych zachowa\u0144 i kategoryzowanie mo\u017ce by\u0107 krzywdz\u0105ce, czasami jednak trudno pokaza\u0107, \u017ce chce si\u0119 czego\u015b innego. Zarys fabu\u0142y Kr\u00f3lewna Julka dosta\u0142a na urodziny od rodzic\u00f3w prawdziw\u0105 koron\u0119 i \u015bliczn\u0105 [&hellip;]<\/p>\n","protected":false},"author":2,"featured_media":8008,"comment_status":"open","ping_status":"open","sticky":false,"template":"","format":"standard","meta":[],"categories":[5,4],"tags":[20,2115,2116,118,17],"jetpack_featured_media_url":"https:\/\/zapatrzonawksiazki.pl\/wp-content\/uploads\/2023\/05\/skradziona-korona-1-zapatrzonawksiazki-pl.jpg","_links":{"self":[{"href":"https:\/\/zapatrzonawksiazki.pl\/index.php\/wp-json\/wp\/v2\/posts\/8006"}],"collection":[{"href":"https:\/\/zapatrzonawksiazki.pl\/index.php\/wp-json\/wp\/v2\/posts"}],"about":[{"href":"https:\/\/zapatrzonawksiazki.pl\/index.php\/wp-json\/wp\/v2\/types\/post"}],"author":[{"embeddable":true,"href":"https:\/\/zapatrzonawksiazki.pl\/index.php\/wp-json\/wp\/v2\/users\/2"}],"replies":[{"embeddable":true,"href":"https:\/\/zapatrzonawksiazki.pl\/index.php\/wp-json\/wp\/v2\/comments?post=8006"}],"version-history":[{"count":3,"href":"https:\/\/zapatrzonawksiazki.pl\/index.php\/wp-json\/wp\/v2\/posts\/8006\/revisions"}],"predecessor-version":[{"id":8014,"href":"https:\/\/zapatrzonawksiazki.pl\/index.php\/wp-json\/wp\/v2\/posts\/8006\/revisions\/8014"}],"wp:featuredmedia":[{"embeddable":true,"href":"https:\/\/zapatrzonawksiazki.pl\/index.php\/wp-json\/wp\/v2\/media\/8008"}],"wp:attachment":[{"href":"https:\/\/zapatrzonawksiazki.pl\/index.php\/wp-json\/wp\/v2\/media?parent=8006"}],"wp:term":[{"taxonomy":"category","embeddable":true,"href":"https:\/\/zapatrzonawksiazki.pl\/index.php\/wp-json\/wp\/v2\/categories?post=8006"},{"taxonomy":"post_tag","embeddable":true,"href":"https:\/\/zapatrzonawksiazki.pl\/index.php\/wp-json\/wp\/v2\/tags?post=8006"}],"curies":[{"name":"wp","href":"https:\/\/api.w.org\/{rel}","templated":true}]}}