{"id":7998,"date":"2023-04-27T20:04:47","date_gmt":"2023-04-27T18:04:47","guid":{"rendered":"http:\/\/zapatrzonawksiazki.pl\/?p=7998"},"modified":"2023-05-05T21:51:07","modified_gmt":"2023-05-05T19:51:07","slug":"kruche-zycie-pancernika-arleta-remiszewska","status":"publish","type":"post","link":"https:\/\/zapatrzonawksiazki.pl\/index.php\/2023\/04\/27\/kruche-zycie-pancernika-arleta-remiszewska\/","title":{"rendered":"Kruche \u017cycie pancernika Arleta Remiszewska"},"content":{"rendered":"<p style=\"text-align: justify;\"><img decoding=\"async\" loading=\"lazy\" class=\"size-medium wp-image-7999 alignleft\" src=\"http:\/\/zapatrzonawksiazki.pl\/wp-content\/uploads\/2023\/05\/kruche-zycie-pancernika-212x300.jpg\" alt=\"\" width=\"212\" height=\"300\" srcset=\"https:\/\/zapatrzonawksiazki.pl\/wp-content\/uploads\/2023\/05\/kruche-zycie-pancernika-212x300.jpg 212w, https:\/\/zapatrzonawksiazki.pl\/wp-content\/uploads\/2023\/05\/kruche-zycie-pancernika.jpg 724w\" sizes=\"(max-width: 212px) 100vw, 212px\" \/>Od chorowania nie da si\u0119 uciec, atakuje ka\u017cdego, bez wzgl\u0119du na wiek czy dbanie o zdrowy tryb \u017cycia. Przychodzi nieproszona i obraca \u015bwiat do g\u00f3ry nogami. Sprawia, \u017ce wszystko si\u0119 zmienia i nagle traci sens, bo czeka nas walka o pokonanie, o si\u0142y na to i o chwil\u0119 normalno\u015bci.<\/p>\n<h3 style=\"text-align: justify;\">Zarys fabu\u0142y<\/h3>\n<p style=\"text-align: justify;\">Rodze\u0144stwo z regu\u0142y r\u00f3\u017cni si\u0119 jak tylko mo\u017ce, ale pomimo tego mo\u017ce si\u0119 fajnie dogadywa\u0107. Kacper i Antek to bracia, pierwszy to m\u0105drala lubi\u0105cy nad wszystkim rozmy\u015bla\u0107, drugi za\u015b jest niezwykle uczuciowy i chcia\u0142by da\u0107 drugie \u017cycie \u0141ajce. Dochodzi mi\u0119dzy nimi do star\u0107, ale jednak s\u0105 dla siebie wa\u017cni. Dlatego, gdy Kacper dowiaduje si\u0119 o chorobie brata stara sobie z tym poradzi\u0107 na sw\u00f3j spos\u00f3b i pokaza\u0107 Antkowi, \u017ce go kocha. Tylko czy da si\u0119 przygotowa\u0107 na strat\u0119 i w czasie walki zapomnie\u0107 o swoich emocjach? Czy mamy prawo si\u0119 wtedy \u015bmia\u0107, bawi\u0107 i traktowa\u0107 chor\u0105 osob\u0119 jak zawsze?<\/p>\n<p style=\"text-align: justify;\">To moje drugie zetkni\u0119cie z pi\u00f3rem Arlety Remiszewskiej, mia\u0142am okazj\u0119 czyta\u0107 ju\u017c jej <em>O latarniczce, mi\u0142o\u015bci i samotnym humbaku<\/em>. Mile wspominam tamten tytu\u0142 i dlatego ch\u0119tnie si\u0119gn\u0119\u0142am po <em>Kruche \u017cycie pancernika<\/em>. Co mog\u0119 o niej napisa\u0107?<\/p>\n<h3 style=\"text-align: justify;\">O szacie graficznej s\u0142\u00f3w kilka<\/h3>\n<p style=\"text-align: justify;\">Ca\u0142ej historii towarzysz\u0105 przepi\u0119kne czarno-bia\u0142e ilustracje autorstwa Zofii Zabrzewskiej. Nie ma ich zbyt wiele, ale uzupe\u0142niaj\u0105 tre\u015b\u0107 ksi\u0105\u017cki i stanowi\u0105 fajny dodatek pozwalaj\u0105cy pobudzi\u0107 wyobra\u017ani\u0119. Prace artystki daj\u0105 te\u017c mo\u017cliwo\u015b\u0107 uchylenia drzwi nieco bardziej do \u015bwiata Kacpra oraz jego brata, bo obrazuj\u0105, co gra im w g\u0142owach i sercach. To \u015bwiat widziany oczami dzieci. Tak prosty i zarazem tak z\u0142o\u017cony.<\/p>\n<h3 style=\"text-align: justify;\">Moje wra\u017cenia<\/h3>\n<p style=\"text-align: justify;\">Teraz ju\u017c wiem, czego mog\u0119 si\u0119 spodziewa\u0107 po ksi\u0105\u017cce autorki i rzeczywi\u015bcie, tym razem r\u00f3wnie\u017c dosta\u0142am powie\u015b\u0107, kt\u00f3ra opr\u00f3cz fajnej historii przekazuje bardzo istotne rzeczy w spos\u00f3b lekki i przyjemny w odbiorze. Ju\u017c samym plusem jest to, \u017ce losy bohater\u00f3w trafi\u0105 nie tylko do m\u0142odego, ale i doros\u0142ego czytelnika. Arleta Remiszewska stawia na emocje i realno\u015b\u0107, skupia si\u0119 na codzienno\u015bci, na pokazaniu, jak wszystko mo\u017ce si\u0119 zmieni\u0107. Popl\u0105ta\u0107 i ile si\u0142y potrzeba, by to przetrwa\u0107 i nie zagubi\u0107 przy tym siebie. Pisze o chorobie, nie koloryzuje, ale stara si\u0119 to przekaza\u0107 na tyle \u0142agodnie, o ile si\u0119 da.<\/p>\n<h3 style=\"text-align: justify;\">Na zako\u0144czenie<\/h3>\n<p style=\"text-align: justify;\">Powiem szczerze, nie wczytywa\u0142am si\u0119 za bardzo w opis i nie do ko\u0144ca wiedzia\u0142am, co mnie czeka, gdy zabiera\u0142am si\u0119 za czytanie. <em>Kruche \u017cycie pancernika<\/em> mnie zaskoczy\u0142o, chwyci\u0142o za serce i da\u0142o do my\u015blenia. I chocia\u017c powie\u015b\u0107 jest utrzymana w lekkim stylu, to nie pozwoli\u0142abym jej czyta\u0107 m\u0142odszym odbiorcom samemu. To historia, kt\u00f3r\u0105 warto czyta\u0107 wsp\u00f3lnie. By si\u0119 dobrze bawi\u0107 razem, ale przede wszystkim przedyskutowa\u0107, to co autorka przekazuje za pomoc\u0105 s\u0142\u00f3w. \u015awietnie pokazuje, \u017ce ka\u017cdy inaczej patrzy na chorob\u0119 i w inny spos\u00f3b sobie z ni\u0105 radzi. Przypomina, \u017ce to, co mamy nie jest nam dane na sta\u0142e i w ka\u017cdej chwili mo\u017ce si\u0119 rozpa\u015b\u0107. A wtedy mamy prawo czu\u0107, wyra\u017ca\u0107 swoje emocje i mie\u0107 pewno\u015b\u0107, \u017ce to dobrze. To niesamowite, \u017ce tak niepozornie wygl\u0105daj\u0105ca ksi\u0105\u017ceczka mo\u017ce by\u0107 bogata w tak wa\u017cny przekaz i nim nie przyt\u0142acza\u0107. Jest co\u015b w stylu autorki, \u017ce jej s\u0142owa s\u0105 takim balsamem, \u017ce nawet jak jest \u017ale, to b\u0119dzie dobrze, chocia\u017c s\u0105 gorsze momenty.<\/p>\n<p style=\"text-align: justify;\">Szczerze polecam <em>Kruche \u017cycie pancernika<\/em> ka\u017cdemu powy\u017cej \u00f3smego roku \u017cycia. Pami\u0119tajmy, tylko by czyta\u0107 ksi\u0105\u017ck\u0119 razem. Pi\u0119knie bowiem naprowadza na tematy choroby, straty, radzenia sobie z ni\u0105 i tak r\u00f3\u017cnych emocji, kt\u00f3re mog\u0105 przyt\u0142acza\u0107 i budzi\u0107 niepok\u00f3j. Bardzo wa\u017cna i dobrze napisana ksi\u0105\u017cka. Polecam z czystym sumieniem.<\/p>\n<p style=\"text-align: justify;\"><strong>Autor:<\/strong> Arleta Remiszewska<br \/>\n<strong>Ilustrator:<\/strong> Zofia Zabrzewska<br \/>\n<strong>Tytu\u0142:<\/strong> Kruche \u017cycie pancernika<br \/>\n<strong>Wydawnictwo:<\/strong> Skrzat<br \/>\n<strong>Wydanie:<\/strong> I<br \/>\n<strong>Data wydania:<\/strong> 2023-03-09<br \/>\n<strong>Kategoria:<\/strong> lit. dzieci\u0119ca (8+)<br \/>\n<strong>ISBN:<\/strong> 9788382075212<br \/>\n<strong>Liczba stron:<\/strong> 112<br \/>\n<img decoding=\"async\" loading=\"lazy\" class=\"aligncenter wp-image-5879 size-large\" src=\"http:\/\/zapatrzonawksiazki.pl\/wp-content\/uploads\/2021\/05\/ocena-Zapatrzona-7-1024x195.png\" alt=\"\" width=\"1024\" height=\"195\" srcset=\"https:\/\/zapatrzonawksiazki.pl\/wp-content\/uploads\/2021\/05\/ocena-Zapatrzona-7-1024x195.png 1024w, https:\/\/zapatrzonawksiazki.pl\/wp-content\/uploads\/2021\/05\/ocena-Zapatrzona-7-300x57.png 300w, https:\/\/zapatrzonawksiazki.pl\/wp-content\/uploads\/2021\/05\/ocena-Zapatrzona-7-768x146.png 768w\" sizes=\"(max-width: 1024px) 100vw, 1024px\" \/><\/p>\n<hr \/>\n<div id='gallery-1' class='gallery galleryid-7998 gallery-columns-3 gallery-size-large'><figure class='gallery-item'>\n\t\t\t<div class='gallery-icon landscape'>\n\t\t\t\t<a href='https:\/\/zapatrzonawksiazki.pl\/index.php\/2023\/04\/27\/kruche-zycie-pancernika-arleta-remiszewska\/kruche-zycie-pancernika-2-zapatrzonawksiazki-pl\/'><img width=\"1024\" height=\"1024\" src=\"https:\/\/zapatrzonawksiazki.pl\/wp-content\/uploads\/2023\/05\/kruche-zycie-pancernika-2-zapatrzonawksiazki-pl-1024x1024.jpg\" class=\"attachment-large size-large\" alt=\"\" decoding=\"async\" loading=\"lazy\" srcset=\"https:\/\/zapatrzonawksiazki.pl\/wp-content\/uploads\/2023\/05\/kruche-zycie-pancernika-2-zapatrzonawksiazki-pl-1024x1024.jpg 1024w, https:\/\/zapatrzonawksiazki.pl\/wp-content\/uploads\/2023\/05\/kruche-zycie-pancernika-2-zapatrzonawksiazki-pl-150x150.jpg 150w, https:\/\/zapatrzonawksiazki.pl\/wp-content\/uploads\/2023\/05\/kruche-zycie-pancernika-2-zapatrzonawksiazki-pl-300x300.jpg 300w, https:\/\/zapatrzonawksiazki.pl\/wp-content\/uploads\/2023\/05\/kruche-zycie-pancernika-2-zapatrzonawksiazki-pl-768x768.jpg 768w, https:\/\/zapatrzonawksiazki.pl\/wp-content\/uploads\/2023\/05\/kruche-zycie-pancernika-2-zapatrzonawksiazki-pl.jpg 1870w\" sizes=\"(max-width: 1024px) 100vw, 1024px\" \/><\/a>\n\t\t\t<\/div><\/figure><figure class='gallery-item'>\n\t\t\t<div class='gallery-icon landscape'>\n\t\t\t\t<a href='https:\/\/zapatrzonawksiazki.pl\/index.php\/2023\/04\/27\/kruche-zycie-pancernika-arleta-remiszewska\/kruche-zycie-pancernika-3-zapatrzonawksiazki-pl\/'><img width=\"1024\" height=\"1024\" src=\"https:\/\/zapatrzonawksiazki.pl\/wp-content\/uploads\/2023\/05\/kruche-zycie-pancernika-3-zapatrzonawksiazki-pl-1024x1024.jpg\" class=\"attachment-large size-large\" alt=\"\" decoding=\"async\" loading=\"lazy\" srcset=\"https:\/\/zapatrzonawksiazki.pl\/wp-content\/uploads\/2023\/05\/kruche-zycie-pancernika-3-zapatrzonawksiazki-pl-1024x1024.jpg 1024w, https:\/\/zapatrzonawksiazki.pl\/wp-content\/uploads\/2023\/05\/kruche-zycie-pancernika-3-zapatrzonawksiazki-pl-150x150.jpg 150w, https:\/\/zapatrzonawksiazki.pl\/wp-content\/uploads\/2023\/05\/kruche-zycie-pancernika-3-zapatrzonawksiazki-pl-300x300.jpg 300w, https:\/\/zapatrzonawksiazki.pl\/wp-content\/uploads\/2023\/05\/kruche-zycie-pancernika-3-zapatrzonawksiazki-pl-768x768.jpg 768w, https:\/\/zapatrzonawksiazki.pl\/wp-content\/uploads\/2023\/05\/kruche-zycie-pancernika-3-zapatrzonawksiazki-pl.jpg 1870w\" sizes=\"(max-width: 1024px) 100vw, 1024px\" \/><\/a>\n\t\t\t<\/div><\/figure><figure class='gallery-item'>\n\t\t\t<div class='gallery-icon landscape'>\n\t\t\t\t<a href='https:\/\/zapatrzonawksiazki.pl\/index.php\/2023\/04\/27\/kruche-zycie-pancernika-arleta-remiszewska\/kruche-zycie-pancernika-4-zapatrzonawksiazki-pl\/'><img width=\"1024\" height=\"1024\" src=\"https:\/\/zapatrzonawksiazki.pl\/wp-content\/uploads\/2023\/05\/kruche-zycie-pancernika-4-zapatrzonawksiazki-pl-1024x1024.jpg\" class=\"attachment-large size-large\" alt=\"\" decoding=\"async\" loading=\"lazy\" srcset=\"https:\/\/zapatrzonawksiazki.pl\/wp-content\/uploads\/2023\/05\/kruche-zycie-pancernika-4-zapatrzonawksiazki-pl-1024x1024.jpg 1024w, https:\/\/zapatrzonawksiazki.pl\/wp-content\/uploads\/2023\/05\/kruche-zycie-pancernika-4-zapatrzonawksiazki-pl-150x150.jpg 150w, https:\/\/zapatrzonawksiazki.pl\/wp-content\/uploads\/2023\/05\/kruche-zycie-pancernika-4-zapatrzonawksiazki-pl-300x300.jpg 300w, https:\/\/zapatrzonawksiazki.pl\/wp-content\/uploads\/2023\/05\/kruche-zycie-pancernika-4-zapatrzonawksiazki-pl-768x768.jpg 768w, https:\/\/zapatrzonawksiazki.pl\/wp-content\/uploads\/2023\/05\/kruche-zycie-pancernika-4-zapatrzonawksiazki-pl.jpg 1870w\" sizes=\"(max-width: 1024px) 100vw, 1024px\" \/><\/a>\n\t\t\t<\/div><\/figure>\n\t\t<\/div>\n\n","protected":false},"excerpt":{"rendered":"<p>Od chorowania nie da si\u0119 uciec, atakuje ka\u017cdego, bez wzgl\u0119du na wiek czy dbanie o zdrowy tryb \u017cycia. Przychodzi nieproszona i obraca \u015bwiat do g\u00f3ry nogami. Sprawia, \u017ce wszystko si\u0119 zmienia i nagle traci sens, bo czeka nas walka o pokonanie, o si\u0142y na to i o chwil\u0119 normalno\u015bci. Zarys fabu\u0142y Rodze\u0144stwo z regu\u0142y r\u00f3\u017cni [&hellip;]<\/p>\n","protected":false},"author":2,"featured_media":8003,"comment_status":"open","ping_status":"open","sticky":false,"template":"","format":"standard","meta":[],"categories":[5,4],"tags":[31,1818,118,17,259],"jetpack_featured_media_url":"https:\/\/zapatrzonawksiazki.pl\/wp-content\/uploads\/2023\/05\/kruche-zycie-pancernika-1-zapatrzonawksiazki-pl.jpg","_links":{"self":[{"href":"https:\/\/zapatrzonawksiazki.pl\/index.php\/wp-json\/wp\/v2\/posts\/7998"}],"collection":[{"href":"https:\/\/zapatrzonawksiazki.pl\/index.php\/wp-json\/wp\/v2\/posts"}],"about":[{"href":"https:\/\/zapatrzonawksiazki.pl\/index.php\/wp-json\/wp\/v2\/types\/post"}],"author":[{"embeddable":true,"href":"https:\/\/zapatrzonawksiazki.pl\/index.php\/wp-json\/wp\/v2\/users\/2"}],"replies":[{"embeddable":true,"href":"https:\/\/zapatrzonawksiazki.pl\/index.php\/wp-json\/wp\/v2\/comments?post=7998"}],"version-history":[{"count":1,"href":"https:\/\/zapatrzonawksiazki.pl\/index.php\/wp-json\/wp\/v2\/posts\/7998\/revisions"}],"predecessor-version":[{"id":8004,"href":"https:\/\/zapatrzonawksiazki.pl\/index.php\/wp-json\/wp\/v2\/posts\/7998\/revisions\/8004"}],"wp:featuredmedia":[{"embeddable":true,"href":"https:\/\/zapatrzonawksiazki.pl\/index.php\/wp-json\/wp\/v2\/media\/8003"}],"wp:attachment":[{"href":"https:\/\/zapatrzonawksiazki.pl\/index.php\/wp-json\/wp\/v2\/media?parent=7998"}],"wp:term":[{"taxonomy":"category","embeddable":true,"href":"https:\/\/zapatrzonawksiazki.pl\/index.php\/wp-json\/wp\/v2\/categories?post=7998"},{"taxonomy":"post_tag","embeddable":true,"href":"https:\/\/zapatrzonawksiazki.pl\/index.php\/wp-json\/wp\/v2\/tags?post=7998"}],"curies":[{"name":"wp","href":"https:\/\/api.w.org\/{rel}","templated":true}]}}