{"id":7970,"date":"2023-04-15T20:23:30","date_gmt":"2023-04-15T18:23:30","guid":{"rendered":"http:\/\/zapatrzonawksiazki.pl\/?p=7970"},"modified":"2023-04-21T21:13:59","modified_gmt":"2023-04-21T19:13:59","slug":"enola-i-niezwykle-zwierzeta-tom-3-joris-chamblain","status":"publish","type":"post","link":"https:\/\/zapatrzonawksiazki.pl\/index.php\/2023\/04\/15\/enola-i-niezwykle-zwierzeta-tom-3-joris-chamblain\/","title":{"rendered":"Enola i niezwyk\u0142e zwierz\u0119ta. Tom 3 Joris Chamblain"},"content":{"rendered":"<p style=\"text-align: justify;\"><img decoding=\"async\" loading=\"lazy\" class=\"size-medium wp-image-7971 alignleft\" src=\"http:\/\/zapatrzonawksiazki.pl\/wp-content\/uploads\/2023\/04\/enola-i-niezwykle-zwierzeta-tom-3-229x300.jpg\" alt=\"\" width=\"229\" height=\"300\" srcset=\"https:\/\/zapatrzonawksiazki.pl\/wp-content\/uploads\/2023\/04\/enola-i-niezwykle-zwierzeta-tom-3-229x300.jpg 229w, https:\/\/zapatrzonawksiazki.pl\/wp-content\/uploads\/2023\/04\/enola-i-niezwykle-zwierzeta-tom-3-768x1006.jpg 768w, https:\/\/zapatrzonawksiazki.pl\/wp-content\/uploads\/2023\/04\/enola-i-niezwykle-zwierzeta-tom-3-782x1024.jpg 782w, https:\/\/zapatrzonawksiazki.pl\/wp-content\/uploads\/2023\/04\/enola-i-niezwykle-zwierzeta-tom-3.jpg 916w\" sizes=\"(max-width: 229px) 100vw, 229px\" \/>Ka\u017cdy ma jakie\u015b umiej\u0119tno\u015bci, kt\u00f3rymi si\u0119 wyr\u00f3\u017cnia i to, co robi, nie jest zbytnio trudne. Dobrze, gdy lubimy swoje zaj\u0119cie i przynosi ono nam rado\u015b\u0107. A nie ma nic lepszego ni\u017c pomaganie innym, szczeg\u00f3lnie zwierz\u0119tom. Tym zwyk\u0142ym, jak i magicznym istotom. Wszak ka\u017cdy zas\u0142uguje na w\u0142a\u015bciw\u0105 opiek\u0119.<\/p>\n<h3 style=\"text-align: justify;\">Zarys fabu\u0142y<\/h3>\n<p style=\"text-align: justify;\">Przed Enol\u0105 kolejne wyzwania. Tym razem na jej drodze stanie wilko\u0142ak oraz gryf. Niels to nastoletni wilko\u0142ak, kt\u00f3remu coraz trudniej panowa\u0107 nad swoj\u0105 wilcz\u0105 natur\u0105, w dodatku ca\u0142y czas na co\u015b czeka, ale tego nie rozumie. Odpycha nawet Enole, ale pani weterynarz si\u0119 nie poddaje. Prawda dla nich obu b\u0119dzie zaskakuj\u0105ca. Drugi pacjent Enoli to gryf pracuj\u0105cy w cyrku. Dziewczynce w og\u00f3le si\u0119 to nie podoba, bo jego miejsce jest na wolno\u015bci w\u015br\u00f3d swoich. Zrobi wszystko, by gryf powr\u00f3ci\u0142 do swojego naturalnego \u015brodowiska.<\/p>\n<p style=\"text-align: justify;\">To ju\u017c trzeci tom przyg\u00f3d o tej niezwyk\u0142ej dziewczynce i musz\u0119 przyzna\u0107, \u017ce z ka\u017cd\u0105 cz\u0119\u015bci\u0105 jest coraz lepiej. <em>Enola i niezwyk\u0142e zwierz\u0119ta. Tom 3<\/em> kolejne dwie historie, kt\u00f3re znowu zbyt szybko si\u0119 ko\u0144cz\u0105, bo mog\u0142abym bez ko\u0144ca przebywa\u0107 u boku Enoli oraz Manekiego.<\/p>\n<h3 style=\"text-align: justify;\">S\u0142\u00f3w kilka o szacie graficznej<\/h3>\n<p style=\"text-align: justify;\">Ju\u017c poprzednio przyzna\u0142am, \u017ce ta seria kupi\u0142a mnie przede wszystkim warstw\u0105 ilustracyjn\u0105. To, co tworzy Lucile Thibaudier, jest niesamowite. Trudno mi si\u0119 oderwa\u0107 od jej prac. Tworz\u0105 niesamowity klimat i na r\u00f3wni z tekstem wzbudzaj\u0105 przer\u00f3\u017cne emocje. Artystka rewelacyjnie bawi si\u0119 kresk\u0105, kolorami, \u015bwiat\u0142o cieniem i dba o ka\u017cdy detal. Do tego ca\u0142o\u015b\u0107 ubiera w kolory, ruch oraz emocje. Momenty z kotem s\u0105 mistrzowskie.<\/p>\n<h3 style=\"text-align: justify;\">Moje wra\u017cenia<\/h3>\n<p style=\"text-align: justify;\">Joris Chamblain ma talent do snucia opowie\u015bci i przykuwania uwagi m\u0142odego (doros\u0142ego te\u017c) czytelnika. Jego opowie\u015bci z tej serii s\u0105 pe\u0142ne magicznych istot, kt\u00f3rym potrzebna jest pomoc. Scenarzysta na ich przyk\u0142adzie pokazuje, jak wa\u017cna jest pomoc oraz fakt, \u017ce ka\u017cdy na ni\u0105 zas\u0142uguje. <em>Enola i niezwyk\u0142e zwierz\u0119ta. Tom 3<\/em> porusza temat potrzeby bycia w grupie i zrozumienia samego siebie. M\u00f3wi te\u017c o tym, \u017ce zas\u0142ugujemy na wolno\u015b\u0107 i robienie tego, co chcemy, a nie co nakazuj\u0105 inni. To te\u017c pi\u0119kny przyk\u0142ad mi\u0142o\u015bci do zwierz\u0105t, wiem, \u017ce wspominam o tym ca\u0142y czas, ale to jest naprawd\u0119 wa\u017cne. Obie historie s\u0105 pe\u0142ne emocji i zaskakuj\u0105cych moment\u00f3w, tym razem nie tylko czytelnicy si\u0119 czego\u015b ucz\u0105, ale i sama Enola.<\/p>\n<h3 style=\"text-align: justify;\">Na zako\u0144czenie<\/h3>\n<p style=\"text-align: justify;\">Nie dziwi mnie ju\u017c fakt, \u017ce kolejny tom zdoby\u0142 moje serducho. <em>Enola i niezwyk\u0142e zwierz\u0119ta. Tom 3<\/em> od pierwszych kadr\u00f3w zdoby\u0142a moja ca\u0142kowit\u0105 uwag\u0119, jestem zachwycona ilustracjami, historiami, Enol\u0105, no i oczywi\u015bcie Manekim. Ten kot zdoby\u0142 szturmem moje serce, uwielbiam jego miny i humor. Zeszyt ten trzyma poziom poprzednich, bywa zabawnie, niebezpiecznie, a nawet tajemniczo i wzruszaj\u0105co. Podoba mi si\u0119, \u017ce w tak lekkim stylu m\u00f3wi si\u0119 tyle o opiece nad zwierz\u0119tami oraz innych wa\u017cnych warto\u015bciach.<\/p>\n<p style=\"text-align: justify;\">Ten zeszyt mo\u017cna czyta\u0107 bez znajomo\u015bci poprzednich, ale po co odbiera\u0107 sobie tyle rado\u015bci z poznawania przyg\u00f3d bohater\u00f3w i poznawania magicznych istot? Polecam, nie tylko <em>Enola i niezwyk\u0142e zwierz\u0119ta. Tom 3<\/em>, ale wszystkie cz\u0119\u015bci, to jedna z lepszych serii komiksowych dla dzieci. Przepi\u0119knie wydana, a do tego bawi i uczy.<\/p>\n<p style=\"text-align: justify;\"><strong>Scenariusz:<\/strong> Joris Chamblain<br \/>\n<strong>Rysunki:<\/strong> Lucile Thibaudier<br \/>\n<strong>T\u0142umaczenie:<\/strong> Maria Mosiewicz<br \/>\n<strong>Tytu\u0142:<\/strong> Enola i niezwyk\u0142e zwierz\u0119ta. Tom 3<br \/>\n<strong>Tytu\u0142 orygina\u0142u:<\/strong> Enola et les animaux extraordinaires. Volume 3<br \/>\n<strong>Wydawnictwo:<\/strong> Egmont<br \/>\n<strong>Wydanie:<\/strong> I<br \/>\n<strong>Data wydania:<\/strong> 2022-09-07<br \/>\n<strong>Kategoria:<\/strong> fantasy<br \/>\n<strong>ISBN:<\/strong> 9788328150478<br \/>\n<strong>Liczba stron:<\/strong> 68<br \/>\n<img decoding=\"async\" loading=\"lazy\" class=\"aligncenter wp-image-5880 size-large\" src=\"http:\/\/zapatrzonawksiazki.pl\/wp-content\/uploads\/2021\/05\/ocena-Zapatrzona-8-1024x195.png\" alt=\"\" width=\"1024\" height=\"195\" srcset=\"https:\/\/zapatrzonawksiazki.pl\/wp-content\/uploads\/2021\/05\/ocena-Zapatrzona-8-1024x195.png 1024w, https:\/\/zapatrzonawksiazki.pl\/wp-content\/uploads\/2021\/05\/ocena-Zapatrzona-8-300x57.png 300w, https:\/\/zapatrzonawksiazki.pl\/wp-content\/uploads\/2021\/05\/ocena-Zapatrzona-8-768x146.png 768w\" sizes=\"(max-width: 1024px) 100vw, 1024px\" \/><\/p>\n<p style=\"text-align: center;\">Enola i niezwyk\u0142e zwierz\u0119ta<br \/>\nTom 1 | Tom 2 | Tom 3<\/p>\n<hr \/>\n<div id='gallery-1' class='gallery galleryid-7970 gallery-columns-3 gallery-size-large'><figure class='gallery-item'>\n\t\t\t<div class='gallery-icon landscape'>\n\t\t\t\t<a href='https:\/\/zapatrzonawksiazki.pl\/index.php\/2023\/04\/15\/enola-i-niezwykle-zwierzeta-tom-3-joris-chamblain\/enola-i-niezwykle-zwierzeta-tom-3-2-zapatrzonawksiazki-pl\/'><img width=\"1024\" height=\"1024\" src=\"https:\/\/zapatrzonawksiazki.pl\/wp-content\/uploads\/2023\/04\/enola-i-niezwykle-zwierzeta-tom-3-2-zapatrzonawksiazki-pl-1024x1024.jpg\" class=\"attachment-large size-large\" alt=\"\" decoding=\"async\" loading=\"lazy\" srcset=\"https:\/\/zapatrzonawksiazki.pl\/wp-content\/uploads\/2023\/04\/enola-i-niezwykle-zwierzeta-tom-3-2-zapatrzonawksiazki-pl-1024x1024.jpg 1024w, https:\/\/zapatrzonawksiazki.pl\/wp-content\/uploads\/2023\/04\/enola-i-niezwykle-zwierzeta-tom-3-2-zapatrzonawksiazki-pl-150x150.jpg 150w, https:\/\/zapatrzonawksiazki.pl\/wp-content\/uploads\/2023\/04\/enola-i-niezwykle-zwierzeta-tom-3-2-zapatrzonawksiazki-pl-300x300.jpg 300w, https:\/\/zapatrzonawksiazki.pl\/wp-content\/uploads\/2023\/04\/enola-i-niezwykle-zwierzeta-tom-3-2-zapatrzonawksiazki-pl-768x768.jpg 768w, https:\/\/zapatrzonawksiazki.pl\/wp-content\/uploads\/2023\/04\/enola-i-niezwykle-zwierzeta-tom-3-2-zapatrzonawksiazki-pl.jpg 1870w\" sizes=\"(max-width: 1024px) 100vw, 1024px\" \/><\/a>\n\t\t\t<\/div><\/figure><figure class='gallery-item'>\n\t\t\t<div class='gallery-icon landscape'>\n\t\t\t\t<a href='https:\/\/zapatrzonawksiazki.pl\/index.php\/2023\/04\/15\/enola-i-niezwykle-zwierzeta-tom-3-joris-chamblain\/enola-i-niezwykle-zwierzeta-tom-3-3-zapatrzonawksiazki-pl\/'><img width=\"1024\" height=\"1024\" src=\"https:\/\/zapatrzonawksiazki.pl\/wp-content\/uploads\/2023\/04\/enola-i-niezwykle-zwierzeta-tom-3-3-zapatrzonawksiazki-pl-1024x1024.jpg\" class=\"attachment-large size-large\" alt=\"\" decoding=\"async\" loading=\"lazy\" srcset=\"https:\/\/zapatrzonawksiazki.pl\/wp-content\/uploads\/2023\/04\/enola-i-niezwykle-zwierzeta-tom-3-3-zapatrzonawksiazki-pl-1024x1024.jpg 1024w, https:\/\/zapatrzonawksiazki.pl\/wp-content\/uploads\/2023\/04\/enola-i-niezwykle-zwierzeta-tom-3-3-zapatrzonawksiazki-pl-150x150.jpg 150w, https:\/\/zapatrzonawksiazki.pl\/wp-content\/uploads\/2023\/04\/enola-i-niezwykle-zwierzeta-tom-3-3-zapatrzonawksiazki-pl-300x300.jpg 300w, https:\/\/zapatrzonawksiazki.pl\/wp-content\/uploads\/2023\/04\/enola-i-niezwykle-zwierzeta-tom-3-3-zapatrzonawksiazki-pl-768x768.jpg 768w, https:\/\/zapatrzonawksiazki.pl\/wp-content\/uploads\/2023\/04\/enola-i-niezwykle-zwierzeta-tom-3-3-zapatrzonawksiazki-pl.jpg 1870w\" sizes=\"(max-width: 1024px) 100vw, 1024px\" \/><\/a>\n\t\t\t<\/div><\/figure><figure class='gallery-item'>\n\t\t\t<div class='gallery-icon landscape'>\n\t\t\t\t<a href='https:\/\/zapatrzonawksiazki.pl\/index.php\/2023\/04\/15\/enola-i-niezwykle-zwierzeta-tom-3-joris-chamblain\/enola-i-niezwykle-zwierzeta-tom-3-4-zapatrzonawksiazki-pl\/'><img width=\"1024\" height=\"1024\" src=\"https:\/\/zapatrzonawksiazki.pl\/wp-content\/uploads\/2023\/04\/enola-i-niezwykle-zwierzeta-tom-3-4-zapatrzonawksiazki-pl-1024x1024.jpg\" class=\"attachment-large size-large\" alt=\"\" decoding=\"async\" loading=\"lazy\" srcset=\"https:\/\/zapatrzonawksiazki.pl\/wp-content\/uploads\/2023\/04\/enola-i-niezwykle-zwierzeta-tom-3-4-zapatrzonawksiazki-pl-1024x1024.jpg 1024w, https:\/\/zapatrzonawksiazki.pl\/wp-content\/uploads\/2023\/04\/enola-i-niezwykle-zwierzeta-tom-3-4-zapatrzonawksiazki-pl-150x150.jpg 150w, https:\/\/zapatrzonawksiazki.pl\/wp-content\/uploads\/2023\/04\/enola-i-niezwykle-zwierzeta-tom-3-4-zapatrzonawksiazki-pl-300x300.jpg 300w, https:\/\/zapatrzonawksiazki.pl\/wp-content\/uploads\/2023\/04\/enola-i-niezwykle-zwierzeta-tom-3-4-zapatrzonawksiazki-pl-768x768.jpg 768w, https:\/\/zapatrzonawksiazki.pl\/wp-content\/uploads\/2023\/04\/enola-i-niezwykle-zwierzeta-tom-3-4-zapatrzonawksiazki-pl.jpg 1870w\" sizes=\"(max-width: 1024px) 100vw, 1024px\" \/><\/a>\n\t\t\t<\/div><\/figure>\n\t\t<\/div>\n\n","protected":false},"excerpt":{"rendered":"<p>Ka\u017cdy ma jakie\u015b umiej\u0119tno\u015bci, kt\u00f3rymi si\u0119 wyr\u00f3\u017cnia i to, co robi, nie jest zbytnio trudne. Dobrze, gdy lubimy swoje zaj\u0119cie i przynosi ono nam rado\u015b\u0107. A nie ma nic lepszego ni\u017c pomaganie innym, szczeg\u00f3lnie zwierz\u0119tom. Tym zwyk\u0142ym, jak i magicznym istotom. Wszak ka\u017cdy zas\u0142uguje na w\u0142a\u015bciw\u0105 opiek\u0119. Zarys fabu\u0142y Przed Enol\u0105 kolejne wyzwania. Tym razem [&hellip;]<\/p>\n","protected":false},"author":2,"featured_media":7972,"comment_status":"open","ping_status":"open","sticky":false,"template":"","format":"standard","meta":[],"categories":[1],"tags":[20,121,86,2078,2104],"jetpack_featured_media_url":"https:\/\/zapatrzonawksiazki.pl\/wp-content\/uploads\/2023\/04\/enola-i-niezwykle-zwierzeta-tom-3-1-zapatrzonawksiazki-pl.jpg","_links":{"self":[{"href":"https:\/\/zapatrzonawksiazki.pl\/index.php\/wp-json\/wp\/v2\/posts\/7970"}],"collection":[{"href":"https:\/\/zapatrzonawksiazki.pl\/index.php\/wp-json\/wp\/v2\/posts"}],"about":[{"href":"https:\/\/zapatrzonawksiazki.pl\/index.php\/wp-json\/wp\/v2\/types\/post"}],"author":[{"embeddable":true,"href":"https:\/\/zapatrzonawksiazki.pl\/index.php\/wp-json\/wp\/v2\/users\/2"}],"replies":[{"embeddable":true,"href":"https:\/\/zapatrzonawksiazki.pl\/index.php\/wp-json\/wp\/v2\/comments?post=7970"}],"version-history":[{"count":4,"href":"https:\/\/zapatrzonawksiazki.pl\/index.php\/wp-json\/wp\/v2\/posts\/7970\/revisions"}],"predecessor-version":[{"id":7979,"href":"https:\/\/zapatrzonawksiazki.pl\/index.php\/wp-json\/wp\/v2\/posts\/7970\/revisions\/7979"}],"wp:featuredmedia":[{"embeddable":true,"href":"https:\/\/zapatrzonawksiazki.pl\/index.php\/wp-json\/wp\/v2\/media\/7972"}],"wp:attachment":[{"href":"https:\/\/zapatrzonawksiazki.pl\/index.php\/wp-json\/wp\/v2\/media?parent=7970"}],"wp:term":[{"taxonomy":"category","embeddable":true,"href":"https:\/\/zapatrzonawksiazki.pl\/index.php\/wp-json\/wp\/v2\/categories?post=7970"},{"taxonomy":"post_tag","embeddable":true,"href":"https:\/\/zapatrzonawksiazki.pl\/index.php\/wp-json\/wp\/v2\/tags?post=7970"}],"curies":[{"name":"wp","href":"https:\/\/api.w.org\/{rel}","templated":true}]}}