{"id":7933,"date":"2023-04-09T19:57:15","date_gmt":"2023-04-09T17:57:15","guid":{"rendered":"http:\/\/zapatrzonawksiazki.pl\/?p=7933"},"modified":"2023-04-09T19:57:15","modified_gmt":"2023-04-09T17:57:15","slug":"enola-i-niezwykle-zwierzeta-tom-2-joris-chamblain","status":"publish","type":"post","link":"https:\/\/zapatrzonawksiazki.pl\/index.php\/2023\/04\/09\/enola-i-niezwykle-zwierzeta-tom-2-joris-chamblain\/","title":{"rendered":"Enola i niezwyk\u0142e zwierz\u0119ta. Tom 2 Joris Chamblain"},"content":{"rendered":"<p style=\"text-align: justify;\"><img decoding=\"async\" loading=\"lazy\" class=\"size-medium wp-image-7934 alignleft\" src=\"http:\/\/zapatrzonawksiazki.pl\/wp-content\/uploads\/2023\/04\/enola-i-niezwykle-zwierzeta-tom-2-1-225x300.jpg\" alt=\"\" width=\"225\" height=\"300\" srcset=\"https:\/\/zapatrzonawksiazki.pl\/wp-content\/uploads\/2023\/04\/enola-i-niezwykle-zwierzeta-tom-2-1-225x300.jpg 225w, https:\/\/zapatrzonawksiazki.pl\/wp-content\/uploads\/2023\/04\/enola-i-niezwykle-zwierzeta-tom-2-1.jpg 300w\" sizes=\"(max-width: 225px) 100vw, 225px\" \/>Gdy robimy to, co kochamy, wk\u0142adamy w ka\u017cde zadanie ca\u0142e serce. Zw\u0142aszcza gdy nasza praca polega na kontakcie ze zwierz\u0119tami. Czy to tymi nam znanymi, czy te\u017c takimi, kt\u00f3rych nie spotkamy na co dzie\u0144 w naszym \u015bwiecie. Bo magiczne istoty r\u00f3wnie\u017c potrzebuj\u0105 niekiedy pomocy. A kto lepiej si\u0119 nimi zajmie ni\u017c osoba rozumiej\u0105c\u0105 ich potrzeby i kochaj\u0105ca ka\u017cde stworzenie?<\/p>\n<h3 style=\"text-align: justify;\">Zarys fabu\u0142y<\/h3>\n<p style=\"text-align: justify;\">Tym razem Enola wraz ze swoim kotem Manekim wyruszy na pomoc w dwa r\u00f3\u017cne miejsca. Gdzie\u015b na oceanie Kraken atakuje wszystkie statki i wszyscy maj\u0105 ju\u017c tego do\u015b\u0107. Enola musi si\u0119 spieszy\u0107, by odkry\u0107 pow\u00f3d jego zachowania, bo pod\u0142y pirat ju\u017c zaciera r\u0119ce na my\u015bl o zap\u0142acie, jaka go czeka za z\u0142apanie tego stwora. Nast\u0119pnie dziewczynka wraz ze swoim towarzyszem wyruszy w o\u015bnie\u017cone g\u00f3rskie szczyty. To tam \u017cyj\u0105 mnisi, kt\u00f3rzy od dawna czcz\u0105 Yeti, wierz\u0105c, \u017ce chroni on ich przed \u015bnie\u017cnymi tygrysami. W\u0142a\u015bnie zbli\u017caj\u0105 si\u0119 obchody i boj\u0105 si\u0119, \u017ce s\u0105 zagro\u017cone, bo Yeti nie je tego, co mu zanosz\u0105. Enola wraz z przewodnikiem i wyra\u017anie niezadowolonym Manekim udaje si\u0119 do jaskini, by odkry\u0107 pow\u00f3d niejedzenia Yeti. Czy uda im si\u0119 rozwi\u0105za\u0107 ten problem?<\/p>\n<p style=\"text-align: justify;\">Po pierwszym zeszycie oczywistym by\u0142o dla mnie, \u017ce <em>Enola i niezwyk\u0142e zwierz\u0119ta 2<\/em> znajd\u0105 si\u0119 w moich czytelniczych planach. I to bli\u017cszych ni\u017c dalszych. Pokocha\u0142am t\u0105 niezwykle empatyczn\u0105 dziewczynk\u0119 i jej kota, kt\u00f3ry jest moim zdaniem mistrzem drugiego planu. Drugi tom ju\u017c za mn\u0105, czy by\u0142o warto bra\u0107 go w ciemno?<\/p>\n<h3 style=\"text-align: justify;\">S\u0142\u00f3w kilka o szacie graficznej<\/h3>\n<p style=\"text-align: justify;\">Nie ma co si\u0119 oszukiwa\u0107. W tej serii przede wszystkim licz\u0105 si\u0119 ilustracje Lucile Thibaudier. Tworzy prace magiczne, zapieraj\u0105ce dech w piersi i zachwycaj\u0105ce ka\u017cdym najmniejszym detalem. Niesamowita kreska, kolory i uchwycony ka\u017cdy ruch, mina czy te\u017c emocja. Jestem pewna, \u017ce bez takich szczeg\u00f3\u0142\u00f3w jak miny Manekina oraz ca\u0142ej reszty, histori\u0119 nie by\u0142yby ju\u017c takie same. Od pierwszej strony ilustracje wci\u0105gaj\u0105 w fabu\u0142\u0119 i mami\u0105 obietnic\u0105 magicznych przyg\u00f3d.<\/p>\n<h3 style=\"text-align: justify;\">Moje wra\u017cenia<\/h3>\n<p style=\"text-align: justify;\">Musz\u0119 przyzna\u0107, \u017ce umieszczenie dw\u00f3ch opowiada\u0144 w jednym zeszycie, to \u015bwietny pomys\u0142. Jedno zdecydowanie zbyt szybko by\u0142oby przeczytane i pozosta\u0142by tylko niedosyt. Bo, jak ju\u017c wspomina\u0142am, ilustracje s\u0105 niesamowite, ale i tre\u015b\u0107 ma sporo do zaoferowania. Joris Chamblain tworzy ciekawe scenariusze. Opowiada o magicznych istotach, ale \u0142atwo w tych historiach odnie\u015b\u0107 si\u0119 do \u017cycia codziennego i przyk\u0142ad\u00f3w z naszego otoczenia. Scenarzysta ma niesamowity talent do pisania o rzeczach wa\u017cnych w spos\u00f3b lekki i przyst\u0119pny dla ma\u0142ych czytelnik\u00f3w. Mog\u0105 prze\u017cywa\u0107 niesamowite przygody, zachwyca\u0107 si\u0119 magicznymi istotami, za\u015bmiewa\u0107 z Manekiego, a przy okazji uczy\u0107 mi\u0142o\u015bci do zwierz\u0105t, odwagi oraz tego, \u017ce ka\u017cdy zas\u0142uguje na pomoc.<\/p>\n<h3 style=\"text-align: justify;\">Na zako\u0144czenie<\/h3>\n<p style=\"text-align: justify;\"><em>Enola i niezwyk\u0142e zwierz\u0119ta 2<\/em> zachwyca od pierwszej strony. Spojrza\u0142am na pierwsz\u0105 ilustracj\u0119 i wiedzia\u0142am, \u017ce przepadn\u0119 wraz z Potworkami w tym zeszycie. No i si\u0119 nie myli\u0142am. Obie historie dostarczy\u0142y nam mn\u00f3stwo rozrywki i dobrej zabawy. T\u0119sknili\u015bmy za Enol\u0105 i z rado\u015bci\u0105 obserwowali\u015bmy, jak bardzo kocha to, co robi. Budzi podziw swoj\u0105 postaw\u0105, empati\u0105 oraz zaanga\u017cowaniem. No i Maneki, kt\u00f3rego uwielbiamy. Nie zlicz\u0119, ile razy wywo\u0142ywa\u0142 u nas wybuchy \u015bmiechu oraz ch\u0119\u0107 przytulenia go. Ju\u017c wiemy, \u017ce przygody Enoli i jej podej\u015bcie do zwierz\u0105t zostan\u0105 z nami na bardzo d\u0142ugo. Bo czy mo\u017cna zapomnie\u0107 o tak wyj\u0105tkowych postaciach i ich prze\u017cyciach? Zw\u0142aszcza \u017ce tutaj nie brakuje zaskakuj\u0105cych moment\u00f3w, sporej dawki emocji i ukrytych mi\u0119dzy zdaniami warto\u015bci.<\/p>\n<p style=\"text-align: justify;\">My\u015bl\u0119, \u017ce <em>Enola i niezwyk\u0142e zwierz\u0119ta 2<\/em> to komiks, kt\u00f3ry warto mie\u0107 na p\u00f3\u0142ce ka\u017cdego ma\u0142ego mi\u0142o\u015bnika powie\u015bci graficznych. No i oczywi\u015bcie fana pierwszego zeszytu. W lekkiej formie Joris Chamblain uczy mi\u0142o\u015bci do \u017cywych istot oraz tego, \u017ce na pomoc zas\u0142uguje ka\u017cdy. Dzi\u0119ki takim opowie\u015bciom okazuje si\u0119, \u017ce odwaga, mi\u0142o\u015b\u0107 i niesienie pomocy nie jest wcale trudne, a daje tak du\u017co satysfakcji.<\/p>\n<p style=\"text-align: justify;\"><strong>Scenariusz:<\/strong> Joris Chamblain<br \/>\n<strong>Rysunki:<\/strong> Lucile Thibaudier<br \/>\n<strong>T\u0142umaczenie:<\/strong> Maria Mosiewicz<br \/>\n<strong>Tytu\u0142:<\/strong> Enola i niezwyk\u0142e zwierz\u0119ta. Tom 2<br \/>\n<strong>Tytu\u0142 orygina\u0142u:<\/strong> Enola et les animaux extraordinaires. Volume 2<br \/>\n<strong>Wydawnictwo:<\/strong> Egmont<br \/>\n<strong>Wydanie:<\/strong> I<br \/>\n<strong>Data wydania:<\/strong> 2022-05-18<br \/>\n<strong>Kategoria:<\/strong> fantasy<br \/>\n<strong>ISBN:<\/strong> 9788328150461<br \/>\n<strong>Liczba stron:<\/strong> 68<br \/>\n<img decoding=\"async\" loading=\"lazy\" class=\"aligncenter wp-image-5880 size-large\" src=\"http:\/\/zapatrzonawksiazki.pl\/wp-content\/uploads\/2021\/05\/ocena-Zapatrzona-8-1024x195.png\" alt=\"\" width=\"1024\" height=\"195\" srcset=\"https:\/\/zapatrzonawksiazki.pl\/wp-content\/uploads\/2021\/05\/ocena-Zapatrzona-8-1024x195.png 1024w, https:\/\/zapatrzonawksiazki.pl\/wp-content\/uploads\/2021\/05\/ocena-Zapatrzona-8-300x57.png 300w, https:\/\/zapatrzonawksiazki.pl\/wp-content\/uploads\/2021\/05\/ocena-Zapatrzona-8-768x146.png 768w\" sizes=\"(max-width: 1024px) 100vw, 1024px\" \/><\/p>\n<p style=\"text-align: center;\">Enola i niezwyk\u0142e zwierz\u0119ta<br \/>\nTom 1 | <em>Tom 2<\/em> | Tom 3<\/p>\n<hr \/>\n<div id='gallery-1' class='gallery galleryid-7933 gallery-columns-3 gallery-size-large'><figure class='gallery-item'>\n\t\t\t<div class='gallery-icon landscape'>\n\t\t\t\t<a href='https:\/\/zapatrzonawksiazki.pl\/index.php\/2023\/04\/09\/enola-i-niezwykle-zwierzeta-tom-2-joris-chamblain\/enola-i-niezwykle-zwierzeta-tom-2-2-zapatrzonawksiazki-pl\/'><img width=\"1024\" height=\"1024\" src=\"https:\/\/zapatrzonawksiazki.pl\/wp-content\/uploads\/2023\/04\/enola-i-niezwykle-zwierzeta-tom-2-2-zapatrzonawksiazki-pl-1024x1024.jpg\" class=\"attachment-large size-large\" alt=\"\" decoding=\"async\" loading=\"lazy\" srcset=\"https:\/\/zapatrzonawksiazki.pl\/wp-content\/uploads\/2023\/04\/enola-i-niezwykle-zwierzeta-tom-2-2-zapatrzonawksiazki-pl-1024x1024.jpg 1024w, https:\/\/zapatrzonawksiazki.pl\/wp-content\/uploads\/2023\/04\/enola-i-niezwykle-zwierzeta-tom-2-2-zapatrzonawksiazki-pl-150x150.jpg 150w, https:\/\/zapatrzonawksiazki.pl\/wp-content\/uploads\/2023\/04\/enola-i-niezwykle-zwierzeta-tom-2-2-zapatrzonawksiazki-pl-300x300.jpg 300w, https:\/\/zapatrzonawksiazki.pl\/wp-content\/uploads\/2023\/04\/enola-i-niezwykle-zwierzeta-tom-2-2-zapatrzonawksiazki-pl-768x768.jpg 768w, https:\/\/zapatrzonawksiazki.pl\/wp-content\/uploads\/2023\/04\/enola-i-niezwykle-zwierzeta-tom-2-2-zapatrzonawksiazki-pl.jpg 2048w\" sizes=\"(max-width: 1024px) 100vw, 1024px\" \/><\/a>\n\t\t\t<\/div><\/figure><figure class='gallery-item'>\n\t\t\t<div class='gallery-icon landscape'>\n\t\t\t\t<a href='https:\/\/zapatrzonawksiazki.pl\/index.php\/2023\/04\/09\/enola-i-niezwykle-zwierzeta-tom-2-joris-chamblain\/enola-i-niezwykle-zwierzeta-tom-2-3-zapatrzonawksiazki-pl\/'><img width=\"1024\" height=\"1024\" src=\"https:\/\/zapatrzonawksiazki.pl\/wp-content\/uploads\/2023\/04\/enola-i-niezwykle-zwierzeta-tom-2-3-zapatrzonawksiazki-pl-1024x1024.jpg\" class=\"attachment-large size-large\" alt=\"\" decoding=\"async\" loading=\"lazy\" srcset=\"https:\/\/zapatrzonawksiazki.pl\/wp-content\/uploads\/2023\/04\/enola-i-niezwykle-zwierzeta-tom-2-3-zapatrzonawksiazki-pl-1024x1024.jpg 1024w, https:\/\/zapatrzonawksiazki.pl\/wp-content\/uploads\/2023\/04\/enola-i-niezwykle-zwierzeta-tom-2-3-zapatrzonawksiazki-pl-150x150.jpg 150w, https:\/\/zapatrzonawksiazki.pl\/wp-content\/uploads\/2023\/04\/enola-i-niezwykle-zwierzeta-tom-2-3-zapatrzonawksiazki-pl-300x300.jpg 300w, https:\/\/zapatrzonawksiazki.pl\/wp-content\/uploads\/2023\/04\/enola-i-niezwykle-zwierzeta-tom-2-3-zapatrzonawksiazki-pl-768x768.jpg 768w, https:\/\/zapatrzonawksiazki.pl\/wp-content\/uploads\/2023\/04\/enola-i-niezwykle-zwierzeta-tom-2-3-zapatrzonawksiazki-pl.jpg 2048w\" sizes=\"(max-width: 1024px) 100vw, 1024px\" \/><\/a>\n\t\t\t<\/div><\/figure><figure class='gallery-item'>\n\t\t\t<div class='gallery-icon landscape'>\n\t\t\t\t<a href='https:\/\/zapatrzonawksiazki.pl\/index.php\/2023\/04\/09\/enola-i-niezwykle-zwierzeta-tom-2-joris-chamblain\/enola-i-niezwykle-zwierzeta-tom-2-4-zapatrzonawksiazki-pl\/'><img width=\"1024\" height=\"1024\" src=\"https:\/\/zapatrzonawksiazki.pl\/wp-content\/uploads\/2023\/04\/enola-i-niezwykle-zwierzeta-tom-2-4-zapatrzonawksiazki-pl-1024x1024.jpg\" class=\"attachment-large size-large\" alt=\"\" decoding=\"async\" loading=\"lazy\" srcset=\"https:\/\/zapatrzonawksiazki.pl\/wp-content\/uploads\/2023\/04\/enola-i-niezwykle-zwierzeta-tom-2-4-zapatrzonawksiazki-pl-1024x1024.jpg 1024w, https:\/\/zapatrzonawksiazki.pl\/wp-content\/uploads\/2023\/04\/enola-i-niezwykle-zwierzeta-tom-2-4-zapatrzonawksiazki-pl-150x150.jpg 150w, https:\/\/zapatrzonawksiazki.pl\/wp-content\/uploads\/2023\/04\/enola-i-niezwykle-zwierzeta-tom-2-4-zapatrzonawksiazki-pl-300x300.jpg 300w, https:\/\/zapatrzonawksiazki.pl\/wp-content\/uploads\/2023\/04\/enola-i-niezwykle-zwierzeta-tom-2-4-zapatrzonawksiazki-pl-768x768.jpg 768w, https:\/\/zapatrzonawksiazki.pl\/wp-content\/uploads\/2023\/04\/enola-i-niezwykle-zwierzeta-tom-2-4-zapatrzonawksiazki-pl.jpg 2048w\" sizes=\"(max-width: 1024px) 100vw, 1024px\" \/><\/a>\n\t\t\t<\/div><\/figure>\n\t\t<\/div>\n\n<hr \/>\n<p style=\"text-align: center;\">Dzi\u0119kuj\u0119!<br \/>\n<img decoding=\"async\" loading=\"lazy\" class=\"size-medium wp-image-5924 aligncenter\" src=\"http:\/\/zapatrzonawksiazki.pl\/wp-content\/uploads\/2021\/07\/duzeKa-300x151.jpg\" alt=\"\" width=\"300\" height=\"151\" srcset=\"https:\/\/zapatrzonawksiazki.pl\/wp-content\/uploads\/2021\/07\/duzeKa-300x151.jpg 300w, https:\/\/zapatrzonawksiazki.pl\/wp-content\/uploads\/2021\/07\/duzeKa.jpg 350w\" sizes=\"(max-width: 300px) 100vw, 300px\" \/><\/p>\n","protected":false},"excerpt":{"rendered":"<p>Gdy robimy to, co kochamy, wk\u0142adamy w ka\u017cde zadanie ca\u0142e serce. Zw\u0142aszcza gdy nasza praca polega na kontakcie ze zwierz\u0119tami. Czy to tymi nam znanymi, czy te\u017c takimi, kt\u00f3rych nie spotkamy na co dzie\u0144 w naszym \u015bwiecie. Bo magiczne istoty r\u00f3wnie\u017c potrzebuj\u0105 niekiedy pomocy. A kto lepiej si\u0119 nimi zajmie ni\u017c osoba rozumiej\u0105c\u0105 ich potrzeby [&hellip;]<\/p>\n","protected":false},"author":2,"featured_media":7935,"comment_status":"open","ping_status":"open","sticky":false,"template":"","format":"standard","meta":[],"categories":[1778,4],"tags":[20,61,121,86,2078,17,2104],"jetpack_featured_media_url":"https:\/\/zapatrzonawksiazki.pl\/wp-content\/uploads\/2023\/04\/enola-i-niezwykle-zwierzeta-tom-2-1-zapatrzonawksiazki-pl.jpg","_links":{"self":[{"href":"https:\/\/zapatrzonawksiazki.pl\/index.php\/wp-json\/wp\/v2\/posts\/7933"}],"collection":[{"href":"https:\/\/zapatrzonawksiazki.pl\/index.php\/wp-json\/wp\/v2\/posts"}],"about":[{"href":"https:\/\/zapatrzonawksiazki.pl\/index.php\/wp-json\/wp\/v2\/types\/post"}],"author":[{"embeddable":true,"href":"https:\/\/zapatrzonawksiazki.pl\/index.php\/wp-json\/wp\/v2\/users\/2"}],"replies":[{"embeddable":true,"href":"https:\/\/zapatrzonawksiazki.pl\/index.php\/wp-json\/wp\/v2\/comments?post=7933"}],"version-history":[{"count":1,"href":"https:\/\/zapatrzonawksiazki.pl\/index.php\/wp-json\/wp\/v2\/posts\/7933\/revisions"}],"predecessor-version":[{"id":7939,"href":"https:\/\/zapatrzonawksiazki.pl\/index.php\/wp-json\/wp\/v2\/posts\/7933\/revisions\/7939"}],"wp:featuredmedia":[{"embeddable":true,"href":"https:\/\/zapatrzonawksiazki.pl\/index.php\/wp-json\/wp\/v2\/media\/7935"}],"wp:attachment":[{"href":"https:\/\/zapatrzonawksiazki.pl\/index.php\/wp-json\/wp\/v2\/media?parent=7933"}],"wp:term":[{"taxonomy":"category","embeddable":true,"href":"https:\/\/zapatrzonawksiazki.pl\/index.php\/wp-json\/wp\/v2\/categories?post=7933"},{"taxonomy":"post_tag","embeddable":true,"href":"https:\/\/zapatrzonawksiazki.pl\/index.php\/wp-json\/wp\/v2\/tags?post=7933"}],"curies":[{"name":"wp","href":"https:\/\/api.w.org\/{rel}","templated":true}]}}