{"id":7829,"date":"2023-03-16T21:22:33","date_gmt":"2023-03-16T20:22:33","guid":{"rendered":"http:\/\/zapatrzonawksiazki.pl\/?p=7829"},"modified":"2023-03-17T21:35:13","modified_gmt":"2023-03-17T20:35:13","slug":"na-pokaz-emily-jenkins-sarah-mlynowski-lauren-myracle","status":"publish","type":"post","link":"https:\/\/zapatrzonawksiazki.pl\/index.php\/2023\/03\/16\/na-pokaz-emily-jenkins-sarah-mlynowski-lauren-myracle\/","title":{"rendered":"Na pokaz Emily Jenkins, Sarah Mlynowski, Lauren Myracle"},"content":{"rendered":"<p style=\"text-align: justify;\"><img decoding=\"async\" loading=\"lazy\" class=\"size-medium wp-image-7830 alignleft\" src=\"http:\/\/zapatrzonawksiazki.pl\/wp-content\/uploads\/2023\/03\/na-pokaz-magia-do-gory-nogami-tom-3-b-iext121882644-205x300.jpg\" alt=\"\" width=\"205\" height=\"300\" srcset=\"https:\/\/zapatrzonawksiazki.pl\/wp-content\/uploads\/2023\/03\/na-pokaz-magia-do-gory-nogami-tom-3-b-iext121882644-205x300.jpg 205w, https:\/\/zapatrzonawksiazki.pl\/wp-content\/uploads\/2023\/03\/na-pokaz-magia-do-gory-nogami-tom-3-b-iext121882644.jpg 547w\" sizes=\"(max-width: 205px) 100vw, 205px\" \/>Tak naprawd\u0119 ka\u017cdy z nas jest inny, ale niekt\u00f3rzy wyr\u00f3\u017cniaj\u0105 si\u0119 jeszcze bardziej ni\u017c inni. Wtedy jest to cz\u0119sto wytykane i wmawia si\u0119 danej osobie, \u017ce jest z ni\u0105 co\u015b nie tak. Tylko czy faktycznie to ona jest problemem, a nie otoczenie, kt\u00f3re nie akceptuje oryginalno\u015bci?<\/p>\n<h3 style=\"text-align: justify;\">Zarys fabu\u0142y<\/h3>\n<p style=\"text-align: justify;\">Nora wraz z przyjaci\u00f3\u0142mi z klasy Magia do g\u00f3ry nogami nadal kontynuuje nauk\u0119 w magicznej szkole. Ich grupa jest wyj\u0105tkowa, gdy\u017c magia ka\u017cdego z dzieci jest odwr\u00f3cona. Czego do ko\u0144ca nie akceptuj\u0105 pozostali uczniowie, ale powoli przekonuj\u0105 si\u0119, \u017ce nie s\u0105 oni skrzywieni. Nauka poch\u0142ania dzieci ca\u0142kowicie, ale gdy zostaje og\u0142oszony pokaz, w kt\u00f3rym uczniowie mog\u0105 pokaza\u0107 swoje talenty, to dzieci z MDGN pomimo obaw postanawiaj\u0105 r\u00f3wnie\u017c wyst\u0105pi\u0107. Co takiego zaprezentuj\u0105 i czy im si\u0119 uda?<\/p>\n<p style=\"text-align: justify;\"><em>Na pokaz<\/em> to ju\u017c trzeci tom serii o magii ukazanej na odwr\u00f3t, ale tak\u017ce o przyja\u017ani oraz akceptacji. Dwie poprzednie cz\u0119\u015bci bardzo mi si\u0119 podoba\u0142y i przyznaje, \u017ce nie mog\u0142am doczeka\u0107 si\u0119 kolejnych przyg\u00f3d tej grupy m\u0142odych uczni\u00f3w.<\/p>\n<h3 style=\"text-align: justify;\">Moje wra\u017cenia<\/h3>\n<p style=\"text-align: justify;\"><em>Na pokaz<\/em> to kontynuacja los\u00f3w uczni\u00f3w obdarzonych magi\u0105 w troch\u0119 inny spos\u00f3b ni\u017c ca\u0142a reszta. Autorki na ich przyk\u0142adzie staraj\u0105 si\u0119 pokaza\u0107, \u017ce bycie innym nie jest czym\u015b z\u0142ym. Wystarczy troch\u0119 dobrej woli, wsparcie i zrozumienie. Czasami jednak trudno jest zaakceptowa\u0107 siebie, gdy inni, zw\u0142aszcza bliscy nie potrafi\u0105 wspiera\u0107 nas w byciu sob\u0105. Ksi\u0105\u017cka ta jest pe\u0142na przyg\u00f3d, zabawnych moment\u00f3w, ale r\u00f3wnie\u017c ci\u0119\u017ckiej pracy nad sob\u0105, zrozumieniem, \u017ce \u201ebycie odwr\u00f3conym\u201d to nie co\u015b z\u0142ego i nie my jeste\u015bmy problemem. To te\u017c lekcja wybaczania i wybierania w\u0142asnej drogi. Brzmi powa\u017cnie, ale tre\u015b\u0107 zosta\u0142a dostosowana do wieku m\u0142odego odbiorcy i pomimo tych trudnych temat\u00f3w czyta si\u0119 j\u0105 lekko i przyjemnie.<\/p>\n<h3 style=\"text-align: justify;\">S\u0142\u00f3w kilka o bohaterach<\/h3>\n<p style=\"text-align: justify;\">Z tomu na tom wida\u0107, jak bohaterowie si\u0119 zmieniaj\u0105. Ju\u017c wspomina\u0142am poprzednio, \u017ce moce nie definiuj\u0105 bohater\u00f3w i z ka\u017cd\u0105 chwil\u0105 odkrywamy ich coraz lepiej. Wiemy, co czuj\u0105 i my\u015bl\u0105, co lubi\u0105, a czego nie, a teraz dodatkowo odkrywamy ich inne talenty. Podoba mi si\u0119 te\u017c, \u017ce pomimo m\u0142odego wieku dzieci s\u0105 bardzo dojrzali, ale pewnych rzeczy ucz\u0105 si\u0119 z czasem, musz\u0105 do tego doj\u015b\u0107 sami ze sob\u0105. Wnioski czasem bywaj\u0105 bolesne, ale pozwalaj\u0105 ruszy\u0107 dalej.<\/p>\n<h3 style=\"text-align: justify;\">Na zako\u0144czenie<\/h3>\n<p style=\"text-align: justify;\">Chocia\u017c seria jest skierowana do dzieci, to przyznam si\u0119, \u017ce ja sama wypatruje informacji o kolejnych tomach. Za <em>Na pokaz<\/em> zabra\u0142am si\u0119 z ogromn\u0105 ciekawo\u015bci\u0105 i pewno\u015bci\u0105, \u017ce si\u0119 nie zawiod\u0119. I tak by\u0142o. Historia wci\u0105ga od pierwszych stron i do samego ko\u0144ca budzi ciekawo\u015b\u0107. Z przyjemno\u015bci\u0105 wr\u00f3ci\u0142am do tej niecodziennej klasy i \u017cy\u0142am rozterkami jej uczni\u00f3w. U wszystkich co\u015b si\u0119 dzieje, ale sytuacja Nory najbardziej poruszy\u0142a moje serce. Boli, gdy rodzice nie akceptuj\u0105 nas takimi, jacy jeste\u015bmy, a dziewczynka czuje to a\u017c za bardzo i d\u0142ugo w sobie szuka\u0142a winy. Ciesz\u0119 si\u0119, \u017ce dosz\u0142a na ko\u0144cu do pewnych wniosk\u00f3w. Sporo tu zwrot\u00f3w akcji oraz emocji, nie mog\u0142am narzeka\u0107 na nud\u0119 nawet pomimo tego, \u017ce to literatura dzieci\u0119ca.<\/p>\n<p style=\"text-align: justify;\"><em>Na pokaz<\/em>, jak i poprzednie dwa tomy to rewelacyjna przygoda pe\u0142na magii, zwierz\u0105t oraz szkolnych perypetii. Autorki nie tylko dostarczaj\u0105 dobrej zabawy, ale przede wszystkim pokazuj\u0105, jak wa\u017cne jest akceptacja, wsp\u00f3\u0142praca, zrozumienie oraz szczera przyja\u017a\u0144.<\/p>\n<p style=\"text-align: justify;\"><strong>Autor:<\/strong> Emily Jenkins, Sarah Mlynowski, Lauren Myracle<br \/>\n<strong>T\u0142umaczenie:<\/strong> Aleksandra Weksej<br \/>\n<strong>Tytu\u0142:<\/strong> Na pokaz<br \/>\n<strong>Tytu\u0142 orygina\u0142u:<\/strong> Showing off<br \/>\n<strong>Wydawnictwo:<\/strong> Mamania<br \/>\n<strong>Wydanie:<\/strong> I<br \/>\n<strong>Data wydania:<\/strong> 2022-11-16<br \/>\n<strong>Kategoria:<\/strong> lit. dzieci\u0119ca (9+)<br \/>\n<strong>ISBN:<\/strong> 9788367216845<br \/>\n<strong>Liczba stron:<\/strong> 208<br \/>\n<img decoding=\"async\" loading=\"lazy\" class=\"aligncenter wp-image-5880 size-large\" src=\"http:\/\/zapatrzonawksiazki.pl\/wp-content\/uploads\/2021\/05\/ocena-Zapatrzona-8-1024x195.png\" alt=\"\" width=\"1024\" height=\"195\" srcset=\"https:\/\/zapatrzonawksiazki.pl\/wp-content\/uploads\/2021\/05\/ocena-Zapatrzona-8-1024x195.png 1024w, https:\/\/zapatrzonawksiazki.pl\/wp-content\/uploads\/2021\/05\/ocena-Zapatrzona-8-300x57.png 300w, https:\/\/zapatrzonawksiazki.pl\/wp-content\/uploads\/2021\/05\/ocena-Zapatrzona-8-768x146.png 768w\" sizes=\"(max-width: 1024px) 100vw, 1024px\" \/><\/p>\n<p style=\"text-align: center;\">Magia do g\u00f3ry nogami<br \/>\nMagia do g\u00f3ry nogami | Papier, no\u017cyczki, kamie\u0144 | <em>Na pokaz<\/em><\/p>\n","protected":false},"excerpt":{"rendered":"<p>Tak naprawd\u0119 ka\u017cdy z nas jest inny, ale niekt\u00f3rzy wyr\u00f3\u017cniaj\u0105 si\u0119 jeszcze bardziej ni\u017c inni. Wtedy jest to cz\u0119sto wytykane i wmawia si\u0119 danej osobie, \u017ce jest z ni\u0105 co\u015b nie tak. Tylko czy faktycznie to ona jest problemem, a nie otoczenie, kt\u00f3re nie akceptuje oryginalno\u015bci? Zarys fabu\u0142y Nora wraz z przyjaci\u00f3\u0142mi z klasy Magia [&hellip;]<\/p>\n","protected":false},"author":2,"featured_media":7831,"comment_status":"open","ping_status":"open","sticky":false,"template":"","format":"standard","meta":[],"categories":[5,4],"tags":[20,1833,498,118,244,17,1834,1835],"jetpack_featured_media_url":"https:\/\/zapatrzonawksiazki.pl\/wp-content\/uploads\/2023\/03\/na-pokaz-zapatrzonawksiazki-pl.jpg","_links":{"self":[{"href":"https:\/\/zapatrzonawksiazki.pl\/index.php\/wp-json\/wp\/v2\/posts\/7829"}],"collection":[{"href":"https:\/\/zapatrzonawksiazki.pl\/index.php\/wp-json\/wp\/v2\/posts"}],"about":[{"href":"https:\/\/zapatrzonawksiazki.pl\/index.php\/wp-json\/wp\/v2\/types\/post"}],"author":[{"embeddable":true,"href":"https:\/\/zapatrzonawksiazki.pl\/index.php\/wp-json\/wp\/v2\/users\/2"}],"replies":[{"embeddable":true,"href":"https:\/\/zapatrzonawksiazki.pl\/index.php\/wp-json\/wp\/v2\/comments?post=7829"}],"version-history":[{"count":2,"href":"https:\/\/zapatrzonawksiazki.pl\/index.php\/wp-json\/wp\/v2\/posts\/7829\/revisions"}],"predecessor-version":[{"id":7833,"href":"https:\/\/zapatrzonawksiazki.pl\/index.php\/wp-json\/wp\/v2\/posts\/7829\/revisions\/7833"}],"wp:featuredmedia":[{"embeddable":true,"href":"https:\/\/zapatrzonawksiazki.pl\/index.php\/wp-json\/wp\/v2\/media\/7831"}],"wp:attachment":[{"href":"https:\/\/zapatrzonawksiazki.pl\/index.php\/wp-json\/wp\/v2\/media?parent=7829"}],"wp:term":[{"taxonomy":"category","embeddable":true,"href":"https:\/\/zapatrzonawksiazki.pl\/index.php\/wp-json\/wp\/v2\/categories?post=7829"},{"taxonomy":"post_tag","embeddable":true,"href":"https:\/\/zapatrzonawksiazki.pl\/index.php\/wp-json\/wp\/v2\/tags?post=7829"}],"curies":[{"name":"wp","href":"https:\/\/api.w.org\/{rel}","templated":true}]}}