{"id":7816,"date":"2023-03-12T20:40:46","date_gmt":"2023-03-12T19:40:46","guid":{"rendered":"http:\/\/zapatrzonawksiazki.pl\/?p=7816"},"modified":"2023-03-16T21:33:07","modified_gmt":"2023-03-16T20:33:07","slug":"malowany-czlowiek-peter-v-brett","status":"publish","type":"post","link":"https:\/\/zapatrzonawksiazki.pl\/index.php\/2023\/03\/12\/malowany-czlowiek-peter-v-brett\/","title":{"rendered":"Malowany cz\u0142owiek Peter V. Brett"},"content":{"rendered":"<blockquote>\n<p style=\"text-align: justify;\">Zwierz\u0119ta uciekaj\u0105, je\u015bli mog\u0105, i walcz\u0105, je\u015bli musz\u0105, a ludzie niczym si\u0119 od nich nie r\u00f3\u017cni\u0105.*<\/p>\n<\/blockquote>\n<p style=\"text-align: justify;\"><img decoding=\"async\" loading=\"lazy\" class=\"size-medium wp-image-7817 alignleft\" src=\"http:\/\/zapatrzonawksiazki.pl\/wp-content\/uploads\/2023\/03\/malowany-czlowiek-180x300.jpg\" alt=\"\" width=\"180\" height=\"300\" srcset=\"https:\/\/zapatrzonawksiazki.pl\/wp-content\/uploads\/2023\/03\/malowany-czlowiek-180x300.jpg 180w, https:\/\/zapatrzonawksiazki.pl\/wp-content\/uploads\/2023\/03\/malowany-czlowiek-768x1278.jpg 768w, https:\/\/zapatrzonawksiazki.pl\/wp-content\/uploads\/2023\/03\/malowany-czlowiek-615x1024.jpg 615w, https:\/\/zapatrzonawksiazki.pl\/wp-content\/uploads\/2023\/03\/malowany-czlowiek.jpg 900w\" sizes=\"(max-width: 180px) 100vw, 180px\" \/>Noc skrywa w sobie wiele rzeczy. Mrok napawa strachem, bo gdy robi si\u0119 ciemno, z ziemi wychodz\u0105 potwory. Straszne i \u017c\u0105dne krwi, atakuj\u0105ce ludzko\u015b\u0107 bez krztyny lito\u015bci. Jest tylko jeden spos\u00f3b, by przetrwa\u0107 do rana, tylko czy b\u0119dzie si\u0119 zawsze sprawdza\u0142? Mo\u017ce jest nadzieja na inny ratunek?<\/p>\n<h3 style=\"text-align: justify;\">Zarys fabu\u0142y<\/h3>\n<p style=\"text-align: justify;\">Arlen nie mo\u017ce wybaczy\u0107 ojcu, \u017ce ten nie uratowa\u0142 matki przed Otch\u0142a\u0144cami i ucieka, by uda\u0107 si\u0119 do Wolnych Most. Wraz ze spotkanym na szlaku Pos\u0142a\u0144cem dociera do Miln, gdzie trafia na praktyki do Patrona run. Po ich zako\u0144czeniu udaje si\u0119 w podr\u00f3\u017c, w celu odnalezienia run, kt\u00f3re pomog\u0105 zniszczy\u0107 demony. W tym samym czasie Leesha nie mo\u017ce doczeka\u0107 si\u0119, a\u017c zwi\u0105\u017ce si\u0119 z przyrzeczonych jej ch\u0142opakiem. Niestety ten wszystko psuje, bo rozpowiada k\u0142amstwa o ich wsp\u00f3lnej nocy. Matka dziewczyny nie przepada za c\u00f3rk\u0105 i gdy o tym s\u0142yszy, leje j\u0105 pasem, wi\u0119c nastolatka ucieka do zielarki. Ostatecznie decyduje si\u0119 na praktyki u Brudny i pomoc potrzebuj\u0105cym. Rojer to ch\u0142opak, kt\u00f3ry straci\u0142 rodzic\u00f3w jako ma\u0142e dziecko i do ko\u0144ca \u017cycia b\u0119dzie napi\u0119tnowany wydarzeniami z tej nocy. Kto\u015b jednak da\u0142 mu namiastk\u0119 rodziny i si\u0119 dla niego po\u015bwi\u0119ci\u0142. Ch\u0142opak obieca\u0142 sobie, \u017ce zrobi wszystko, by to nie posz\u0142o na marne. Ca\u0142kowicie trzy r\u00f3\u017cne osoby, kt\u00f3re nie maj\u0105 o sobie poj\u0119cia, a jednak los po\u0142\u0105czy ich drogi.<\/p>\n<p style=\"text-align: justify;\">Nigdy nie pogardz\u0119 dobrym fantasy, a o Cyklu Demonicznym nas\u0142ucha\u0142am si\u0119 tyle dobrego, \u017ce musia\u0142am sprawdzi\u0107, o co tyle szumu. Czym tak zachwyca swoich czytelnik\u00f3w Peter V. Brett? W ko\u0144cu <em>Malowany cz\u0142owiek<\/em> za mn\u0105, czy moje czytelnicze serce zosta\u0142o podbite?<\/p>\n<h3 style=\"text-align: justify;\">Moje wra\u017cenia<\/h3>\n<p style=\"text-align: justify;\"><em>Malowany cz\u0142owiek<\/em> w tym wydaniu liczy ponad osiemset stron, co mo\u017ce troch\u0119 przera\u017ca\u0107. Peter V. Brett jednak szybko rozwiewa wszelkie obawy, gdy\u017c ksi\u0105\u017cka wci\u0105ga od pierwszych stron i poch\u0142ania w ca\u0142o\u015bci. Autor mia\u0142 pomys\u0142 na fabu\u0142\u0119 i w pe\u0142ni go wykorzysta\u0142. Rewelacyjnie wykreowa\u0142 \u015bwiat przedstawiony, opisy s\u0105 niesamowite i dzi\u0119ki nim \u0142atwo wyobrazi\u0107 sobie miejsca wydarze\u0144, potwory, styl \u017cycia ludzi oraz same walki. Powie\u015bciopisarz czaruje wr\u0119cz s\u0142owem, dostarcza mn\u00f3stwa wra\u017ce\u0144, emocji oraz niesamowitych przyg\u00f3d. Sprawia, \u017ce pomimo obj\u0119to\u015bci, trudno oderwa\u0107 si\u0119 od czytania, bo ka\u017cda strona skrywa co\u015b niesamowitego.<\/p>\n<h3 style=\"text-align: justify;\">S\u0142\u00f3w kilka o bohaterach<\/h3>\n<p style=\"text-align: justify;\">Na pochwa\u0142\u0119 zas\u0142uguj\u0105 r\u00f3wnie\u017c bohaterowie. Jest ich do\u015b\u0107 du\u017co, ale g\u0142\u00f3wnymi s\u0105 Arlen, Leesha i Rojer, to oni opowiadaj\u0105 wszystkie wydarzenia i robi\u0105 to rewelacyjnie. Ka\u017cda z postaci jest odmiennym charakterem, a co wa\u017cniejsze wraz z up\u0142ywaj\u0105cym czasem zachodz\u0105 w nich zmiany. To, co prze\u017cywaj\u0105, ich kszta\u0142tuje, naprowadza na drog\u0119, kt\u00f3r\u0105 b\u0119d\u0105 pod\u0105\u017ca\u0107. Nic tutaj nie bierze si\u0119 z niczego &#8211; motywy, emocje, dzia\u0142ania s\u0105 konsekwencj\u0105 zdobytych do\u015bwiadcze\u0144. Podoba mi si\u0119 te\u017c to, \u017ce nawet poboczne postacie maj\u0105 sw\u00f3j czas i poznajemy ich \u017cycia.<\/p>\n<h3 style=\"text-align: justify;\">Na zako\u0144czenie<\/h3>\n<p style=\"text-align: justify;\">Ba\u0142am si\u0119 troch\u0119 tego kolosa, ale gdy tylko zacz\u0119\u0142am czyta\u0107, przepada\u0142am dla \u015bwiata. Uwielbiam ksi\u0105\u017cki napisane z takim rozmachem, gdzie nie brak w nich akcji, ale i t\u0142a wydarze\u0144. Peter V. Brett zadba\u0142 o wszystko i nie mam si\u0119 do czego przyczepi\u0107. To \u015bwietnie napisane fantasy, w kt\u00f3rym zachwyca najmniejszy detal, poznawa\u0142am \u015bwiat, ludzi i ich styl \u017cycia, wraz z nimi si\u0119 ba\u0142am. Z\u017cy\u0142am si\u0119 z bohaterami i z zapartym tchem obserwowa\u0142am, co robi\u0105 i jak to wp\u0142ynie na ca\u0142o\u015b\u0107. <em>Malowany cz\u0142owiek<\/em> to mroczna, niebezpieczna, ale i fascynuj\u0105ca przygoda. Ju\u017c zacieram r\u0119ce na my\u015bl o kolejnym tomie.<\/p>\n<p style=\"text-align: justify;\">Je\u015bli tylko niestraszne wam demony i mroczne klimaty fantasy, to <em>Malowany cz\u0142owiek<\/em> jest idealnym wyborem. Trzyma w napi\u0119ciu od pierwszej do ostatniej strony i nie pozwala o sobie zapomnie\u0107.<\/p>\n<p style=\"text-align: justify;\"><strong>Autor:<\/strong> Peter V. Brett<br \/>\n<strong>T\u0142umaczenie:<\/strong> Marcin Mortka<br \/>\n<strong>Tytu\u0142:<\/strong> Malowany cz\u0142owiek<br \/>\n<strong>Tytu\u0142 orygina\u0142u:<\/strong> The Painted Man<br \/>\n<strong>Wydawnictwo:<\/strong> Fabryka S\u0142\u00f3w<br \/>\n<strong>Wydanie:<\/strong> III<br \/>\n<strong>Data wydania:<\/strong> 2021-11-05<br \/>\n<strong>Kategoria:<\/strong> fantasy<br \/>\n<strong>ISBN:<\/strong> 9788379645626<br \/>\n<strong>Liczba stron:<\/strong> 813<br \/>\n<img decoding=\"async\" loading=\"lazy\" class=\"aligncenter wp-image-5880 size-large\" src=\"http:\/\/zapatrzonawksiazki.pl\/wp-content\/uploads\/2021\/05\/ocena-Zapatrzona-8-1024x195.png\" alt=\"\" width=\"1024\" height=\"195\" srcset=\"https:\/\/zapatrzonawksiazki.pl\/wp-content\/uploads\/2021\/05\/ocena-Zapatrzona-8-1024x195.png 1024w, https:\/\/zapatrzonawksiazki.pl\/wp-content\/uploads\/2021\/05\/ocena-Zapatrzona-8-300x57.png 300w, https:\/\/zapatrzonawksiazki.pl\/wp-content\/uploads\/2021\/05\/ocena-Zapatrzona-8-768x146.png 768w\" sizes=\"(max-width: 1024px) 100vw, 1024px\" \/><\/p>\n<p style=\"text-align: center;\">Cykl demoniczny<br \/>\n<em>Malowany cz\u0142owiek<\/em> | Wielki bazar. Z\u0142oto Brayana | Pustynna W\u0142\u00f3cznia. Ksi\u0119ga I | Pustynna W\u0142\u00f3cznia. Ksi\u0119ga II | Wojna w blasku dnia: Ksi\u0119ga I | Wojna w blasku dnia: Ksi\u0119ga II | Dziedzictwo pos\u0142a\u0144ca | Tron z czaszek: Ksi\u0119ga I | Tron z czaszek: Ksi\u0119ga II | Otch\u0142a\u0144: Ksi\u0119ga I | Otch\u0142a\u0144: Ksi\u0119ga II<\/p>\n","protected":false},"excerpt":{"rendered":"<p>Zwierz\u0119ta uciekaj\u0105, je\u015bli mog\u0105, i walcz\u0105, je\u015bli musz\u0105, a ludzie niczym si\u0119 od nich nie r\u00f3\u017cni\u0105.* Noc skrywa w sobie wiele rzeczy. Mrok napawa strachem, bo gdy robi si\u0119 ciemno, z ziemi wychodz\u0105 potwory. Straszne i \u017c\u0105dne krwi, atakuj\u0105ce ludzko\u015b\u0107 bez krztyny lito\u015bci. Jest tylko jeden spos\u00f3b, by przetrwa\u0107 do rana, tylko czy b\u0119dzie si\u0119 [&hellip;]<\/p>\n","protected":false},"author":2,"featured_media":7818,"comment_status":"open","ping_status":"open","sticky":false,"template":"","format":"standard","meta":[],"categories":[5,2027,4],"tags":[20,295,86,2093,2092],"jetpack_featured_media_url":"https:\/\/zapatrzonawksiazki.pl\/wp-content\/uploads\/2023\/03\/malowany-czlowiek-zapatrzonawksiazki-pl.jpg","_links":{"self":[{"href":"https:\/\/zapatrzonawksiazki.pl\/index.php\/wp-json\/wp\/v2\/posts\/7816"}],"collection":[{"href":"https:\/\/zapatrzonawksiazki.pl\/index.php\/wp-json\/wp\/v2\/posts"}],"about":[{"href":"https:\/\/zapatrzonawksiazki.pl\/index.php\/wp-json\/wp\/v2\/types\/post"}],"author":[{"embeddable":true,"href":"https:\/\/zapatrzonawksiazki.pl\/index.php\/wp-json\/wp\/v2\/users\/2"}],"replies":[{"embeddable":true,"href":"https:\/\/zapatrzonawksiazki.pl\/index.php\/wp-json\/wp\/v2\/comments?post=7816"}],"version-history":[{"count":3,"href":"https:\/\/zapatrzonawksiazki.pl\/index.php\/wp-json\/wp\/v2\/posts\/7816\/revisions"}],"predecessor-version":[{"id":7821,"href":"https:\/\/zapatrzonawksiazki.pl\/index.php\/wp-json\/wp\/v2\/posts\/7816\/revisions\/7821"}],"wp:featuredmedia":[{"embeddable":true,"href":"https:\/\/zapatrzonawksiazki.pl\/index.php\/wp-json\/wp\/v2\/media\/7818"}],"wp:attachment":[{"href":"https:\/\/zapatrzonawksiazki.pl\/index.php\/wp-json\/wp\/v2\/media?parent=7816"}],"wp:term":[{"taxonomy":"category","embeddable":true,"href":"https:\/\/zapatrzonawksiazki.pl\/index.php\/wp-json\/wp\/v2\/categories?post=7816"},{"taxonomy":"post_tag","embeddable":true,"href":"https:\/\/zapatrzonawksiazki.pl\/index.php\/wp-json\/wp\/v2\/tags?post=7816"}],"curies":[{"name":"wp","href":"https:\/\/api.w.org\/{rel}","templated":true}]}}