{"id":773,"date":"2013-07-20T20:44:00","date_gmt":"2013-07-20T20:44:00","guid":{"rendered":"http:\/\/zapatrzonawksiazki.pl\/index.php\/2013\/07\/20\/uginaja-sie-regay-19\/"},"modified":"2018-10-07T00:32:18","modified_gmt":"2018-10-07T00:32:18","slug":"uginaja-sie-regay-19","status":"publish","type":"post","link":"https:\/\/zapatrzonawksiazki.pl\/index.php\/2013\/07\/20\/uginaja-sie-regay-19\/","title":{"rendered":"Uginaj\u0105 si\u0119 rega\u0142y #19"},"content":{"rendered":"<div style=\"text-align: center;\">\n<i>Drog\u0105 g\u0142osowania na FB wybrali\u015bcie ten oto wpis \ud83d\ude09<\/i><\/div>\n<div style=\"text-align: center;\">\n<i>Recenzja, kt\u00f3ra by\u0142a w planach jest prawie na uko\u0144czeniu i uka\u017ce si\u0119 jutro \ud83d\ude09<\/i><\/div>\n<div style=\"text-align: center;\">\n<i>Niniejsze chwalipi\u0119ctwo, jak wszyscy wiedz\u0105, sprawia ogrom rado\u015bci i wywo\u0142uje blask w oczach. No ale co ja si\u0119 b\u0119d\u0119 powtarza\u0107. \ud83d\ude09<\/i><\/div>\n<div style=\"text-align: center;\">\n<i>Powoli nadrabiam zaleg\u0142o\u015bci i ju\u017c widz\u0119 \u015bwiate\u0142ko w tunelu. Kilka tekst\u00f3w czeka na opublikowanie gdy Lena b\u0119dzie u mnie, a kolejne si\u0119 pisz\u0105. Oby jak najszybciej wyj\u015b\u0107 na prost\u0105 \ud83d\ude09 Kolejny raz m\u00f3wi\u0119 sobie, \u017ce nigdy wi\u0119cej takich zaleg\u0142o\u015bci, ale znaj\u0105c siebie pewnie jeszcze nie raz b\u0119d\u0119 mia\u0142a takie maratony. \ud83d\ude09<\/i><\/div>\n<div style=\"text-align: center;\">\n<i>Nadchodz\u0105cy tydzie\u0144, a w\u0142a\u015bciwie jego koniec zapowiada si\u0119 do\u015b\u0107 ekscytuj\u0105co i ju\u017c nie mog\u0119 si\u0119 doczeka\u0107 tego co ma si\u0119 dzia\u0107 ;))<\/i><\/div>\n<div style=\"text-align: center;\">\n<i>No ale mam jeszcze na dzi\u015b kilka rzeczy do zrobienia wi\u0119c przechodz\u0119 do sedna sprawy.<\/i><\/div>\n<div style=\"text-align: center;\">\n<\/div>\n<div class=\"separator\" style=\"clear: both; text-align: center;\">\n<a href=\"http:\/\/2.bp.blogspot.com\/-RNrTAg4w0WA\/Uerry283mcI\/AAAAAAAAHZ4\/SQvppgq52Oc\/s1600\/100_1843.JPG\" imageanchor=\"1\" style=\"clear: left; float: left; margin-bottom: 1em; margin-right: 1em;\"><img decoding=\"async\" loading=\"lazy\" border=\"0\" height=\"320\" src=\"http:\/\/2.bp.blogspot.com\/-RNrTAg4w0WA\/Uerry283mcI\/AAAAAAAAHZ4\/SQvppgq52Oc\/s320\/100_1843.JPG\" width=\"240\" \/><\/a><\/div>\n<div style=\"text-align: center;\">\n<i>Na samej g\u00f3rze i troch\u0119 z ty\u0142u zerka na nas m\u00f3j mi\u015b Cleo, kt\u00f3ry opiekuje si\u0119 ksi\u0105\u017ckami obok \u0142\u00f3\u017cka \ud83d\ude09<\/i><\/div>\n<div style=\"text-align: center;\">\n<i>Pierwsze dwie pozycje to spontaniczny zakup po okazyjnej cz\u0119\u015bci. Ksi\u0105\u017cek nie mia\u0142am na swojej specjalnej li\u015bcie, ale od momentu wydania mia\u0142am je w planie wi\u0119c s\u0105. Mowa tu mianowicie o serii <b>Niewidzialni <\/b>autorstwa <b>Giovanni Del<\/b> <b>Ponte. <\/b>Jaki\u015b czas temu obejrza\u0142am film <b>&#8220;Tajemnica Rajskiego Wzg\u00f3rza&#8221;<\/b>, kt\u00f3ry mnie oczarowa\u0142 i gdy przypadkiem natrafi\u0142am na ksi\u0105\u017ck\u0119 <b>Elizabeth Goudge <\/b>o tym samym tytule od razu co\u015b mnie tkn\u0119\u0142o &#8211; i tak to na jej podstawie powsta\u0142 film. No musia\u0142am j\u0105 mie\u0107 ;). <b>&#8220;Wyspa z mg\u0142y i kamienia&#8221; Magdaleny Kawki <\/b>zaciekawi\u0142a mnie opisem i wydaje si\u0119 by\u0107 idealn\u0105 pozycj\u0105 na letnie dni. <b>&#8220;Sekrety uczu\u0107&#8221; Barbary O&#8217;Neal <\/b>s\u0105 niespodziank\u0105, ale z tych mi\u0142ych. Czyta\u0142am jedn\u0105 ksi\u0105\u017ck\u0119 tej autorki i mam wielk\u0105 ochot\u0119 na wi\u0119cej. Z kolei <b>&#8220;\u015acie\u017cka s\u0142o\u0144ca&#8221; Lisy Kleypas <\/b>to romans za kt\u00f3rymi ostatnio szalej\u0119, przyznam si\u0119, \u017ce ju\u017c podczytywa\u0142am i&#8230; mniam! Dwie ostatnie pozycje to niedawne premiery Dreams, kt\u00f3re niesamowicie kusz\u0105 i sama nie wiem czy pierw zabra\u0107 si\u0119 za <b>&#8220;Morza szept&#8221;Patricii Schroder <\/b>czy te\u017c <b>&#8220;Jask\u00f3\u0142czy lot&#8221; Miriam Dubini. <\/b>Ach te moje dylematy! \ud83d\ude09<\/i><\/div>\n<div style=\"text-align: center;\">\n<\/div>\n<div style=\"text-align: center;\">\n<i>Widzicie co\u015b ciekawego? \ud83d\ude09 &nbsp; <\/i><\/div>\n","protected":false},"excerpt":{"rendered":"<p>Drog\u0105 g\u0142osowania na FB wybrali\u015bcie ten oto wpis \ud83d\ude09 Recenzja, kt\u00f3ra by\u0142a w planach jest prawie na uko\u0144czeniu i uka\u017ce si\u0119 jutro \ud83d\ude09 Niniejsze chwalipi\u0119ctwo, jak wszyscy wiedz\u0105, sprawia ogrom rado\u015bci i wywo\u0142uje blask w oczach. No ale co ja si\u0119 b\u0119d\u0119 powtarza\u0107. \ud83d\ude09 Powoli nadrabiam zaleg\u0142o\u015bci i ju\u017c widz\u0119 \u015bwiate\u0142ko w tunelu. Kilka tekst\u00f3w [&hellip;]<\/p>\n","protected":false},"author":2,"featured_media":0,"comment_status":"open","ping_status":"open","sticky":false,"template":"","format":"standard","meta":[],"categories":[1],"tags":[671],"jetpack_featured_media_url":"","_links":{"self":[{"href":"https:\/\/zapatrzonawksiazki.pl\/index.php\/wp-json\/wp\/v2\/posts\/773"}],"collection":[{"href":"https:\/\/zapatrzonawksiazki.pl\/index.php\/wp-json\/wp\/v2\/posts"}],"about":[{"href":"https:\/\/zapatrzonawksiazki.pl\/index.php\/wp-json\/wp\/v2\/types\/post"}],"author":[{"embeddable":true,"href":"https:\/\/zapatrzonawksiazki.pl\/index.php\/wp-json\/wp\/v2\/users\/2"}],"replies":[{"embeddable":true,"href":"https:\/\/zapatrzonawksiazki.pl\/index.php\/wp-json\/wp\/v2\/comments?post=773"}],"version-history":[{"count":1,"href":"https:\/\/zapatrzonawksiazki.pl\/index.php\/wp-json\/wp\/v2\/posts\/773\/revisions"}],"predecessor-version":[{"id":2274,"href":"https:\/\/zapatrzonawksiazki.pl\/index.php\/wp-json\/wp\/v2\/posts\/773\/revisions\/2274"}],"wp:attachment":[{"href":"https:\/\/zapatrzonawksiazki.pl\/index.php\/wp-json\/wp\/v2\/media?parent=773"}],"wp:term":[{"taxonomy":"category","embeddable":true,"href":"https:\/\/zapatrzonawksiazki.pl\/index.php\/wp-json\/wp\/v2\/categories?post=773"},{"taxonomy":"post_tag","embeddable":true,"href":"https:\/\/zapatrzonawksiazki.pl\/index.php\/wp-json\/wp\/v2\/tags?post=773"}],"curies":[{"name":"wp","href":"https:\/\/api.w.org\/{rel}","templated":true}]}}