{"id":7706,"date":"2023-02-22T19:07:32","date_gmt":"2023-02-22T18:07:32","guid":{"rendered":"http:\/\/zapatrzonawksiazki.pl\/?p=7706"},"modified":"2023-02-23T19:17:32","modified_gmt":"2023-02-23T18:17:32","slug":"nie-bede-twoim-bohaterem-beata-sagan","status":"publish","type":"post","link":"https:\/\/zapatrzonawksiazki.pl\/index.php\/2023\/02\/22\/nie-bede-twoim-bohaterem-beata-sagan\/","title":{"rendered":"Nie b\u0119d\u0119 twoim bohaterem Beata Sagan"},"content":{"rendered":"<p style=\"text-align: justify;\"><img decoding=\"async\" loading=\"lazy\" class=\"size-medium wp-image-7707 alignleft\" src=\"http:\/\/zapatrzonawksiazki.pl\/wp-content\/uploads\/2023\/02\/nie-bede-twoim-bohaterem-b-iext115557488-212x300.jpg\" alt=\"\" width=\"212\" height=\"300\" srcset=\"https:\/\/zapatrzonawksiazki.pl\/wp-content\/uploads\/2023\/02\/nie-bede-twoim-bohaterem-b-iext115557488-212x300.jpg 212w, https:\/\/zapatrzonawksiazki.pl\/wp-content\/uploads\/2023\/02\/nie-bede-twoim-bohaterem-b-iext115557488.jpg 566w\" sizes=\"(max-width: 212px) 100vw, 212px\" \/>Czasami wydaje nam si\u0119, \u017ce nie mo\u017ce spotka\u0107 nas nic dobrego i jedyne, na co powinni\u015bmy liczy\u0107, to minimum tego, co mo\u017cemy otrzyma\u0107. Bo jak uwierzy\u0107 w prawo do szcz\u0119\u015bcia, gdy do tej pory si\u0119 go nie mia\u0142o i co chwile walczy\u0142o si\u0119 z przeszkodami? Jak o nie zawalczy\u0107, gdy czujemy jedynie strach, poczucie winy i\u2026 wstyd?<\/p>\n<h3 style=\"text-align: justify;\">Zarys fabu\u0142y<\/h3>\n<p style=\"text-align: justify;\">Dwie przyjaci\u00f3\u0142ki wracaj\u0105 po nocy z imprezy, na kt\u00f3rej Alicja przeholowa\u0142a z alkoholem. Malwina ma nadziej\u0119, \u017ce uda si\u0119 im dotrze\u0107 do domu bez \u017cadnych przeszk\u00f3d. Niestety nie maj\u0105 tyle szcz\u0119\u015bcia i na ich drodze staje dw\u00f3ch podejrzanych typ\u00f3w. Malwina jest przera\u017cona i nie wie, co ma robi\u0107, na szcz\u0119\u015bcie z pomoc\u0105 przychodzi im Arek, kolega z klasy. Ch\u0142opak liczy, \u017ce nikt z nich nie b\u0119dzie o tym wspomina\u0142, ale Alicja dzi\u0119kuje mu i chce si\u0119 odwdzi\u0119czy\u0107, a Malwa odkrywa jego tajemnice i coraz bardziej zajmuje jego my\u015bli. Tylko co taka dziewczyna, jak ona mia\u0142aby robi\u0107 z takim ch\u0142opakiem, jak on?<\/p>\n<p style=\"text-align: justify;\">W przypadku <em>Nie b\u0119d\u0119 twoim bohaterem<\/em>, zadzia\u0142a\u0142 opis. Przeczyta\u0142am go i co\u015b mi m\u00f3wi\u0142o, \u017ce mo\u017ce to by\u0107 dobra ksi\u0105\u017cka. \u017byciowa, ukazuj\u0105ca i obalaj\u0105c\u0105 schematy, emocjonalna. Nie s\u0105dzi\u0142am jednak, \u017ce tyle czasu zajmie mi zabranie si\u0119 za ni\u0105. Wierz\u0119 jednak, \u017ce na niekt\u00f3re powie\u015bci musi by\u0107 w\u0142a\u015bciwy czas i w\u0142a\u015bnie nadesz\u0142a pora na t\u0119 autorstwa Beaty Sagan. Co mog\u0119 o niej napisa\u0107?<\/p>\n<h3 style=\"text-align: justify;\">Moje wra\u017cenia<\/h3>\n<p style=\"text-align: justify;\">Autorka porusza w swojej ksi\u0105\u017cce trudne tematy, ale robi to w lekkim stylu. Nie bagatelizuje trudno\u015bci prze\u017cywanych przez bohater\u00f3w chwil, bardziej dba o to, \u017ceby by\u0142o czu\u0107 te wszystkie emocje, ale by przy tym zbytnio nie przyt\u0142oczy\u0142y swoim ci\u0119\u017carem. <em>Nie b\u0119d\u0119 twoim bohaterem<\/em> to historia relacji, kt\u00f3ra rozwija si\u0119 niespiesznie, ostro\u017cnie i z du\u017c\u0105 doz\u0105 nieufno\u015bci. Nie ma tutaj nag\u0142ych wybuch\u00f3w nami\u0119tno\u015bci, szybkich wyzna\u0144 mi\u0142osnych. Jest za to du\u017co niepewno\u015bci, strachu, zawiedzionych nadziei, drugich i trzecich szans, a nawet radzenia sobie z traumami. Autorka pokazuje si\u0142\u0119 mi\u0142o\u015bci, ale przy tym przypomina, \u017ce to uczucie nie jest lekiem na ca\u0142e z\u0142o. Ksi\u0105\u017cka porusza szereg trudnych temat\u00f3w, ale nie brak tutaj te\u017c nastoletnich zachowa\u0144, chwil beztroskich i zabawnych. Pozwalaj\u0105 odetchn\u0105\u0107 i nabra\u0107 dystansu do niekt\u00f3rych wydarze\u0144, czy zwierze\u0144.<\/p>\n<h3 style=\"text-align: justify;\">S\u0142\u00f3w kilka o bohaterach<\/h3>\n<p style=\"text-align: justify;\">Musz\u0119 przyzna\u0107, \u017ce d\u0142ugo nie wiedzia\u0142am, co mam my\u015ble\u0107 o Arku, bo jego sytuacja jest mi znana z \u017cycia. Rozumia\u0142am jego zachowanie, mur, jakim si\u0119 otoczy\u0142 i pragnienie jak najszybszego zako\u0144czenia szko\u0142y, znalezienia pracy i wyrwania si\u0119 z domu. Mia\u0142 cel i na nim si\u0119 skupia\u0142, nic innego si\u0119 nie liczy\u0142o, zamkn\u0105\u0142 si\u0119 na wszystko, co mog\u0142oby go rozprasza\u0107 i na co wed\u0142ug niego nie zas\u0142uguje. Nie dziwi\u0142 mnie jego strach i zachowanie. Z drugiej jednak strony, to jak czasami traktowa\u0142 Malwin\u0119, gdy ona chcia\u0142a tylko pom\u00f3c. Budzi\u0142o to m\u00f3j sprzeciw, niech\u0119\u0107 i ch\u0119\u0107 potrz\u0105\u015bni\u0119cia nim. To dowodzi tylko, jak dobrze zosta\u0142 stworzony ten bohater, pe\u0142en sprzeczno\u015bci i warstw, jest jak my wszyscy, sk\u0142ada si\u0119 z wad i zalet, a \u017ce dosta\u0142 od \u017cycia po dupie, to woli by\u0107 ostro\u017cny. Za to z miejsca polubi\u0142am Malwin\u0119, mog\u0142aby gwiazdorzy\u0107, a by\u0142a zwyczajn\u0105 nastolatk\u0105, z sercem na d\u0142oni. Z do\u015bwiadczenia wiem, \u017ce wtedy cierpi si\u0119 najcz\u0119\u015bciej, ale budzi\u0142a m\u00f3j podziw swoj\u0105 si\u0142\u0105 i determinacj\u0105.<\/p>\n<h3 style=\"text-align: justify;\">Na zako\u0144czenie<\/h3>\n<p style=\"text-align: justify;\"><em>Nie b\u0119d\u0119 twoim bohaterem<\/em> to jedna z lepszych ksi\u0105\u017cek new adult, jakie czyta\u0142am. Bez wahania da\u0142abym ten tytu\u0142 do czytania ka\u017cdemu nastolatkowi. Podoba\u0142o mi si\u0119, \u017ce nie by\u0142o w ksi\u0105\u017cce wielu scen seksu, a ju\u017c jak si\u0119 pojawia\u0142y, to by\u0142y lekko zaznaczone, reszta pozostawa\u0142a w swetrze tajemnicy, na plus jest r\u00f3wnie\u017c du\u017ca realno\u015b\u0107 wydarze\u0144. Alex nie upora\u0142 si\u0119 od razu ze swoimi problemami, robi\u0142 krok do przodu i dwa w ty\u0142, podejmowa\u0142 z\u0142e decyzje, rani\u0142 siebie i bliskich, ale powoli wyci\u0105ga\u0142 z tego lekcje. Takie jest w\u0142a\u015bnie \u017cycie. Z\u017cy\u0142am si\u0119 z bohaterami, prze\u017cywa\u0142am to, co przechodzili i czu\u0142am ich emocje. Tej ksi\u0105\u017cki nie da si\u0119 poch\u0142on\u0105\u0107 na raz, ale z drugiej strony, jak najszybciej chcia\u0142am pozna\u0107 zako\u0144czenie i kibicowa\u0142am temu ch\u0142opakowi. Beata Sagan zapunktowa\u0142a te\u017c u mnie fina\u0142em. Idealnie pasuje do ca\u0142o\u015bci, nie jest przes\u0142odzony, ale zostawia nas ze spokojem w sercu, \u017ce b\u0119dzie dobrze.<\/p>\n<p style=\"text-align: justify;\">Wzruszaj\u0105ca, czasem zabawna, ale przede wszystkim przypominaj\u0105ca o tym, co tak naprawd\u0119 jest najwa\u017cniejsze w \u017cyciu. M\u00f3wi\u0105ca o tym, by nie ocenia\u0107 po pozorach i przyjmowa\u0107 pomoc, gdy kto\u015b j\u0105 oferuje ze szczerego serca. Taka w\u0142a\u015bnie jest ta powie\u015b\u0107. <em>Nie b\u0119d\u0119 twoim bohaterem<\/em> to idealna propozycja dla nastoletnich czytelnik\u00f3w.<\/p>\n<p style=\"text-align: justify;\"><strong>Autor:<\/strong> Beata Sagan<br \/>\n<strong>Tytu\u0142:<\/strong> Nie b\u0119d\u0119 twoim bohaterem<br \/>\n<strong>Wydawnictwo:<\/strong> M\u0142odzie\u017c\u00f3wka<br \/>\n<strong>Wydanie:<\/strong> I<br \/>\n<strong>Data wydania:<\/strong> 2022-02-09<br \/>\n<strong>Kategoria:<\/strong> new adult<br \/>\n<strong>ISBN:<\/strong> 9788365830579<br \/>\n<strong>Liczba stron:<\/strong> 394<br \/>\n<img decoding=\"async\" loading=\"lazy\" class=\"size-medium wp-image-5880 aligncenter\" src=\"http:\/\/zapatrzonawksiazki.pl\/wp-content\/uploads\/2021\/05\/ocena-Zapatrzona-8-300x57.png\" alt=\"\" width=\"300\" height=\"57\" srcset=\"https:\/\/zapatrzonawksiazki.pl\/wp-content\/uploads\/2021\/05\/ocena-Zapatrzona-8-300x57.png 300w, https:\/\/zapatrzonawksiazki.pl\/wp-content\/uploads\/2021\/05\/ocena-Zapatrzona-8-768x146.png 768w, https:\/\/zapatrzonawksiazki.pl\/wp-content\/uploads\/2021\/05\/ocena-Zapatrzona-8-1024x195.png 1024w\" sizes=\"(max-width: 300px) 100vw, 300px\" \/><\/p>\n","protected":false},"excerpt":{"rendered":"<p>Czasami wydaje nam si\u0119, \u017ce nie mo\u017ce spotka\u0107 nas nic dobrego i jedyne, na co powinni\u015bmy liczy\u0107, to minimum tego, co mo\u017cemy otrzyma\u0107. Bo jak uwierzy\u0107 w prawo do szcz\u0119\u015bcia, gdy do tej pory si\u0119 go nie mia\u0142o i co chwile walczy\u0142o si\u0119 z przeszkodami? Jak o nie zawalczy\u0107, gdy czujemy jedynie strach, poczucie winy [&hellip;]<\/p>\n","protected":false},"author":2,"featured_media":7708,"comment_status":"open","ping_status":"open","sticky":false,"template":"","format":"standard","meta":[],"categories":[5,2027,4],"tags":[20,2068,1585,23,17],"jetpack_featured_media_url":"https:\/\/zapatrzonawksiazki.pl\/wp-content\/uploads\/2023\/02\/nie-bede-twoim-bohaterem-zapatrzonawksiazki-pl.jpg","_links":{"self":[{"href":"https:\/\/zapatrzonawksiazki.pl\/index.php\/wp-json\/wp\/v2\/posts\/7706"}],"collection":[{"href":"https:\/\/zapatrzonawksiazki.pl\/index.php\/wp-json\/wp\/v2\/posts"}],"about":[{"href":"https:\/\/zapatrzonawksiazki.pl\/index.php\/wp-json\/wp\/v2\/types\/post"}],"author":[{"embeddable":true,"href":"https:\/\/zapatrzonawksiazki.pl\/index.php\/wp-json\/wp\/v2\/users\/2"}],"replies":[{"embeddable":true,"href":"https:\/\/zapatrzonawksiazki.pl\/index.php\/wp-json\/wp\/v2\/comments?post=7706"}],"version-history":[{"count":1,"href":"https:\/\/zapatrzonawksiazki.pl\/index.php\/wp-json\/wp\/v2\/posts\/7706\/revisions"}],"predecessor-version":[{"id":7709,"href":"https:\/\/zapatrzonawksiazki.pl\/index.php\/wp-json\/wp\/v2\/posts\/7706\/revisions\/7709"}],"wp:featuredmedia":[{"embeddable":true,"href":"https:\/\/zapatrzonawksiazki.pl\/index.php\/wp-json\/wp\/v2\/media\/7708"}],"wp:attachment":[{"href":"https:\/\/zapatrzonawksiazki.pl\/index.php\/wp-json\/wp\/v2\/media?parent=7706"}],"wp:term":[{"taxonomy":"category","embeddable":true,"href":"https:\/\/zapatrzonawksiazki.pl\/index.php\/wp-json\/wp\/v2\/categories?post=7706"},{"taxonomy":"post_tag","embeddable":true,"href":"https:\/\/zapatrzonawksiazki.pl\/index.php\/wp-json\/wp\/v2\/tags?post=7706"}],"curies":[{"name":"wp","href":"https:\/\/api.w.org\/{rel}","templated":true}]}}