{"id":7681,"date":"2022-11-24T17:19:55","date_gmt":"2022-11-24T16:19:55","guid":{"rendered":"http:\/\/zapatrzonawksiazki.pl\/?p=7681"},"modified":"2023-02-19T17:57:41","modified_gmt":"2023-02-19T16:57:41","slug":"czesc-wszechswiecie-erin-entrada-kelly","status":"publish","type":"post","link":"https:\/\/zapatrzonawksiazki.pl\/index.php\/2022\/11\/24\/czesc-wszechswiecie-erin-entrada-kelly\/","title":{"rendered":"Cze\u015b\u0107, wszech\u015bwiecie Erin Entrada Kelly"},"content":{"rendered":"<p style=\"text-align: justify;\"><img decoding=\"async\" loading=\"lazy\" class=\"size-medium wp-image-7682 alignleft\" src=\"http:\/\/zapatrzonawksiazki.pl\/wp-content\/uploads\/2023\/02\/czesc-wszechswiecie-b-iext115552325-210x300.jpg\" alt=\"\" width=\"210\" height=\"300\" srcset=\"https:\/\/zapatrzonawksiazki.pl\/wp-content\/uploads\/2023\/02\/czesc-wszechswiecie-b-iext115552325-210x300.jpg 210w, https:\/\/zapatrzonawksiazki.pl\/wp-content\/uploads\/2023\/02\/czesc-wszechswiecie-b-iext115552325.jpg 350w\" sizes=\"(max-width: 210px) 100vw, 210px\" \/>Od ma\u0142ego kszta\u0142tujemy swoj\u0105 osobowo\u015b\u0107. Jednak to nastoletnie lata najbardziej ucz\u0105 nas, jacy chcemy by\u0107, jakimi warto\u015bciami si\u0119 kierowa\u0107 i co jest dla nas najwa\u017cniejsze. Wtedy te\u017c budujemy poczucie w\u0142asnej warto\u015bci i d\u0105\u017cymy do tego, by by\u0107 sob\u0105, a nie kim\u015b, kogo pragn\u0105 widzie\u0107 inni.<\/p>\n<h3 style=\"text-align: justify;\">Zarys fabu\u0142y<\/h3>\n<p style=\"text-align: justify;\">Virgil jest do\u015b\u0107 nie\u015bmia\u0142y i niestety pada ofiar\u0105 przemocy szkolnego rozrabiaki. W domu te\u017c odstaje nieco od reszty rodziny, chocia\u017c wie, \u017ce jest kochany, tylko babcia to dostrzega i go wspiera. W\u0142a\u015bnie nadszed\u0142 koniec szko\u0142y i ch\u0142opak wyrzuca sobie, \u017ce nie zrobi\u0142 nic, by przekona\u0107 do siebie Valencj\u0119, z kt\u00f3r\u0105 chcia\u0142by si\u0119 zaprzyja\u017ani\u0107. W zwi\u0105zku z tym udaje si\u0119 po porad\u0119 do Kaori pocz\u0105tkuj\u0105cej tarocistki. Dziewczyna postanawia mu pom\u00f3c, ale \u017cadne z nich jeszcze nie wie, \u017ce to pocz\u0105tek drogi, w trakcie kt\u00f3rej po\u0142\u0105cz\u0105 si\u0119 losy kilku os\u00f3b.<\/p>\n<p style=\"text-align: justify;\">Do si\u0119gni\u0119cia po <em>Cze\u015b\u0107, wszech\u015bwiecie<\/em> przekona\u0142o mnie nazwisko. To nie jest pierwsza ksi\u0105\u017cka autorki i by\u0142am ciekawa tej wersji Erin Entrada Kelly. No i opis gwarantowa\u0142 powie\u015b\u0107 pe\u0142n\u0105 \u015bmiechu oraz wa\u017cnych temat\u00f3w. Jak by\u0142o w rzeczywisto\u015bci?<\/p>\n<h3 style=\"text-align: justify;\">Moje wra\u017cenia<\/h3>\n<p style=\"text-align: justify;\">Erin Entrada Kelly stworzy\u0142a powie\u015b\u0107 w lekkim stylu, przez tekst praktycznie si\u0119 p\u0142ynie i nie odczuwa przyt\u0142oczenia powa\u017cniejszymi w\u0105tkami. Fabu\u0142a te\u017c nie nale\u017cy do zbytnio skomplikowanych, autorka bardziej skupia si\u0119 na tym, co chce przekaza\u0107 swoim czytelnikom. Opowiada losy czw\u00f3rki zupe\u0142nie r\u00f3\u017cnych os\u00f3b, pozwala zajrze\u0107 do ich \u015bwiata, odkry\u0107 czym si\u0119 r\u00f3\u017cni\u0105, co czuj\u0105, z czym zmagaj\u0105. I pokazuje, \u017ce nawet wielkie przeciwie\u0144stwa nie przeszkadzaj\u0105 w budowaniu relacji i prze\u017cywaniu wsp\u00f3lnych przyg\u00f3d.<\/p>\n<h3 style=\"text-align: justify;\">S\u0142\u00f3w kilka o bohaterach<\/h3>\n<p style=\"text-align: justify;\">Najmocniejsz\u0105 stron\u0105 ksi\u0105\u017cki s\u0105 bohaterowie. R\u00f3\u017cni ich dos\u0142ownie wszystko. Pochodzenie, narodowo\u015b\u0107, charaktery, zachowanie, a tak\u017ce problemy. Virgil nie mo\u017ce si\u0119 odnale\u017a\u0107 w\u015br\u00f3d kochaj\u0105cej i wiecznie nastawionej optymistycznie rodziny, czuje, \u017ce nie jest s\u0142uchany. Przeszkadza mu jego nie\u015bmia\u0142o\u015b\u0107 i strach przed n\u0119kaj\u0105cym go ch\u0142opakiem. Valencia zmaga si\u0119 z tym, \u017ce nie s\u0142yszy i reakcjami innych na ni\u0105. Kaori wraz z m\u0142odsz\u0105 siostr\u0105 s\u0105 chyba najbardziej wyraziste. Jedna wierzy w przeznaczenie i moc kart, druga charakteryzuje si\u0119 ciekawo\u015bci\u0105. No i ten czarny charakter &#8211; Chet &#8211; wychowywany za pomoc\u0105 brutalnych wzorc\u00f3w. Gn\u0119bi\u0105cy s\u0142abszych i pragn\u0105cy udowodni\u0107 swoj\u0105 wy\u017cszo\u015b\u0107.<\/p>\n<h3 style=\"text-align: justify;\">Na zako\u0144czenie<\/h3>\n<p style=\"text-align: justify;\">Musz\u0119 przyzna\u0107, \u017ce po zako\u0144czeniu <em>Cze\u015b\u0107, wszech\u015bwiecie<\/em> mia\u0142am mocno mieszane odczucia i nic si\u0119 pod tym wzgl\u0119dem nie zmieni\u0142o. Liczy\u0142am na ksi\u0105\u017ck\u0119 pe\u0142n\u0105 akcji, zabawnych, ale i wa\u017cnych moment\u00f3w. Czego\u015b magicznego (nie w dos\u0142ownym tego s\u0142owa znaczeniu), a otrzyma\u0142am histori\u0119, kt\u00f3r\u0105 przeczyta\u0142am i nic wi\u0119cej. Nie wczu\u0142am si\u0119 w wydarzenia, chocia\u017c uwa\u017cam, \u017ce to problem tego, i\u017c wszystko toczy si\u0119 ekspresowo, a co\u015b, co mo\u017cna by by\u0142o zamkn\u0105\u0107 w paru rozdzia\u0142ach, autorka rozci\u0105gn\u0119\u0142a na ca\u0142\u0105 powie\u015b\u0107. Bo je\u015bli ju\u017c tak zrobi\u0142a, mog\u0142aby rozpisa\u0107 bardziej budowanie relacji, przywi\u0105zywanie si\u0119 bohater\u00f3w do siebie. Niestety tego mi najmocniej zabrak\u0142o.<\/p>\n<p style=\"text-align: justify;\"><em>Cze\u015b\u0107, wszech\u015bwiecie<\/em> to powie\u015b\u0107 prosta, z wa\u017cnym mora\u0142em i cudownymi postaciami. Do mnie fabularnie niekoniecznie trafi\u0142a, ale podejrzewam, \u017ce jako starszy czytelnik zbytnio komplikuje i docelowi odbiorcy dostrzeg\u0105 jej potencja\u0142. Warto samemu zdecydowa\u0107 czy to historia dla nas.<\/p>\n<p style=\"text-align: justify;\"><strong>Autor:<\/strong> Erin Entrada Kelly<br \/>\n<strong>T\u0142umaczenie:<\/strong> Anna K\u0142osiewicz<br \/>\n<strong>Tytu\u0142:<\/strong> Cze\u015b\u0107, wszech\u015bwiecie<br \/>\n<strong>Tytu\u0142 orygina\u0142u:<\/strong> Hallo, Universe<br \/>\n<strong>Wydawnictwo:<\/strong> Zysk i S-ka<br \/>\n<strong>Wydanie:<\/strong> I<br \/>\n<strong>Data wydania:<\/strong> 2022-03-29<br \/>\n<strong>Kategoria:<\/strong> lit. m\u0142odzie\u017cowa<br \/>\n<strong>ISBN:<\/strong> 9788382023497<br \/>\n<strong>Liczba stron:<\/strong> 248<br \/>\n<img decoding=\"async\" loading=\"lazy\" class=\"aligncenter wp-image-5877 size-large\" src=\"http:\/\/zapatrzonawksiazki.pl\/wp-content\/uploads\/2021\/05\/ocena-Zapatrzona-5-1024x195.png\" alt=\"\" width=\"1024\" height=\"195\" srcset=\"https:\/\/zapatrzonawksiazki.pl\/wp-content\/uploads\/2021\/05\/ocena-Zapatrzona-5-1024x195.png 1024w, https:\/\/zapatrzonawksiazki.pl\/wp-content\/uploads\/2021\/05\/ocena-Zapatrzona-5-300x57.png 300w, https:\/\/zapatrzonawksiazki.pl\/wp-content\/uploads\/2021\/05\/ocena-Zapatrzona-5-768x146.png 768w\" sizes=\"(max-width: 1024px) 100vw, 1024px\" \/><\/p>\n<hr \/>\n<p style=\"text-align: center;\"><strong>Dzi\u0119kuj\u0119!<br \/>\n<img decoding=\"async\" loading=\"lazy\" class=\"size-medium wp-image-6240 aligncenter\" src=\"http:\/\/zapatrzonawksiazki.pl\/wp-content\/uploads\/2021\/11\/PM.plczarne-300x68.png\" alt=\"\" width=\"300\" height=\"68\" srcset=\"https:\/\/zapatrzonawksiazki.pl\/wp-content\/uploads\/2021\/11\/PM.plczarne-300x68.png 300w, https:\/\/zapatrzonawksiazki.pl\/wp-content\/uploads\/2021\/11\/PM.plczarne-768x175.png 768w, https:\/\/zapatrzonawksiazki.pl\/wp-content\/uploads\/2021\/11\/PM.plczarne-1024x233.png 1024w\" sizes=\"(max-width: 300px) 100vw, 300px\" \/><br \/>\n<\/strong><\/p>\n","protected":false},"excerpt":{"rendered":"<p>Od ma\u0142ego kszta\u0142tujemy swoj\u0105 osobowo\u015b\u0107. Jednak to nastoletnie lata najbardziej ucz\u0105 nas, jacy chcemy by\u0107, jakimi warto\u015bciami si\u0119 kierowa\u0107 i co jest dla nas najwa\u017cniejsze. Wtedy te\u017c budujemy poczucie w\u0142asnej warto\u015bci i d\u0105\u017cymy do tego, by by\u0107 sob\u0105, a nie kim\u015b, kogo pragn\u0105 widzie\u0107 inni. Zarys fabu\u0142y Virgil jest do\u015b\u0107 nie\u015bmia\u0142y i niestety pada ofiar\u0105 [&hellip;]<\/p>\n","protected":false},"author":2,"featured_media":7683,"comment_status":"open","ping_status":"open","sticky":false,"template":"","format":"standard","meta":[],"categories":[5,4],"tags":[39,2066,149,55,17,71],"jetpack_featured_media_url":"https:\/\/zapatrzonawksiazki.pl\/wp-content\/uploads\/2023\/02\/czesc-wszechswiecie-zapatrzonawksiazki-pl.jpg","_links":{"self":[{"href":"https:\/\/zapatrzonawksiazki.pl\/index.php\/wp-json\/wp\/v2\/posts\/7681"}],"collection":[{"href":"https:\/\/zapatrzonawksiazki.pl\/index.php\/wp-json\/wp\/v2\/posts"}],"about":[{"href":"https:\/\/zapatrzonawksiazki.pl\/index.php\/wp-json\/wp\/v2\/types\/post"}],"author":[{"embeddable":true,"href":"https:\/\/zapatrzonawksiazki.pl\/index.php\/wp-json\/wp\/v2\/users\/2"}],"replies":[{"embeddable":true,"href":"https:\/\/zapatrzonawksiazki.pl\/index.php\/wp-json\/wp\/v2\/comments?post=7681"}],"version-history":[{"count":3,"href":"https:\/\/zapatrzonawksiazki.pl\/index.php\/wp-json\/wp\/v2\/posts\/7681\/revisions"}],"predecessor-version":[{"id":7686,"href":"https:\/\/zapatrzonawksiazki.pl\/index.php\/wp-json\/wp\/v2\/posts\/7681\/revisions\/7686"}],"wp:featuredmedia":[{"embeddable":true,"href":"https:\/\/zapatrzonawksiazki.pl\/index.php\/wp-json\/wp\/v2\/media\/7683"}],"wp:attachment":[{"href":"https:\/\/zapatrzonawksiazki.pl\/index.php\/wp-json\/wp\/v2\/media?parent=7681"}],"wp:term":[{"taxonomy":"category","embeddable":true,"href":"https:\/\/zapatrzonawksiazki.pl\/index.php\/wp-json\/wp\/v2\/categories?post=7681"},{"taxonomy":"post_tag","embeddable":true,"href":"https:\/\/zapatrzonawksiazki.pl\/index.php\/wp-json\/wp\/v2\/tags?post=7681"}],"curies":[{"name":"wp","href":"https:\/\/api.w.org\/{rel}","templated":true}]}}