{"id":7673,"date":"2023-02-04T21:31:44","date_gmt":"2023-02-04T20:31:44","guid":{"rendered":"http:\/\/zapatrzonawksiazki.pl\/?p=7673"},"modified":"2023-02-15T21:48:08","modified_gmt":"2023-02-15T20:48:08","slug":"milosc-w-czasach-rozkladu-d-b-forys-marcin-halski","status":"publish","type":"post","link":"https:\/\/zapatrzonawksiazki.pl\/index.php\/2023\/02\/04\/milosc-w-czasach-rozkladu-d-b-forys-marcin-halski\/","title":{"rendered":"Mi\u0142o\u015b\u0107 w czasach rozk\u0142adu D. B. Fory\u015b, Marcin Halski"},"content":{"rendered":"<blockquote>\n<p style=\"text-align: justify;\">Pod os\u0142on\u0105 nocy, gdy mieszka\u0144cy spali, z\u0142o przybywa\u0142o w odwiedziny. Wlewa\u0142o si\u0119 w ka\u017cdy zakamarek, zapuszczaj\u0105c korzenie. Wodzi\u0142o dobrych ludzi na pokuszenie, namawia\u0142o do zbrodni, psu\u0142o, niszczy\u0142o i nie bra\u0142o je\u0144c\u00f3w. Dlaczego tak si\u0119 dzia\u0142o? To pytanie zadawano sobie od dawna.*<\/p>\n<\/blockquote>\n<p style=\"text-align: justify;\"><img decoding=\"async\" loading=\"lazy\" class=\"size-medium wp-image-7674 alignleft\" src=\"http:\/\/zapatrzonawksiazki.pl\/wp-content\/uploads\/2023\/02\/milosc-w-czasach-rozkladu-b-iext121942506-200x300.jpg\" alt=\"\" width=\"200\" height=\"300\" srcset=\"https:\/\/zapatrzonawksiazki.pl\/wp-content\/uploads\/2023\/02\/milosc-w-czasach-rozkladu-b-iext121942506-200x300.jpg 200w, https:\/\/zapatrzonawksiazki.pl\/wp-content\/uploads\/2023\/02\/milosc-w-czasach-rozkladu-b-iext121942506-768x1155.jpg 768w, https:\/\/zapatrzonawksiazki.pl\/wp-content\/uploads\/2023\/02\/milosc-w-czasach-rozkladu-b-iext121942506-681x1024.jpg 681w, https:\/\/zapatrzonawksiazki.pl\/wp-content\/uploads\/2023\/02\/milosc-w-czasach-rozkladu-b-iext121942506.jpg 798w\" sizes=\"(max-width: 200px) 100vw, 200px\" \/>Od niepami\u0119tnych czas\u00f3w ludzie dziel\u0105 si\u0119 na przeciwne fronty i zamiast przeciwdzia\u0142a\u0107 wrogowi, wsp\u00f3lnie zarzucaj\u0105 sobie dzia\u0142anie na niekorzy\u015b\u0107 \u015bwiata. Mog\u0142oby si\u0119 wydawa\u0107, \u017ce przesz\u0142o\u015b\u0107 czego\u015b uczy, ale pewnych rzeczy nic nie zmieni. I tak ponownie powsta\u0142y dwa roz\u0142amy, wzajemnie si\u0119 pilnuj\u0105ce, tylko czy to w\u0142a\u015bciwe rozwi\u0105zanie, gdy zbli\u017ca si\u0119 niebezpiecze\u0144stwo?<\/p>\n<h3 style=\"text-align: justify;\">Zarys fabu\u0142y<\/h3>\n<p style=\"text-align: justify;\">Chocia\u017c wied\u017amy od dawna nie maj\u0105 w sobie mocy, to ich konflikt z Zakonem trwa nadal. Na mocy ustale\u0144 Kr\u00f3la mog\u0105 \u017cy\u0107 normalnie, b\u0119d\u0105c pilnowane zamiast palenia ich na stosie. Verona jest jedn\u0105 z nich, pi\u0119kna i bardzo m\u0105dra, dlatego zajmuje si\u0119 zw\u0142okami. Potrafi z nich wyczyta\u0107 bardzo du\u017co, co pomaga w szybszym z\u0142apaniu mordercy. Rajner wsp\u00f3\u0142pracuje z ni\u0105 bardzo cz\u0119sto, ale nie tylko to ich \u0142\u0105czy. Starannie ukrywaj\u0105 sw\u00f3j romans, wiedz\u0105c, \u017ce jest zakazany i w ka\u017cdej chwili mo\u017ce wydarzy\u0107 si\u0119 co\u015b, co ich rozdzieli. Nie wiedz\u0105 nawet, jak blisko jest ten moment.<\/p>\n<p style=\"text-align: justify;\">Tw\u00f3rczo\u015b\u0107 D. B. Fory\u015b nie jest mi obca, Marcina Halskiego jeszcze nic nie czyta\u0142am, ale gdy tylko ukaza\u0142a si\u0119 zapowied\u017a tego duetu, wiedzia\u0142am, \u017ce pr\u0119dzej czy p\u00f3\u017aniej ksi\u0105\u017cka trafi w moje r\u0119ce. <em>Mi\u0142o\u015b\u0107 w czasach rozk\u0142adu<\/em> zaintrygowa\u0142a mnie dos\u0142ownie wszystkim. Tytu\u0142, ok\u0142adka, opis &#8211; to taki wabik na czytelnika, na kt\u00f3ry si\u0119 z\u0142apa\u0142am\u2026 i nie \u017ca\u0142uj\u0119.<\/p>\n<h3 style=\"text-align: justify;\">Moje wra\u017cenia<\/h3>\n<p style=\"text-align: justify;\">Spotka\u0142am si\u0119 z opini\u0105, \u017ce <em>Mi\u0142o\u015b\u0107 w czasach rozk\u0142adu<\/em> albo si\u0119 kocha, albo, no c\u00f3\u017c, nie. I co\u015b w tym jest, bo nie jest to ksi\u0105\u017cka dla wszystkich. Tutaj czarny humor a\u017c wylewa si\u0119 ze stron, bywa dziwnie, pojawia si\u0119 troch\u0119 erotyki (bez obaw, podana ze smakiem), fantastyki i duuuu\u017co szybkiej akcji. Mieszanka trudna do po\u0142\u0105czenia, a jednak temu duetowi wychodzi rewelacyjnie. Sprawiaj\u0105, \u017ce powie\u015b\u0107 jest nieskomplikowana, ale nie pozbawiona g\u0142\u0119bszego sensu. Przy tym zapewniaj\u0105 nieprzerwany ci\u0105g wydarze\u0144 bez chwili na z\u0142apanie oddechu. Zaraz obok zabawnych dialog\u00f3w i sytuacji, zapewniaj\u0105 du\u017co intryg, niebezpiecze\u0144stw oraz rozterek emocjonalnych bohater\u00f3w.<\/p>\n<h3 style=\"text-align: justify;\">S\u0142\u00f3w kilka o bohaterach<\/h3>\n<p style=\"text-align: justify;\">I skoro ju\u017c przy nich jeste\u015bmy, to Verina oraz Rejnar s\u0105 moimi ulubie\u0144cami. Pe\u0142ni wad oraz zalet, z tajemnicami, kt\u00f3re skrz\u0119tnie skrywaj\u0105. Idealnie si\u0119 uzupe\u0142niaj\u0105 i do siebie pasuj\u0105. Ona ma wiele talent\u00f3w, nie u\u017cala si\u0119 nad sob\u0105 i gdy nadchodz\u0105 k\u0142opoty, nie czeka, a\u017c pojawi si\u0119 rycerz na bia\u0142ym koniu. No i bywa straszn\u0105 zo\u0142z\u0105, a manipulowanie Rejnarem ma opanowane do perfekcji. On z kolei jest rozdarty mi\u0119dzy uczuciem a \u015blepym zapatrzeniem w zakon. Odwa\u017cny, dzielny, ale przy tym potrafi by\u0107 chamski i wredny.<\/p>\n<h3 style=\"text-align: justify;\">Na zako\u0144czenie<\/h3>\n<p style=\"text-align: justify;\"><em>Mi\u0142o\u015b\u0107 w czasach rozk\u0142adu<\/em> jest zaskakuj\u0105ca, nietypowa i zdecydowanie napisana z du\u017cym dystansem. Rewelacyjne by\u0142y przypisy, nawi\u0105zania do popkultury, a ju\u017c Ikea king edition rozk\u0142ada na \u0142opatki. Przyznaj\u0119, \u017ce poch\u0142on\u0119\u0142am powie\u015b\u0107 na raz, gdy ju\u017c zabra\u0142am si\u0119 za czytanie, nie mog\u0142am od\u0142o\u017cy\u0107 jej na bok, p\u00f3ki nie dotar\u0142am do ostatniego zdania. To by\u0142o tak mocno pokr\u0119cone i zabawne, \u017ce a\u017c dobre. Do tego iskrzy\u0142o od emocji, nami\u0119tno\u015bci oraz p\u0119dz\u0105cej akcji. Rewelacyjnie si\u0119 bawi\u0142am z tym tytu\u0142em, uwielbiam humor tego duetu i to, jak poprowadzili fabu\u0142\u0119, bo wbrew wszystkiemu ten fantastyczny w\u0105tek okaza\u0142 si\u0119 naprawd\u0119 intryguj\u0105cy.<\/p>\n<p style=\"text-align: justify;\">Chocia\u017c mi <em>Mi\u0142o\u015b\u0107 w czasach rozk\u0142adu<\/em> bardzo si\u0119 podoba\u0142a, to wiem, \u017ce nie ka\u017cdy wielbiciel fantastyki odnajdzie si\u0119 w tej ksi\u0105\u017cce. Jednak je\u015bli lubicie niesztampowe, zakr\u0119cone i zaskakuj\u0105ce historie z czarnym humorem, pr\u00f3bujcie. Bo tej opowie\u015bci warto da\u0107 szans\u0119. Ja po cichu b\u0119d\u0119 wypatrywa\u0107 kontynuacji, bo po takim zako\u0144czeniu a\u017c si\u0119 o ni\u0105 prosi.<\/p>\n<p style=\"text-align: justify;\"><strong>Autor:<\/strong> D. B. Fory\u015b, Marcin Halski<br \/>\n<strong>Tytu\u0142:<\/strong> Mi\u0142o\u015b\u0107 w czasach rozk\u0142adu<br \/>\n<strong>Wydawnictwo:<\/strong> Nie Powiem<br \/>\n<strong>Wydanie:<\/strong> I<br \/>\n<strong>Data wydania:<\/strong> 2022-11-08<br \/>\n<strong>Kategoria:<\/strong> dark fantasy<br \/>\n<strong>ISBN:<\/strong> 9788367448024<br \/>\n<strong>Liczba stron:<\/strong> 304<br \/>\n<img decoding=\"async\" loading=\"lazy\" class=\"aligncenter wp-image-5879 size-large\" src=\"http:\/\/zapatrzonawksiazki.pl\/wp-content\/uploads\/2021\/05\/ocena-Zapatrzona-7-1024x195.png\" alt=\"\" width=\"1024\" height=\"195\" srcset=\"https:\/\/zapatrzonawksiazki.pl\/wp-content\/uploads\/2021\/05\/ocena-Zapatrzona-7-1024x195.png 1024w, https:\/\/zapatrzonawksiazki.pl\/wp-content\/uploads\/2021\/05\/ocena-Zapatrzona-7-300x57.png 300w, https:\/\/zapatrzonawksiazki.pl\/wp-content\/uploads\/2021\/05\/ocena-Zapatrzona-7-768x146.png 768w\" sizes=\"(max-width: 1024px) 100vw, 1024px\" \/><\/p>\n","protected":false},"excerpt":{"rendered":"<p>Pod os\u0142on\u0105 nocy, gdy mieszka\u0144cy spali, z\u0142o przybywa\u0142o w odwiedziny. Wlewa\u0142o si\u0119 w ka\u017cdy zakamarek, zapuszczaj\u0105c korzenie. Wodzi\u0142o dobrych ludzi na pokuszenie, namawia\u0142o do zbrodni, psu\u0142o, niszczy\u0142o i nie bra\u0142o je\u0144c\u00f3w. Dlaczego tak si\u0119 dzia\u0142o? To pytanie zadawano sobie od dawna.* Od niepami\u0119tnych czas\u00f3w ludzie dziel\u0105 si\u0119 na przeciwne fronty i zamiast przeciwdzia\u0142a\u0107 wrogowi, wsp\u00f3lnie [&hellip;]<\/p>\n","protected":false},"author":2,"featured_media":7675,"comment_status":"open","ping_status":"open","sticky":false,"template":"","format":"standard","meta":[],"categories":[5,4],"tags":[31,2024,1879,2062,2063,17],"jetpack_featured_media_url":"https:\/\/zapatrzonawksiazki.pl\/wp-content\/uploads\/2023\/02\/milosc-w-czasach-rozkladu-zapatrzonawksiazki-pl.jpg","_links":{"self":[{"href":"https:\/\/zapatrzonawksiazki.pl\/index.php\/wp-json\/wp\/v2\/posts\/7673"}],"collection":[{"href":"https:\/\/zapatrzonawksiazki.pl\/index.php\/wp-json\/wp\/v2\/posts"}],"about":[{"href":"https:\/\/zapatrzonawksiazki.pl\/index.php\/wp-json\/wp\/v2\/types\/post"}],"author":[{"embeddable":true,"href":"https:\/\/zapatrzonawksiazki.pl\/index.php\/wp-json\/wp\/v2\/users\/2"}],"replies":[{"embeddable":true,"href":"https:\/\/zapatrzonawksiazki.pl\/index.php\/wp-json\/wp\/v2\/comments?post=7673"}],"version-history":[{"count":1,"href":"https:\/\/zapatrzonawksiazki.pl\/index.php\/wp-json\/wp\/v2\/posts\/7673\/revisions"}],"predecessor-version":[{"id":7676,"href":"https:\/\/zapatrzonawksiazki.pl\/index.php\/wp-json\/wp\/v2\/posts\/7673\/revisions\/7676"}],"wp:featuredmedia":[{"embeddable":true,"href":"https:\/\/zapatrzonawksiazki.pl\/index.php\/wp-json\/wp\/v2\/media\/7675"}],"wp:attachment":[{"href":"https:\/\/zapatrzonawksiazki.pl\/index.php\/wp-json\/wp\/v2\/media?parent=7673"}],"wp:term":[{"taxonomy":"category","embeddable":true,"href":"https:\/\/zapatrzonawksiazki.pl\/index.php\/wp-json\/wp\/v2\/categories?post=7673"},{"taxonomy":"post_tag","embeddable":true,"href":"https:\/\/zapatrzonawksiazki.pl\/index.php\/wp-json\/wp\/v2\/tags?post=7673"}],"curies":[{"name":"wp","href":"https:\/\/api.w.org\/{rel}","templated":true}]}}