{"id":767,"date":"2013-07-27T10:50:00","date_gmt":"2013-07-27T10:50:00","guid":{"rendered":"http:\/\/zapatrzonawksiazki.pl\/index.php\/2013\/07\/27\/zapowiedz-wydawnictwa-dreams-tajemnice\/"},"modified":"2018-10-07T00:32:17","modified_gmt":"2018-10-07T00:32:17","slug":"zapowiedz-wydawnictwa-dreams-tajemnice","status":"publish","type":"post","link":"https:\/\/zapatrzonawksiazki.pl\/index.php\/2013\/07\/27\/zapowiedz-wydawnictwa-dreams-tajemnice\/","title":{"rendered":"Zapowiedz wydawnictwa Dreams: Tajemnice Gwen Frost &#8211; Jennifer Estep"},"content":{"rendered":"<div class=\"separator\" style=\"clear: both; text-align: center;\">\n<a href=\"http:\/\/1.bp.blogspot.com\/-DnznkYqKOB8\/UfOlNWLec6I\/AAAAAAAAHc4\/6zClk5-8nII\/s1600\/tajemnice.png\" imageanchor=\"1\" style=\"clear: left; float: left; margin-bottom: 1em; margin-right: 1em;\"><img decoding=\"async\" loading=\"lazy\" border=\"0\" height=\"320\" src=\"http:\/\/1.bp.blogspot.com\/-DnznkYqKOB8\/UfOlNWLec6I\/AAAAAAAAHc4\/6zClk5-8nII\/s320\/tajemnice.png\" width=\"210\" \/><\/a><\/div>\n<div align=\"center\" class=\"MsoNormal\" style=\"text-align: center;\">\n<b style=\"mso-bidi-font-weight: normal;\"><i style=\"mso-bidi-font-style: normal;\">Ju\u017c<br \/>\n30 lipca nak\u0142adem wydawnictwa Dreams uka\u017ce si\u0119 trzeci ju\u017c cz\u0119\u015b\u0107 Akademii Mitu. Jak<br \/>\ndzi\u015b pami\u0119tam moment gdy zaczytywa\u0142am si\u0119 w pierwszej cz\u0119\u015bci i nie mog\u0142am si\u0119<br \/>\nod niej oderwa\u0107, potem przysz\u0142a kolej na drug\u0105 cz\u0119\u015b\u0107, kt\u00f3ra by\u0142a r\u00f3wnie<br \/>\nfascynuj\u0105ca co pierwsza . I wreszcie przysz\u0142a pora na tr\u00f3jeczk\u0119, kt\u00f3ra<br \/>\nbaaaaaardzo mnie ciekawi. Ju\u017c nie mog\u0119 si\u0119 doczeka\u0107 a\u017c dorw\u0119 j\u0105 w swoje \u0142apki!<\/i><\/b><\/div>\n<div align=\"center\" class=\"MsoNormal\" style=\"text-align: center;\">\n<\/div>\n<div align=\"center\" class=\"MsoNormal\" style=\"text-align: center;\">\n<b style=\"mso-bidi-font-weight: normal;\"><i style=\"mso-bidi-font-style: normal;\">Akademia<br \/>\nMitu: Tajemnice Gwen Frost &#8211; Jennifer Estep<\/i><\/b><\/div>\n<div align=\"center\" class=\"MsoNormal\" style=\"text-align: center;\">\n<\/div>\n<div class=\"MsoNormal\">\n<i style=\"mso-bidi-font-style: normal;\">W Akademii Mitu wszyscy znaj\u0105 Gwen Frost jako<br \/>\nCygank\u0119, kt\u00f3ra dzi\u0119ki psychometrii jest w wstanie znale\u017a\u0107 zgub\u0119 i kt\u00f3ra chodzi<br \/>\nz Loganem Quinnem, najbardziej atrakcyjnym ch\u0142opakiem w szkole. Gor\u0105co pragn\u0105<br \/>\nj\u0105 zabi\u0107 \u017cniwiarze chaosu. Zamordowali jej mam\u0119 i uwzi\u0119li si\u0119 tak\u017ce na ni\u0105.<br \/>\nOkazuje si\u0119, \u017ce po\u017c\u0105daj\u0105 sztyletu z Helheimu, kt\u00f3ry ukry\u0142a matka Gwen tu\u017c przed<br \/>\n\u015bmierci\u0105. Artefakt obdarzony jest wielk\u0105 moc\u0105 i \u017cniwiarzom wydaje si\u0119, \u017ce<br \/>\ndziewczyna wie gdzie go szuka\u0107 \u2013 tymczasem to nieprawda. Magia Cyganki jest<br \/>\nzbyt s\u0142aba, aby to ustali\u0107. Jedno jest pewne: \u017cniwiarze jej nie daruj\u0105. Czeka<br \/>\nj\u0105 walka na \u015bmier\u0107 i \u017cycie.<\/i><\/div>\n<div class=\"MsoNormal\">\n<\/div>\n<div class=\"MsoNormal\">\n<\/div>\n<div class=\"MsoNormal\">\n<b style=\"mso-bidi-font-weight: normal;\"><i style=\"mso-bidi-font-style: normal;\">Ilo\u015b\u0107 stron:<\/i><\/b><i style=\"mso-bidi-font-style: normal;\"> 328<\/i><\/div>\n<div class=\"MsoNormal\">\n<b style=\"mso-bidi-font-weight: normal;\"><i style=\"mso-bidi-font-style: normal;\">Oprawa:<\/i><\/b><i style=\"mso-bidi-font-style: normal;\"> mi\u0119kka +<br \/>\nskrzyde\u0142ka<\/i><\/div>\n<div class=\"MsoNormal\">\n<b style=\"mso-bidi-font-weight: normal;\"><i style=\"mso-bidi-font-style: normal;\">Autor:<\/i><\/b><i style=\"mso-bidi-font-style: normal;\"> Jennifer<br \/>\nEstep<\/i><\/div>\n<div class=\"MsoNormal\">\n<b style=\"mso-bidi-font-weight: normal;\"><i style=\"mso-bidi-font-style: normal;\">T\u0142umaczenie:<\/i><\/b><i style=\"mso-bidi-font-style: normal;\"> Anna<br \/>\nRojkowska<\/i><\/div>\n<div class=\"MsoNormal\">\n<b style=\"mso-bidi-font-weight: normal;\"><i style=\"mso-bidi-font-style: normal;\">ISBN:<\/i><\/b><i style=\"mso-bidi-font-style: normal;\"><br \/>\n978-83-63579-30-2<\/i><\/div>\n<div class=\"MsoNormal\">\n<b style=\"mso-bidi-font-weight: normal;\"><i style=\"mso-bidi-font-style: normal;\">Format:<\/i><\/b><i style=\"mso-bidi-font-style: normal;\"> 140 x 205<\/i><\/div>\n<div class=\"MsoNormal\">\n<b style=\"mso-bidi-font-weight: normal;\"><i style=\"mso-bidi-font-style: normal;\">Data wydania:<\/i><\/b><i style=\"mso-bidi-font-style: normal;\"> 30 Lipca<br \/>\n2013<\/i><\/div>\n","protected":false},"excerpt":{"rendered":"<p>Ju\u017c 30 lipca nak\u0142adem wydawnictwa Dreams uka\u017ce si\u0119 trzeci ju\u017c cz\u0119\u015b\u0107 Akademii Mitu. Jak dzi\u015b pami\u0119tam moment gdy zaczytywa\u0142am si\u0119 w pierwszej cz\u0119\u015bci i nie mog\u0142am si\u0119 od niej oderwa\u0107, potem przysz\u0142a kolej na drug\u0105 cz\u0119\u015b\u0107, kt\u00f3ra by\u0142a r\u00f3wnie fascynuj\u0105ca co pierwsza . I wreszcie przysz\u0142a pora na tr\u00f3jeczk\u0119, kt\u00f3ra baaaaaardzo mnie ciekawi. Ju\u017c nie [&hellip;]<\/p>\n","protected":false},"author":2,"featured_media":0,"comment_status":"open","ping_status":"open","sticky":false,"template":"","format":"standard","meta":[],"categories":[1],"tags":[247],"jetpack_featured_media_url":"","_links":{"self":[{"href":"https:\/\/zapatrzonawksiazki.pl\/index.php\/wp-json\/wp\/v2\/posts\/767"}],"collection":[{"href":"https:\/\/zapatrzonawksiazki.pl\/index.php\/wp-json\/wp\/v2\/posts"}],"about":[{"href":"https:\/\/zapatrzonawksiazki.pl\/index.php\/wp-json\/wp\/v2\/types\/post"}],"author":[{"embeddable":true,"href":"https:\/\/zapatrzonawksiazki.pl\/index.php\/wp-json\/wp\/v2\/users\/2"}],"replies":[{"embeddable":true,"href":"https:\/\/zapatrzonawksiazki.pl\/index.php\/wp-json\/wp\/v2\/comments?post=767"}],"version-history":[{"count":1,"href":"https:\/\/zapatrzonawksiazki.pl\/index.php\/wp-json\/wp\/v2\/posts\/767\/revisions"}],"predecessor-version":[{"id":2268,"href":"https:\/\/zapatrzonawksiazki.pl\/index.php\/wp-json\/wp\/v2\/posts\/767\/revisions\/2268"}],"wp:attachment":[{"href":"https:\/\/zapatrzonawksiazki.pl\/index.php\/wp-json\/wp\/v2\/media?parent=767"}],"wp:term":[{"taxonomy":"category","embeddable":true,"href":"https:\/\/zapatrzonawksiazki.pl\/index.php\/wp-json\/wp\/v2\/categories?post=767"},{"taxonomy":"post_tag","embeddable":true,"href":"https:\/\/zapatrzonawksiazki.pl\/index.php\/wp-json\/wp\/v2\/tags?post=767"}],"curies":[{"name":"wp","href":"https:\/\/api.w.org\/{rel}","templated":true}]}}