{"id":7665,"date":"2022-09-23T19:28:40","date_gmt":"2022-09-23T17:28:40","guid":{"rendered":"http:\/\/zapatrzonawksiazki.pl\/?p=7665"},"modified":"2023-02-13T19:38:55","modified_gmt":"2023-02-13T18:38:55","slug":"zatraceni-w-sobie-2-k-m-dyga","status":"publish","type":"post","link":"https:\/\/zapatrzonawksiazki.pl\/index.php\/2022\/09\/23\/zatraceni-w-sobie-2-k-m-dyga\/","title":{"rendered":"Zatraceni w sobie 2 K.M. Dyga"},"content":{"rendered":"<blockquote>\n<p style=\"text-align: justify;\">S\u0142owa tn\u0105 lepiej ni\u017c miecz. Zw\u0142aszcza je\u017celi s\u0105 to s\u0142owa prawdy.*<\/p>\n<\/blockquote>\n<p style=\"text-align: justify;\"><img decoding=\"async\" loading=\"lazy\" class=\"size-medium wp-image-7666 alignleft\" src=\"http:\/\/zapatrzonawksiazki.pl\/wp-content\/uploads\/2023\/02\/zatraceni-w-sobie-zatraceni-tom-2-b-iext115557513-199x300.jpg\" alt=\"\" width=\"199\" height=\"300\" srcset=\"https:\/\/zapatrzonawksiazki.pl\/wp-content\/uploads\/2023\/02\/zatraceni-w-sobie-zatraceni-tom-2-b-iext115557513-199x300.jpg 199w, https:\/\/zapatrzonawksiazki.pl\/wp-content\/uploads\/2023\/02\/zatraceni-w-sobie-zatraceni-tom-2-b-iext115557513.jpg 589w\" sizes=\"(max-width: 199px) 100vw, 199px\" \/>Uczucia bywaj\u0105 cz\u0119sto skomplikowane i \u0142atwo si\u0119 w nich pogubi\u0107 i si\u0119 w nich zatraci\u0107. Nie da si\u0119 wtedy jednoznacznie okre\u015bli\u0107, co si\u0119 w danym momencie czuje, kogo kocha lub darzy tylko ogromn\u0105 sympati\u0105. Najgorsze w tym wszystkim jest to poczucie rozdarcia i \u015bwiadomo\u015b\u0107 ranienia bliskich os\u00f3b\u2026<\/p>\n<h3 style=\"text-align: justify;\">Zarys fabu\u0142y<\/h3>\n<p style=\"text-align: justify;\">Konrad pr\u00f3buje zrozumie\u0107, czemu Ida tak nagle uciek\u0142a i gdy dociera do niego, co si\u0119 wydarzy\u0142o, robi wszystko, by wyja\u015bni\u0107 ukochanej ca\u0142\u0105 sytuacj\u0119. Kobieta mu tego nie u\u0142atwia i nawet gdy zgadza si\u0119 w ko\u0144cu z nim porozmawia\u0107, ich zwi\u0105zek nadal nie jest pewny. Ida czuje zam\u0119t w sercu i nie wie, z kim chce by\u0107. Dlatego te\u017c, chocia\u017c wie, \u017ce rani tym Konrada, wyje\u017cd\u017ca z Takashi na kilka dni. Czy zdo\u0142a w tym czasie podj\u0105\u0107 decyzj\u0119?<\/p>\n<p style=\"text-align: justify;\">Nie przepadam za tr\u00f3jk\u0105tami mi\u0142osnymi oraz mafijnymi klimatami, a paradoksalnie <em>Zatracani<\/em> maj\u0105 w sobie oba te motywy. Jednak pierwszy tom naprawd\u0119 bardzo mi si\u0119 podoba\u0142, chocia\u017c wzbudza\u0142 skrajne emocje, nie mog\u0142am oderwa\u0107 si\u0119 od czytania. Zako\u0144czenie by\u0142o za\u015b takie, \u017ce wiedzia\u0142am, i\u017c si\u0119gni\u0119cie po <em>Zatraceni w sobie 2<\/em> b\u0119dzie tylko kwesti\u0105 czasu. Drugi tom za mn\u0105, a co o nim my\u015bl\u0119?<\/p>\n<h3 style=\"text-align: justify;\">Moje wra\u017cenia<\/h3>\n<p style=\"text-align: justify;\">K. M. Dyga, rozpoczyna ten tom bezpo\u015brednio po zako\u0144czeniu poprzedniego i ci\u0105gnie rozpocz\u0119te w\u0105tki. W <em>Zatraceni w sobie 2<\/em> buduje jeszcze wi\u0119cej napi\u0119cia i sprawia, \u017ce bohaterowie popadaj\u0105 ze skrajno\u015bci w skrajno\u015b\u0107. Autorka opisuje losy bohater\u00f3w ze znan\u0105 sobie umiej\u0119tno\u015bci\u0105 rozk\u0142adania ich emocji na najmniejsze kawa\u0142eczki. Niczego nie u\u0142atwia, a tak naprawd\u0119 jeszcze bardziej wszystko komplikuje i wystawia na pr\u00f3b\u0119 ka\u017cd\u0105 z relacji. Ca\u0142o\u015b\u0107 fabu\u0142y bazuje na tym, kogo wybierze Ida i pojawieniu si\u0119 kogo\u015b, kto mo\u017ce namiesza\u0107 w jej rodzinnych sprawach. Niby niezbyt du\u017co, a jednak ksi\u0105\u017cka jest przepe\u0142niona zwrotami akcji oraz emocjonalnym rollercoasterem.<\/p>\n<h3 style=\"text-align: justify;\">S\u0142\u00f3w kilka i bohaterach<\/h3>\n<p style=\"text-align: justify;\">Musz\u0119 przyzna\u0107, \u017ce w tym tomie Ida mnie strasznie irytowa\u0142a i nie mog\u0142am jej znie\u015b\u0107. Ja rozumiem, \u017ce by\u0142a zagubiona, ale to, co robi\u0142a Konradowi, by\u0142o \u015bwi\u0144stwem. Pocz\u0105tkowo nawet za tym by\u0142am, zrani\u0142 ja i oszuka\u0142, ale bez przesady. I w sumie podziwiam Konrada, \u017ce tyle wytrzymywa\u0142. W og\u00f3le w tej cz\u0119\u015bci by\u0142 o wiele zno\u015bniejszy. Jakby dojrza\u0142 i du\u017co zrozumia\u0142. No i jest Takashi, kt\u00f3rego te\u017c naprawd\u0119 polubi\u0142am. Tutaj ka\u017cdy z bohater\u00f3w jest swoim zupe\u0142nym przeciwie\u0144stwem, a wbrew temu idealnie si\u0119 ze sob\u0105 zgrywaj\u0105. Czasami w do\u015b\u0107 pokr\u0119conych relacjach, ale si\u0119 sprawdzaj\u0105cych.<\/p>\n<h3 style=\"text-align: justify;\">Na zako\u0144czenie<\/h3>\n<p style=\"text-align: justify;\">Strasznie mnie ta ksi\u0105\u017cka irytowa\u0142a, ale zarazem nie mog\u0142am oderwa\u0107 si\u0119 od czytania. Czasami sama z siebie \u017cartowa\u0142am, bo w jednej chwili potrafi\u0142am przewraca\u0107 oczami i wzdycha\u0107 sfrustrowana, \u015bmia\u0107 si\u0119 w g\u0142os lub wzdycha\u0107 rozanielona. <em>Zatraceni w sobie 2<\/em> tak na mnie dzia\u0142a\u0142o, przeskakiwa\u0142am z jednej emocji w drug\u0105 i jak najszybciej chcia\u0142am dotrze\u0107 do ko\u0144ca. Nawet nie przeszkadza\u0142y mi te mafijne wstawki, mo\u017ce dlatego, \u017ce nie by\u0142o ich zbyt du\u017co i nie wychodzi\u0142y na g\u0142\u00f3wny plan. K. M. Dyga, kupi\u0142a mnie swoim poczuciem humoru i tym jak potrafi pisa\u0107 o uczuciach. To romans, kt\u00f3remu trudno si\u0119 oprze\u0107. Przepe\u0142niony uczuciami i pokazuj\u0105cy, \u017ce nami\u0119tnie mo\u017ce by\u0107 nawet bez wyuzdanych scen \u0142\u00f3\u017ckowych.<\/p>\n<p style=\"text-align: justify;\"><em>Zatraceni w sobie 2<\/em> to obowi\u0105zkowa pozycja dla wszystkich, kt\u00f3rzy maj\u0105 pierwszy tom za sob\u0105. Historia w dalszym ci\u0105gu bawi do \u0142ez, zachwyca z\u0142o\u017cono\u015bci\u0105 uczu\u0107 i zadziwia nietypowymi relacjami.<\/p>\n<p style=\"text-align: justify;\"><strong>Autor:<\/strong> K.M. Dyga<br \/>\n<strong>Tytu\u0142:<\/strong> Zatraceni w sobie 2<br \/>\n<strong>Wydawnictwo:<\/strong> Sz\u00f3sty Zmys\u0142<br \/>\n<strong>Wydanie:<\/strong> I<br \/>\n<strong>Data wydania:<\/strong> 2022-02-09<br \/>\n<strong>Kategoria:<\/strong> romans<br \/>\n<strong>ISBN:<\/strong> 9788365830364<br \/>\n<strong>Liczba stron:<\/strong> 342<br \/>\n<img decoding=\"async\" loading=\"lazy\" class=\"aligncenter wp-image-5879 size-large\" src=\"http:\/\/zapatrzonawksiazki.pl\/wp-content\/uploads\/2021\/05\/ocena-Zapatrzona-7-1024x195.png\" alt=\"\" width=\"1024\" height=\"195\" srcset=\"https:\/\/zapatrzonawksiazki.pl\/wp-content\/uploads\/2021\/05\/ocena-Zapatrzona-7-1024x195.png 1024w, https:\/\/zapatrzonawksiazki.pl\/wp-content\/uploads\/2021\/05\/ocena-Zapatrzona-7-300x57.png 300w, https:\/\/zapatrzonawksiazki.pl\/wp-content\/uploads\/2021\/05\/ocena-Zapatrzona-7-768x146.png 768w\" sizes=\"(max-width: 1024px) 100vw, 1024px\" \/><\/p>\n<p style=\"text-align: center;\">Zatraceni<br \/>\nTom 1 | <em>Tom 2<\/em> | Tom 3<\/p>\n","protected":false},"excerpt":{"rendered":"<p>S\u0142owa tn\u0105 lepiej ni\u017c miecz. Zw\u0142aszcza je\u017celi s\u0105 to s\u0142owa prawdy.* Uczucia bywaj\u0105 cz\u0119sto skomplikowane i \u0142atwo si\u0119 w nich pogubi\u0107 i si\u0119 w nich zatraci\u0107. Nie da si\u0119 wtedy jednoznacznie okre\u015bli\u0107, co si\u0119 w danym momencie czuje, kogo kocha lub darzy tylko ogromn\u0105 sympati\u0105. Najgorsze w tym wszystkim jest to poczucie rozdarcia i \u015bwiadomo\u015b\u0107 [&hellip;]<\/p>\n","protected":false},"author":2,"featured_media":7667,"comment_status":"open","ping_status":"open","sticky":false,"template":"","format":"standard","meta":[],"categories":[5,4],"tags":[31,1894,17,76,1895,1549],"jetpack_featured_media_url":"https:\/\/zapatrzonawksiazki.pl\/wp-content\/uploads\/2023\/02\/zatraceni-w-sobie-2-zapatrzonawksiazki-pl.jpg","_links":{"self":[{"href":"https:\/\/zapatrzonawksiazki.pl\/index.php\/wp-json\/wp\/v2\/posts\/7665"}],"collection":[{"href":"https:\/\/zapatrzonawksiazki.pl\/index.php\/wp-json\/wp\/v2\/posts"}],"about":[{"href":"https:\/\/zapatrzonawksiazki.pl\/index.php\/wp-json\/wp\/v2\/types\/post"}],"author":[{"embeddable":true,"href":"https:\/\/zapatrzonawksiazki.pl\/index.php\/wp-json\/wp\/v2\/users\/2"}],"replies":[{"embeddable":true,"href":"https:\/\/zapatrzonawksiazki.pl\/index.php\/wp-json\/wp\/v2\/comments?post=7665"}],"version-history":[{"count":1,"href":"https:\/\/zapatrzonawksiazki.pl\/index.php\/wp-json\/wp\/v2\/posts\/7665\/revisions"}],"predecessor-version":[{"id":7668,"href":"https:\/\/zapatrzonawksiazki.pl\/index.php\/wp-json\/wp\/v2\/posts\/7665\/revisions\/7668"}],"wp:featuredmedia":[{"embeddable":true,"href":"https:\/\/zapatrzonawksiazki.pl\/index.php\/wp-json\/wp\/v2\/media\/7667"}],"wp:attachment":[{"href":"https:\/\/zapatrzonawksiazki.pl\/index.php\/wp-json\/wp\/v2\/media?parent=7665"}],"wp:term":[{"taxonomy":"category","embeddable":true,"href":"https:\/\/zapatrzonawksiazki.pl\/index.php\/wp-json\/wp\/v2\/categories?post=7665"},{"taxonomy":"post_tag","embeddable":true,"href":"https:\/\/zapatrzonawksiazki.pl\/index.php\/wp-json\/wp\/v2\/tags?post=7665"}],"curies":[{"name":"wp","href":"https:\/\/api.w.org\/{rel}","templated":true}]}}