{"id":7587,"date":"2020-12-22T17:32:56","date_gmt":"2020-12-22T16:32:56","guid":{"rendered":"http:\/\/zapatrzonawksiazki.pl\/?p=7587"},"modified":"2023-01-29T00:46:52","modified_gmt":"2023-01-28T23:46:52","slug":"gwiazdkozaur-i-zimowa-czarownica-tom-fletcher","status":"publish","type":"post","link":"https:\/\/zapatrzonawksiazki.pl\/index.php\/2020\/12\/22\/gwiazdkozaur-i-zimowa-czarownica-tom-fletcher\/","title":{"rendered":"Gwiazdkozaur i Zimowa Czarownica Tom Fletcher [ChristmasBooks]"},"content":{"rendered":"<blockquote>\n<p style=\"text-align: justify;\">Williamie, w przysz\u0142o\u015bci zawsze mo\u017ce zdarzy\u0107 si\u0119 co\u015b z\u0142ego. Jedynym sposobem, aby do tego nie dopu\u015bci\u0107, jest zaradzenie w tera\u017aniejszo\u015bci z\u0142ym rzeczom. To na chwili obecnej musimy si\u0119 skupi\u0107. Nie na darmo w j\u0119zyku angielskim s\u0142owo present oznacza zar\u00f3wno czas tera\u017aniejszy jak i prezent \u015bwi\u0105teczny. Bo wa\u017cny jest w\u0142a\u015bnie teraz, a nie w przysz\u0142o\u015bci czy przesz\u0142o\u015bci.*<\/p>\n<\/blockquote>\n<p style=\"text-align: justify;\"><img decoding=\"async\" loading=\"lazy\" class=\"size-medium wp-image-7588 alignleft\" src=\"http:\/\/zapatrzonawksiazki.pl\/wp-content\/uploads\/2023\/01\/gwiazdkozaur-i-zimowa-czarownica-1-208x300.jpg\" alt=\"\" width=\"208\" height=\"300\" srcset=\"https:\/\/zapatrzonawksiazki.pl\/wp-content\/uploads\/2023\/01\/gwiazdkozaur-i-zimowa-czarownica-1-208x300.jpg 208w, https:\/\/zapatrzonawksiazki.pl\/wp-content\/uploads\/2023\/01\/gwiazdkozaur-i-zimowa-czarownica-1.jpg 300w\" sizes=\"(max-width: 208px) 100vw, 208px\" \/>Wyobra\u017cacie sobie \u015bwiat bez \u015bwi\u0105t Bo\u017cego Narodzenia? Wiem, wiem\u2026 To by\u0142oby straszne! A jednak mo\u017ce doj\u015b\u0107 do tego, \u017ce obchodzenie Gwiazdki b\u0119dzie wr\u0119cz zakazane&#8230; Komu mo\u017ce na tym zale\u017ce\u0107 i czy mo\u017cna zapobiec tej przera\u017caj\u0105cej perspektywie?<\/p>\n<h3 style=\"text-align: justify;\">Zarys fabu\u0142y<\/h3>\n<p style=\"text-align: justify;\">William zaczyna w\u0142a\u015bnie ferie zimowe. B\u0119d\u0105 troch\u0119 inne, bo teraz nie jest ju\u017c tylko z tat\u0105, ale do ich rodziny do\u0142\u0105czy\u0142y dwie nowe osoby. No i teraz oczekiwanie na \u015bwi\u0119ta jest jeszcze wi\u0119ksze, bo w Wigili\u0119 spotka si\u0119 ze swoim przyjacielem, z kt\u00f3rym nie widzia\u0142 si\u0119 ju\u017c rok. Okazuje si\u0119, \u017ce do spotkania dojdzie pr\u0119dzej, ni\u017c si\u0119 spodziewa\u0142. Ju\u017c pierwszego dnia ferii ch\u0142opca odwiedza Gwiazdkozaur wraz ze \u015bw. Miko\u0142ajem i zaprasza ca\u0142\u0105 rodzin\u0119 na wycieczk\u0119 na biegun p\u00f3\u0142nocny. Tam poznaje te\u017c Zimow\u0105 Czarownic\u0119, co jest pocz\u0105tkiem kolejnej niesamowitej przygody.<\/p>\n<p style=\"text-align: justify;\">To moje pierwsze zetkni\u0119cie z Gwiazdkozaurem, ale z pewno\u015bci\u0105 nie ostatnie. Pierwszy tom serii jest ju\u017c dodany do najbli\u017cszej listy zakupowej, a ja tymczasem opowiem o drugiej cz\u0119\u015bci. Co takiego ma w sobie <em>Gwiazdkozaur i Zimowa Czarownica<\/em>, \u017ce jestem nim a\u017c tak zachwycona?<\/p>\n<h3 style=\"text-align: justify;\">Moje wra\u017cenia<\/h3>\n<p style=\"text-align: justify;\">Tom Fletcher zachwyci\u0142 mnie&#8230; wszystkim. Naprawd\u0119. Spodoba\u0142 mi si\u0119 pomys\u0142 na fabu\u0142\u0119, jego wykonanie oraz ta wszechobecna magia. Autor ma niesamowicie lekki styl pisania, tre\u015b\u0107 jest okraszona du\u017cym poczuciem humoru, nieograniczon\u0105 wyobra\u017ani\u0105 i umiej\u0119tno\u015bci\u0105 trafienia do ka\u017cdego czytelnika. Bez wzgl\u0119du na jego wiek wci\u0105ga z miejsca w wir wydarze\u0144 i dostarcza mn\u00f3stwa emocji. Mnie rozbawi\u0142, wzruszy\u0142, czasem zasmuci\u0142, ale przede wszystkim zdoby\u0142 moje serce g\u0142\u00f3wnym bohaterem. Bo &#8211; b\u0105d\u017amy szczerzy &#8211; ile znacie ksi\u0105\u017cek, gdzie bohaterem jest osoba na w\u00f3zku inwalidzkim? I to jest tak fajnie, naturalnie opisane. Pokazuje jego ograniczenia, ale przede wszystkim pokazuje, \u017ce w\u00f3zek nie oznacza, i\u017c nic nie mo\u017cna. <em>Gwiazdkozaur i Zimowa Czarownica<\/em> to jednak przede wszystkim przygody, du\u017co akcji i magicznych sytuacji. I to wszystko tworzy sp\u00f3jn\u0105, intryguj\u0105c\u0105 ca\u0142o\u015b\u0107, od kt\u00f3rej trudno si\u0119 oderwa\u0107.<\/p>\n<h3 style=\"text-align: justify;\">S\u0142\u00f3w kilka o bohaterach<\/h3>\n<p style=\"text-align: justify;\">Nie da si\u0119 nie lubi\u0107 postaci stworzonych przez autora. Oczywi\u015bcie m\u00f3wi\u0119 tu o tych dobrych, bo niekt\u00f3rym ch\u0119tnie bym powiedzia\u0142a do s\u0142uchu. Wracaj\u0105c jednak do ich charakterystyki, musz\u0119 przyzna\u0107, \u017ce jest naprawd\u0119 dobra. Ka\u017cdy bohater jest inny, a co wa\u017cniejsze nikt nie jest idealny. Dzi\u0119ki temu s\u0105 niezwykle realni i \u0142atwo jest si\u0119 z nimi uto\u017csami\u0107, nawet je\u015bli to tylko powie\u015b\u0107 fantastyczna. Autor pokazuje ich charaktery, to co maj\u0105 w sercu oraz z czym si\u0119 zmagaj\u0105.<\/p>\n<h3 style=\"text-align: justify;\">Na zako\u0144czenie<\/h3>\n<p style=\"text-align: justify;\"><em>Gwiazdkozaur i Zimowa Czarownica<\/em> ma ponad czterysta stron, a mi wystarczy\u0142 jeden dzie\u0144 na przeczytanie. Wpad\u0142am w t\u0119 histori\u0119 i ani przez chwil\u0119 nie mia\u0142am ochoty, by od\u0142o\u017cy\u0107 ksi\u0105\u017ck\u0119 na p\u00f3\u017aniej. Kolejne strony przewraca\u0142y si\u0119 praktycznie same, a ja nieustannie prze\u017cywa\u0142am ka\u017cde wydarzenie i zachwyca\u0142am si\u0119 ilustracjami Shane&#8217;a Devriesa. S\u0105 fenomenalne i idealnie \u0142\u0105cz\u0105 si\u0119 z tre\u015bci\u0105, a do tego urozmaicaj\u0105 czytanie. Ta ksi\u0105\u017cka to istne cudo nie tylko pod wzgl\u0119dem samej historii, ale i szaty graficznej. \u017ba\u0142uj\u0119, \u017ce tak szybko j\u0105 przeczyta\u0142am, bo teraz t\u0119skno mi za bohaterami i ich przygodami. Z pewno\u015bci\u0105 wr\u00f3c\u0119 do tej historii, bo co prawda znam ju\u017c fina\u0142, ale przyci\u0105gaj\u0105 mnie i bohaterowie i jej klimat.<\/p>\n<p style=\"text-align: justify;\"><em>Gwiazdkozaur i Zimowa Czarownica<\/em> to drugi tom, ale zapewniam, \u017ce mo\u017cna go czyta\u0107 bez znajomo\u015bci pierwszego. Tylko wiecie co? Zakupcie oba tomy, by m\u00f3c si\u0119 cieszy\u0107 nimi razem i mie\u0107 troch\u0119 d\u0142u\u017csz\u0105 frajd\u0119 z przebywania w tym pe\u0142nym magii \u015bwiecie. Polecam wielbicielom dinozaur\u00f3w, \u015bwi\u0105t i magicznej otoczki.<\/p>\n<p style=\"text-align: justify;\"><strong>Autor:<\/strong> Tom Fletcher<br \/>\n<strong>Ilustrator:<\/strong> Shane Devries<br \/>\n<strong>T\u0142umaczenie:<\/strong> Mariusz Warda<br \/>\n<strong>Tytu\u0142:<\/strong> Gwiazdkozaur i Zimowa Czarownica<br \/>\n<strong>Tytu\u0142 orygina\u0142u:<\/strong> The Christmasaurus and the Winter Witch<br \/>\n<strong>Wydawnictwo:<\/strong> Zysk i S-ka<br \/>\n<strong>Wydanie:<\/strong> I<br \/>\n<strong>Data wydania:<\/strong> 2020-11-10<br \/>\n<strong>Kategoria:<\/strong> lit. dzieci\u0119ca<br \/>\n<strong>ISBN:<\/strong> 9788382020724<br \/>\n<strong>Liczba stron:<\/strong> 456<br \/>\n<img decoding=\"async\" loading=\"lazy\" class=\"aligncenter wp-image-5880 size-large\" src=\"http:\/\/zapatrzonawksiazki.pl\/wp-content\/uploads\/2021\/05\/ocena-Zapatrzona-8-1024x195.png\" alt=\"\" width=\"1024\" height=\"195\" srcset=\"https:\/\/zapatrzonawksiazki.pl\/wp-content\/uploads\/2021\/05\/ocena-Zapatrzona-8-1024x195.png 1024w, https:\/\/zapatrzonawksiazki.pl\/wp-content\/uploads\/2021\/05\/ocena-Zapatrzona-8-300x57.png 300w, https:\/\/zapatrzonawksiazki.pl\/wp-content\/uploads\/2021\/05\/ocena-Zapatrzona-8-768x146.png 768w\" sizes=\"(max-width: 1024px) 100vw, 1024px\" \/><\/p>\n<p style=\"text-align: center;\">Gwiazdkozaur<br \/>\nGwiazdkozaur | <em>Gwiazdkozaur i Zimowa Czarownica<\/em><\/p>\n<hr \/>\n<div id='gallery-1' class='gallery galleryid-7587 gallery-columns-3 gallery-size-large'><figure class='gallery-item'>\n\t\t\t<div class='gallery-icon portrait'>\n\t\t\t\t<a href='https:\/\/zapatrzonawksiazki.pl\/index.php\/2020\/12\/22\/gwiazdkozaur-i-zimowa-czarownica-tom-fletcher\/gwiazdkozaur-i-zimowa-czarownica-4-zapatrzonawksiazki-pl\/'><img width=\"1017\" height=\"1024\" src=\"https:\/\/zapatrzonawksiazki.pl\/wp-content\/uploads\/2023\/01\/gwiazdkozaur-i-zimowa-czarownica-4-zapatrzonawksiazki-pl-1017x1024.jpg\" class=\"attachment-large size-large\" alt=\"\" decoding=\"async\" loading=\"lazy\" srcset=\"https:\/\/zapatrzonawksiazki.pl\/wp-content\/uploads\/2023\/01\/gwiazdkozaur-i-zimowa-czarownica-4-zapatrzonawksiazki-pl-1017x1024.jpg 1017w, https:\/\/zapatrzonawksiazki.pl\/wp-content\/uploads\/2023\/01\/gwiazdkozaur-i-zimowa-czarownica-4-zapatrzonawksiazki-pl-150x150.jpg 150w, https:\/\/zapatrzonawksiazki.pl\/wp-content\/uploads\/2023\/01\/gwiazdkozaur-i-zimowa-czarownica-4-zapatrzonawksiazki-pl-298x300.jpg 298w, https:\/\/zapatrzonawksiazki.pl\/wp-content\/uploads\/2023\/01\/gwiazdkozaur-i-zimowa-czarownica-4-zapatrzonawksiazki-pl-768x774.jpg 768w, https:\/\/zapatrzonawksiazki.pl\/wp-content\/uploads\/2023\/01\/gwiazdkozaur-i-zimowa-czarownica-4-zapatrzonawksiazki-pl.jpg 1936w\" sizes=\"(max-width: 1017px) 100vw, 1017px\" \/><\/a>\n\t\t\t<\/div><\/figure><figure class='gallery-item'>\n\t\t\t<div class='gallery-icon portrait'>\n\t\t\t\t<a href='https:\/\/zapatrzonawksiazki.pl\/index.php\/2020\/12\/22\/gwiazdkozaur-i-zimowa-czarownica-tom-fletcher\/gwiazdkozaur-i-zimowa-czarownica-2-zapatrzonawksiazki-pl\/'><img width=\"1017\" height=\"1024\" src=\"https:\/\/zapatrzonawksiazki.pl\/wp-content\/uploads\/2023\/01\/gwiazdkozaur-i-zimowa-czarownica-2-zapatrzonawksiazki-pl-1017x1024.jpg\" class=\"attachment-large size-large\" alt=\"\" decoding=\"async\" loading=\"lazy\" srcset=\"https:\/\/zapatrzonawksiazki.pl\/wp-content\/uploads\/2023\/01\/gwiazdkozaur-i-zimowa-czarownica-2-zapatrzonawksiazki-pl-1017x1024.jpg 1017w, https:\/\/zapatrzonawksiazki.pl\/wp-content\/uploads\/2023\/01\/gwiazdkozaur-i-zimowa-czarownica-2-zapatrzonawksiazki-pl-150x150.jpg 150w, https:\/\/zapatrzonawksiazki.pl\/wp-content\/uploads\/2023\/01\/gwiazdkozaur-i-zimowa-czarownica-2-zapatrzonawksiazki-pl-298x300.jpg 298w, https:\/\/zapatrzonawksiazki.pl\/wp-content\/uploads\/2023\/01\/gwiazdkozaur-i-zimowa-czarownica-2-zapatrzonawksiazki-pl-768x774.jpg 768w, https:\/\/zapatrzonawksiazki.pl\/wp-content\/uploads\/2023\/01\/gwiazdkozaur-i-zimowa-czarownica-2-zapatrzonawksiazki-pl.jpg 1936w\" sizes=\"(max-width: 1017px) 100vw, 1017px\" \/><\/a>\n\t\t\t<\/div><\/figure><figure class='gallery-item'>\n\t\t\t<div class='gallery-icon portrait'>\n\t\t\t\t<a href='https:\/\/zapatrzonawksiazki.pl\/index.php\/2020\/12\/22\/gwiazdkozaur-i-zimowa-czarownica-tom-fletcher\/gwiazdkozaur-i-zimowa-czarownica-3-zapatrzonawksiazki-pl\/'><img width=\"1017\" height=\"1024\" src=\"https:\/\/zapatrzonawksiazki.pl\/wp-content\/uploads\/2023\/01\/gwiazdkozaur-i-zimowa-czarownica-3-zapatrzonawksiazki-pl-1017x1024.jpg\" class=\"attachment-large size-large\" alt=\"\" decoding=\"async\" loading=\"lazy\" srcset=\"https:\/\/zapatrzonawksiazki.pl\/wp-content\/uploads\/2023\/01\/gwiazdkozaur-i-zimowa-czarownica-3-zapatrzonawksiazki-pl-1017x1024.jpg 1017w, https:\/\/zapatrzonawksiazki.pl\/wp-content\/uploads\/2023\/01\/gwiazdkozaur-i-zimowa-czarownica-3-zapatrzonawksiazki-pl-150x150.jpg 150w, https:\/\/zapatrzonawksiazki.pl\/wp-content\/uploads\/2023\/01\/gwiazdkozaur-i-zimowa-czarownica-3-zapatrzonawksiazki-pl-298x300.jpg 298w, https:\/\/zapatrzonawksiazki.pl\/wp-content\/uploads\/2023\/01\/gwiazdkozaur-i-zimowa-czarownica-3-zapatrzonawksiazki-pl-768x774.jpg 768w, https:\/\/zapatrzonawksiazki.pl\/wp-content\/uploads\/2023\/01\/gwiazdkozaur-i-zimowa-czarownica-3-zapatrzonawksiazki-pl.jpg 1936w\" sizes=\"(max-width: 1017px) 100vw, 1017px\" \/><\/a>\n\t\t\t<\/div><\/figure>\n\t\t<\/div>\n\n<hr \/>\n<p style=\"text-align: center;\"><strong>Dzi\u0119kuj\u0119!<br \/>\n<img decoding=\"async\" loading=\"lazy\" class=\"size-medium wp-image-5924 aligncenter\" src=\"http:\/\/zapatrzonawksiazki.pl\/wp-content\/uploads\/2021\/07\/duzeKa-300x151.jpg\" alt=\"\" width=\"300\" height=\"151\" srcset=\"https:\/\/zapatrzonawksiazki.pl\/wp-content\/uploads\/2021\/07\/duzeKa-300x151.jpg 300w, https:\/\/zapatrzonawksiazki.pl\/wp-content\/uploads\/2021\/07\/duzeKa.jpg 350w\" sizes=\"(max-width: 300px) 100vw, 300px\" \/><br \/>\n<\/strong><\/p>\n","protected":false},"excerpt":{"rendered":"<p>Williamie, w przysz\u0142o\u015bci zawsze mo\u017ce zdarzy\u0107 si\u0119 co\u015b z\u0142ego. Jedynym sposobem, aby do tego nie dopu\u015bci\u0107, jest zaradzenie w tera\u017aniejszo\u015bci z\u0142ym rzeczom. To na chwili obecnej musimy si\u0119 skupi\u0107. Nie na darmo w j\u0119zyku angielskim s\u0142owo present oznacza zar\u00f3wno czas tera\u017aniejszy jak i prezent \u015bwi\u0105teczny. Bo wa\u017cny jest w\u0142a\u015bnie teraz, a nie w przysz\u0142o\u015bci czy [&hellip;]<\/p>\n","protected":false},"author":2,"featured_media":7589,"comment_status":"open","ping_status":"open","sticky":false,"template":"","format":"standard","meta":[],"categories":[5,1648,4],"tags":[20,61,118,17,2042,2043,71],"jetpack_featured_media_url":"https:\/\/zapatrzonawksiazki.pl\/wp-content\/uploads\/2023\/01\/gwiazdkozaur-i-zimowa-czarownica-1-zapatrzonawksiazki-pl.jpg","_links":{"self":[{"href":"https:\/\/zapatrzonawksiazki.pl\/index.php\/wp-json\/wp\/v2\/posts\/7587"}],"collection":[{"href":"https:\/\/zapatrzonawksiazki.pl\/index.php\/wp-json\/wp\/v2\/posts"}],"about":[{"href":"https:\/\/zapatrzonawksiazki.pl\/index.php\/wp-json\/wp\/v2\/types\/post"}],"author":[{"embeddable":true,"href":"https:\/\/zapatrzonawksiazki.pl\/index.php\/wp-json\/wp\/v2\/users\/2"}],"replies":[{"embeddable":true,"href":"https:\/\/zapatrzonawksiazki.pl\/index.php\/wp-json\/wp\/v2\/comments?post=7587"}],"version-history":[{"count":1,"href":"https:\/\/zapatrzonawksiazki.pl\/index.php\/wp-json\/wp\/v2\/posts\/7587\/revisions"}],"predecessor-version":[{"id":7593,"href":"https:\/\/zapatrzonawksiazki.pl\/index.php\/wp-json\/wp\/v2\/posts\/7587\/revisions\/7593"}],"wp:featuredmedia":[{"embeddable":true,"href":"https:\/\/zapatrzonawksiazki.pl\/index.php\/wp-json\/wp\/v2\/media\/7589"}],"wp:attachment":[{"href":"https:\/\/zapatrzonawksiazki.pl\/index.php\/wp-json\/wp\/v2\/media?parent=7587"}],"wp:term":[{"taxonomy":"category","embeddable":true,"href":"https:\/\/zapatrzonawksiazki.pl\/index.php\/wp-json\/wp\/v2\/categories?post=7587"},{"taxonomy":"post_tag","embeddable":true,"href":"https:\/\/zapatrzonawksiazki.pl\/index.php\/wp-json\/wp\/v2\/tags?post=7587"}],"curies":[{"name":"wp","href":"https:\/\/api.w.org\/{rel}","templated":true}]}}