{"id":7405,"date":"2020-10-25T16:24:13","date_gmt":"2020-10-25T15:24:13","guid":{"rendered":"http:\/\/zapatrzonawksiazki.pl\/?p=7405"},"modified":"2022-12-04T01:33:08","modified_gmt":"2022-12-04T00:33:08","slug":"jestem-krolewna-katarzyna-strojny","status":"publish","type":"post","link":"https:\/\/zapatrzonawksiazki.pl\/index.php\/2020\/10\/25\/jestem-krolewna-katarzyna-strojny\/","title":{"rendered":"Jestem kr\u00f3lewn\u0105 Katarzyna Strojny"},"content":{"rendered":"<p style=\"text-align: justify;\"><img decoding=\"async\" loading=\"lazy\" class=\"size-medium wp-image-7406 alignleft\" src=\"http:\/\/zapatrzonawksiazki.pl\/wp-content\/uploads\/2022\/12\/jestem-krolewna-b-iext115640232-205x300.jpg\" alt=\"\" width=\"205\" height=\"300\" srcset=\"https:\/\/zapatrzonawksiazki.pl\/wp-content\/uploads\/2022\/12\/jestem-krolewna-b-iext115640232-205x300.jpg 205w, https:\/\/zapatrzonawksiazki.pl\/wp-content\/uploads\/2022\/12\/jestem-krolewna-b-iext115640232-768x1124.jpg 768w, https:\/\/zapatrzonawksiazki.pl\/wp-content\/uploads\/2022\/12\/jestem-krolewna-b-iext115640232-700x1024.jpg 700w, https:\/\/zapatrzonawksiazki.pl\/wp-content\/uploads\/2022\/12\/jestem-krolewna-b-iext115640232.jpg 820w\" sizes=\"(max-width: 205px) 100vw, 205px\" \/>R\u00f3\u017cni nas nie tylko kolor sk\u00f3ry, ale r\u00f3wnie\u017c nasze oczekiwania, potrzeby i marzenia. I chocia\u017c wielu uwa\u017ca inaczej, to nie ma w tym nic z\u0142ego. Innym trudno po prostu zaakceptowa\u0107 i zrozumie\u0107 te wyj\u0105tkowe cechy, kt\u00f3re tworz\u0105 nasz wyj\u0105tkowy obraz.<\/p>\n<h3 style=\"text-align: justify;\">Zarys fabu\u0142y<\/h3>\n<p style=\"text-align: justify;\">R\u00f3\u017ca ma bardzo bujn\u0105 wyobra\u017ani\u0119 i chocia\u017c nara\u017ca j\u0105 to na kpiny ze strony innych, to tego nie ukrywa. Dzi\u0119ki temu jednego dnia jest kr\u00f3lewn\u0105, by na drugi sta\u0107 si\u0119 wr\u00f3\u017ck\u0105. Wchodzi w te postacie ca\u0142ym sercem i jest przy tym bardzo szcz\u0119\u015bliwa. Na szcz\u0119\u015bcie ma u swego boku Karola, kt\u00f3ry akceptuje j\u0105 w ca\u0142o\u015bci i broni przed docinkami innych.<\/p>\n<p style=\"text-align: justify;\"><em>Jestem kr\u00f3lewn\u0105<\/em> to tytu\u0142, kt\u00f3ry trafi\u0142 do nas przypadkowo, ale skuszeni szat\u0105 graficzn\u0105 i opisem dali\u015bmy mu szans\u0119. Trzeba przyzna\u0107, \u017ce ta niepozornie wygl\u0105daj\u0105ca ksi\u0105\u017ceczka potrafi zaintrygowa\u0107 czytelnika w ka\u017cdym wieku.<\/p>\n<h3 style=\"text-align: justify;\">S\u0142\u00f3w kilka o szacie graficznej<\/h3>\n<p style=\"text-align: justify;\">Maciej Plamowski spisa\u0142 si\u0119 rewelacyjnie, bo jego prace s\u0105 jakby namalowane p\u0119dzlem. Pe\u0142ne pastelowych kolor\u00f3w, rozmy\u0107 obraz\u00f3w jak z najpi\u0119kniejszych ba\u015bni. Dynamiczne, ukazuj\u0105ce, to co skryte w tek\u015bcie, wida\u0107 na nich ruch, emocje oraz ciep\u0142o.<\/p>\n<h3 style=\"text-align: justify;\">Moje wra\u017cenia<\/h3>\n<p style=\"text-align: justify;\">Katarzyna Strojny w <em>Jestem kr\u00f3lewn\u0105<\/em> skrywa niezwykle wa\u017cny przekaz. Mo\u017ce si\u0119 wydawa\u0107, \u017ce to przes\u0142odzona opowiastka o kr\u00f3lewnie, ale szybko okazuje si\u0119, \u017ce nic bardziej mylnego. Bohaterami s\u0105 dzieci, wychodz\u0105 na dw\u00f3r si\u0119 pobawi\u0107, ale w r\u00f3\u017cny spos\u00f3b si\u0119 zachowuj\u0105. Z jednej strony mo\u017ce to by\u0107 mi\u0142a historyjka, z drugiej uczy czego\u015b wa\u017cnego. Pokazuje, \u017ce mo\u017cemy by\u0107, kim chcemy i nikt nie ma prawa tego ocenia\u0107. Ka\u017cdy jest, jaki jest i to jest najpi\u0119kniejsze. Daje te\u017c przyk\u0142ad, by reagowa\u0107 na takie z\u0142e traktowanie, okaza\u0107 wsparcie oraz akceptacj\u0119.<\/p>\n<h3 style=\"text-align: justify;\">Na zako\u0144czenie<\/h3>\n<p style=\"text-align: justify;\"><em>Jestem kr\u00f3lewn\u0105<\/em> to ksi\u0105\u017ceczka ma\u0142ych rozmiar\u00f3w, nie ma w niej zbyt du\u017co tre\u015bci, co z pewno\u015bci\u0105 u\u0142atwi samodzielne czytanie pocz\u0105tkuj\u0105cym czytelnikom. Na plus jest r\u00f3wnie\u017c szeroka i du\u017ca czcionka, no i oczywi\u015bcie przepi\u0119kne ilustracje. Sama historia nie nale\u017cy do skomplikowanych, a ukryty w niej przekaz \u0142atwo dostrzec i zrozumie\u0107. I dobrze, bo taki by\u0142 cel tej publikacji, dostarczy\u0107 odrobin\u0119 magii, upewni\u0107 dzieci, \u017ce bez wzgl\u0119du na wszystko warto by\u0107 sob\u0105 i akceptowa\u0107 innych w ca\u0142o\u015bci.<\/p>\n<p style=\"text-align: justify;\"><strong>Autor:<\/strong> Katarzyna Strojny<br \/>\n<strong>Ilustrator:<\/strong> Maciej Plamowski<br \/>\n<strong>Tytu\u0142:<\/strong> Jestem kr\u00f3lewn\u0105<br \/>\n<strong>Wydawnictwo:<\/strong> Media Rodzina<br \/>\n<strong>Wydanie:<\/strong> I<br \/>\n<strong>Data wydania:<\/strong> 2020-10-21<br \/>\n<strong>Kategoria:<\/strong> lit. dzieci\u0119ca (6+)<br \/>\n<strong>ISBN:<\/strong> 9788380087552<br \/>\n<strong>Liczba stron:<\/strong> 40<br \/>\n<img decoding=\"async\" loading=\"lazy\" class=\"aligncenter wp-image-5879 size-large\" src=\"http:\/\/zapatrzonawksiazki.pl\/wp-content\/uploads\/2021\/05\/ocena-Zapatrzona-7-1024x195.png\" alt=\"\" width=\"1024\" height=\"195\" srcset=\"https:\/\/zapatrzonawksiazki.pl\/wp-content\/uploads\/2021\/05\/ocena-Zapatrzona-7-1024x195.png 1024w, https:\/\/zapatrzonawksiazki.pl\/wp-content\/uploads\/2021\/05\/ocena-Zapatrzona-7-300x57.png 300w, https:\/\/zapatrzonawksiazki.pl\/wp-content\/uploads\/2021\/05\/ocena-Zapatrzona-7-768x146.png 768w\" sizes=\"(max-width: 1024px) 100vw, 1024px\" \/><\/p>\n<hr \/>\n<div id='gallery-1' class='gallery galleryid-7405 gallery-columns-3 gallery-size-large'><figure class='gallery-item'>\n\t\t\t<div class='gallery-icon landscape'>\n\t\t\t\t<a href='https:\/\/zapatrzonawksiazki.pl\/index.php\/2020\/10\/25\/jestem-krolewna-katarzyna-strojny\/jestem-krolewna-2-zapatrzonawksiazki-pl\/'><img width=\"1024\" height=\"1024\" src=\"https:\/\/zapatrzonawksiazki.pl\/wp-content\/uploads\/2020\/10\/jestem-krolewna-2-zapatrzonawksiazki-pl-1024x1024.jpg\" class=\"attachment-large size-large\" alt=\"\" decoding=\"async\" loading=\"lazy\" srcset=\"https:\/\/zapatrzonawksiazki.pl\/wp-content\/uploads\/2020\/10\/jestem-krolewna-2-zapatrzonawksiazki-pl-1024x1024.jpg 1024w, https:\/\/zapatrzonawksiazki.pl\/wp-content\/uploads\/2020\/10\/jestem-krolewna-2-zapatrzonawksiazki-pl-150x150.jpg 150w, https:\/\/zapatrzonawksiazki.pl\/wp-content\/uploads\/2020\/10\/jestem-krolewna-2-zapatrzonawksiazki-pl-300x300.jpg 300w, https:\/\/zapatrzonawksiazki.pl\/wp-content\/uploads\/2020\/10\/jestem-krolewna-2-zapatrzonawksiazki-pl-768x768.jpg 768w, https:\/\/zapatrzonawksiazki.pl\/wp-content\/uploads\/2020\/10\/jestem-krolewna-2-zapatrzonawksiazki-pl.jpg 1950w\" sizes=\"(max-width: 1024px) 100vw, 1024px\" \/><\/a>\n\t\t\t<\/div><\/figure><figure class='gallery-item'>\n\t\t\t<div class='gallery-icon landscape'>\n\t\t\t\t<a href='https:\/\/zapatrzonawksiazki.pl\/index.php\/2020\/10\/25\/jestem-krolewna-katarzyna-strojny\/jestem-krolewna-3-zapatrzonawksiazki-pl\/'><img width=\"1024\" height=\"1024\" src=\"https:\/\/zapatrzonawksiazki.pl\/wp-content\/uploads\/2020\/10\/jestem-krolewna-3-zapatrzonawksiazki-pl-1024x1024.jpg\" class=\"attachment-large size-large\" alt=\"\" decoding=\"async\" loading=\"lazy\" srcset=\"https:\/\/zapatrzonawksiazki.pl\/wp-content\/uploads\/2020\/10\/jestem-krolewna-3-zapatrzonawksiazki-pl-1024x1024.jpg 1024w, https:\/\/zapatrzonawksiazki.pl\/wp-content\/uploads\/2020\/10\/jestem-krolewna-3-zapatrzonawksiazki-pl-150x150.jpg 150w, https:\/\/zapatrzonawksiazki.pl\/wp-content\/uploads\/2020\/10\/jestem-krolewna-3-zapatrzonawksiazki-pl-300x300.jpg 300w, https:\/\/zapatrzonawksiazki.pl\/wp-content\/uploads\/2020\/10\/jestem-krolewna-3-zapatrzonawksiazki-pl-768x768.jpg 768w, https:\/\/zapatrzonawksiazki.pl\/wp-content\/uploads\/2020\/10\/jestem-krolewna-3-zapatrzonawksiazki-pl.jpg 1950w\" sizes=\"(max-width: 1024px) 100vw, 1024px\" \/><\/a>\n\t\t\t<\/div><\/figure><figure class='gallery-item'>\n\t\t\t<div class='gallery-icon landscape'>\n\t\t\t\t<a href='https:\/\/zapatrzonawksiazki.pl\/index.php\/2020\/10\/25\/jestem-krolewna-katarzyna-strojny\/jestem-krolewna-4-zapatrzonawksiazki-pl\/'><img width=\"1024\" height=\"1024\" src=\"https:\/\/zapatrzonawksiazki.pl\/wp-content\/uploads\/2020\/10\/jestem-krolewna-4-zapatrzonawksiazki-pl-1024x1024.jpg\" class=\"attachment-large size-large\" alt=\"\" decoding=\"async\" loading=\"lazy\" srcset=\"https:\/\/zapatrzonawksiazki.pl\/wp-content\/uploads\/2020\/10\/jestem-krolewna-4-zapatrzonawksiazki-pl-1024x1024.jpg 1024w, https:\/\/zapatrzonawksiazki.pl\/wp-content\/uploads\/2020\/10\/jestem-krolewna-4-zapatrzonawksiazki-pl-150x150.jpg 150w, https:\/\/zapatrzonawksiazki.pl\/wp-content\/uploads\/2020\/10\/jestem-krolewna-4-zapatrzonawksiazki-pl-300x300.jpg 300w, https:\/\/zapatrzonawksiazki.pl\/wp-content\/uploads\/2020\/10\/jestem-krolewna-4-zapatrzonawksiazki-pl-768x768.jpg 768w, https:\/\/zapatrzonawksiazki.pl\/wp-content\/uploads\/2020\/10\/jestem-krolewna-4-zapatrzonawksiazki-pl.jpg 1950w\" sizes=\"(max-width: 1024px) 100vw, 1024px\" \/><\/a>\n\t\t\t<\/div><\/figure>\n\t\t<\/div>\n\n","protected":false},"excerpt":{"rendered":"<p>R\u00f3\u017cni nas nie tylko kolor sk\u00f3ry, ale r\u00f3wnie\u017c nasze oczekiwania, potrzeby i marzenia. I chocia\u017c wielu uwa\u017ca inaczej, to nie ma w tym nic z\u0142ego. Innym trudno po prostu zaakceptowa\u0107 i zrozumie\u0107 te wyj\u0105tkowe cechy, kt\u00f3re tworz\u0105 nasz wyj\u0105tkowy obraz. Zarys fabu\u0142y R\u00f3\u017ca ma bardzo bujn\u0105 wyobra\u017ani\u0119 i chocia\u017c nara\u017ca j\u0105 to na kpiny ze [&hellip;]<\/p>\n","protected":false},"author":2,"featured_media":7407,"comment_status":"open","ping_status":"open","sticky":false,"template":"","format":"standard","meta":[],"categories":[5,4],"tags":[31,2015,118,15,17],"jetpack_featured_media_url":"https:\/\/zapatrzonawksiazki.pl\/wp-content\/uploads\/2022\/12\/jestem-krolewna-1-zapatrzonawksiazki-pl.jpg","_links":{"self":[{"href":"https:\/\/zapatrzonawksiazki.pl\/index.php\/wp-json\/wp\/v2\/posts\/7405"}],"collection":[{"href":"https:\/\/zapatrzonawksiazki.pl\/index.php\/wp-json\/wp\/v2\/posts"}],"about":[{"href":"https:\/\/zapatrzonawksiazki.pl\/index.php\/wp-json\/wp\/v2\/types\/post"}],"author":[{"embeddable":true,"href":"https:\/\/zapatrzonawksiazki.pl\/index.php\/wp-json\/wp\/v2\/users\/2"}],"replies":[{"embeddable":true,"href":"https:\/\/zapatrzonawksiazki.pl\/index.php\/wp-json\/wp\/v2\/comments?post=7405"}],"version-history":[{"count":3,"href":"https:\/\/zapatrzonawksiazki.pl\/index.php\/wp-json\/wp\/v2\/posts\/7405\/revisions"}],"predecessor-version":[{"id":7413,"href":"https:\/\/zapatrzonawksiazki.pl\/index.php\/wp-json\/wp\/v2\/posts\/7405\/revisions\/7413"}],"wp:featuredmedia":[{"embeddable":true,"href":"https:\/\/zapatrzonawksiazki.pl\/index.php\/wp-json\/wp\/v2\/media\/7407"}],"wp:attachment":[{"href":"https:\/\/zapatrzonawksiazki.pl\/index.php\/wp-json\/wp\/v2\/media?parent=7405"}],"wp:term":[{"taxonomy":"category","embeddable":true,"href":"https:\/\/zapatrzonawksiazki.pl\/index.php\/wp-json\/wp\/v2\/categories?post=7405"},{"taxonomy":"post_tag","embeddable":true,"href":"https:\/\/zapatrzonawksiazki.pl\/index.php\/wp-json\/wp\/v2\/tags?post=7405"}],"curies":[{"name":"wp","href":"https:\/\/api.w.org\/{rel}","templated":true}]}}