{"id":7363,"date":"2022-11-20T15:54:09","date_gmt":"2022-11-20T14:54:09","guid":{"rendered":"http:\/\/zapatrzonawksiazki.pl\/?p=7363"},"modified":"2022-11-20T15:54:09","modified_gmt":"2022-11-20T14:54:09","slug":"jak-zrzedus-chcial-zepsuc-swieta-alex-t-smith","status":"publish","type":"post","link":"https:\/\/zapatrzonawksiazki.pl\/index.php\/2022\/11\/20\/jak-zrzedus-chcial-zepsuc-swieta-alex-t-smith\/","title":{"rendered":"Jak Zrz\u0119dus chcia\u0142 zepsu\u0107 \u015awi\u0119ta Alex T. Smith [ChristmasBooks]"},"content":{"rendered":"<blockquote>\n<p style=\"text-align: justify;\">&#8211; \u015awi\u0119ta [&#8230;]. To jakby \u015bwiat przytuli\u0142 ci\u0119 mocno na koniec roku.*<\/p>\n<\/blockquote>\n<p style=\"text-align: justify;\"><img decoding=\"async\" loading=\"lazy\" class=\"size-medium wp-image-7364 alignleft\" src=\"http:\/\/zapatrzonawksiazki.pl\/wp-content\/uploads\/2022\/11\/Jak-Zrzedus-chcial-zepsuc-swieta-212x300.jpg\" alt=\"\" width=\"212\" height=\"300\" srcset=\"https:\/\/zapatrzonawksiazki.pl\/wp-content\/uploads\/2022\/11\/Jak-Zrzedus-chcial-zepsuc-swieta-212x300.jpg 212w, https:\/\/zapatrzonawksiazki.pl\/wp-content\/uploads\/2022\/11\/Jak-Zrzedus-chcial-zepsuc-swieta-768x1088.jpg 768w, https:\/\/zapatrzonawksiazki.pl\/wp-content\/uploads\/2022\/11\/Jak-Zrzedus-chcial-zepsuc-swieta-723x1024.jpg 723w, https:\/\/zapatrzonawksiazki.pl\/wp-content\/uploads\/2022\/11\/Jak-Zrzedus-chcial-zepsuc-swieta.jpg 847w\" sizes=\"(max-width: 212px) 100vw, 212px\" \/>Ju\u017c na pocz\u0105tku grudnia nie mo\u017cemy doczeka\u0107 si\u0119 Bo\u017cego Narodzenia. Zastanawiamy si\u0119, co tym razem zastaniemy pod choink\u0105, jak udekorujemy dom i co w tym roku pysznego znajdzie si\u0119 na wigilijnym stole. Bywaj\u0105 jednak osoby niecierpi\u0105ce tego czasu i nierozumiej\u0105ce idei \u015bwi\u0105t. Ci\u0119\u017cko w to uwierzy\u0107, a jednak taka jest prawda.<\/p>\n<h3 style=\"text-align: justify;\">Zarys fabu\u0142y<\/h3>\n<p style=\"text-align: justify;\">Zrz\u0119dus jest &#8211; no c\u00f3\u017c &#8211; zrz\u0119d\u0105. Wiecznie naburmuszony i gderliwi, nie lubi praktycznie nikogo i niczego. Jednak najbardziej z wszystkiego, co mo\u017cliwe, nie znosi \u015bwi\u0105t. Denerwuje go wszystko, co zwi\u0105zane z tym czasem i jest wtedy jeszcze bardziej gburowaty i niemi\u0142y dla innych. Dlatego te\u017c, gdy odkrywa, \u017ce ludzie znowu zaczynaj\u0105 przygotowania do Bo\u017cego Narodzenia, postanawia wyruszy\u0107 na Biegun P\u00f3\u0142nocny, by raz na zawsze z tym sko\u0144czy\u0107. Wiadomo jednak, \u017ce plany nie zawsze nam wychodz\u0105. Co takiego spotka Zrz\u0119dusa po drodze?<\/p>\n<p style=\"text-align: justify;\">Alex T. Smith jest nam znany z ksi\u0105\u017ceczki, <em>Winston wraca na \u015bwi\u0119ta<\/em>, kt\u00f3r\u0105 bardzo lubimy. Dlatego, gdy tylko w zapowiedziach pojawi\u0142 si\u0119 nowy tytu\u0142 jego autorstwa, by\u0142o pewne, \u017ce znajdzie si\u0119 w naszych \u0142apkach. <em>Jak Zrz\u0119dus chcia\u0142 zepsu\u0107 \u015awi\u0119ta<\/em> ju\u017c za nami, czy jednak sprosta\u0142 naszym oczekiwaniom?<\/p>\n<h3 style=\"text-align: justify;\">S\u0142\u00f3w kilka o szacie graficznej<\/h3>\n<p style=\"text-align: justify;\">Na pochwa\u0142\u0119 zas\u0142uguje oczywi\u015bcie wydanie, kt\u00f3re zachwyca ju\u017c sam\u0105 ok\u0142adk\u0105. Twarda, w du\u017cym formacie, a do tego z obrazem Zrz\u0119dusa na froncie. Nie ma ten osobnik zbyt mi\u0142ego wyrazu twarzy, a jednak z miejsca budzi sympati\u0119. Bardzo lubimy kresk\u0119 Alexa T. Smitha. Wida\u0107, \u017ce si\u0119 bawi kszta\u0142tami, a jednak ma to sw\u00f3j urok. Fajnie tworzy bohater\u00f3w i ukazuje ich emocje, ruch, dba o ka\u017cdy detal i nadaje temu barw oraz niekiedy nuty humoru.<\/p>\n<h3 style=\"text-align: justify;\">Moje wra\u017cenia<\/h3>\n<p style=\"text-align: justify;\">Alex T. Smith ponownie stworzy\u0142 opowie\u015b\u0107, kt\u00f3ra nie tylko zapewnia rozrywk\u0119 w postaci przygody g\u0142\u00f3wnego bohatera. Bo <em>Jak Zrz\u0119dus chcia\u0142 zepsu\u0107 \u015awi\u0119ta<\/em>, niesie te\u017c za sob\u0105 bardzo wa\u017cne przes\u0142anie. Bez nachalnego moralizowania, mi\u0119dzy kolejnymi wydarzeniami odkrywa przed czytelnikami prawdziwe znaczenie \u015bwi\u0105t. Tak naprawd\u0119, to czytelnik dostrzega je wraz z Zrz\u0119dusem. Autor zadba\u0142 o to, by tre\u015b\u0107 by\u0142a lekka w odbiorze, a nawet stwarza pozory, jakby to on opowiada\u0142 t\u0119 histori\u0119. Zadba\u0142 o to, by by\u0142o zabawnie, wzruszaj\u0105co, no i oczywi\u015bcie troch\u0119 zaskakuj\u0105co.<\/p>\n<h3 style=\"text-align: justify;\">Na zako\u0144czenie<\/h3>\n<p style=\"text-align: justify;\">Musz\u0119 przyzna\u0107, \u017ce nie potrafi\u0119 wskaza\u0107, kto z nas jest bardziej oczarowany Zrz\u0119dusem. Bo ta ksi\u0105\u017cka jest rewelacyjna pod ka\u017cdym mo\u017cliwym wzgl\u0119dem. Podobaj\u0105 si\u0119 nam ilustracje, pomys\u0142 na fabu\u0142\u0119, poczucie humoru autora, posta\u0107 Zrz\u0119dusa i pewnego ma\u0142ego futrzaka. Niesamowite jest to, jak pod p\u0142aszczykiem wyprawy i prze\u017cytych w jej trakcie przyg\u00f3d bohater odkrywa na czym, tak naprawd\u0119 polegaj\u0105 \u015bwi\u0119ta. Fajne jest te\u017c to, \u017ce zachodz\u0105ca w nim przemiana dzieje si\u0119 stopniowo, wbrew niemu samemu, ale j\u0105 dostrzega. Powie\u015b\u0107 dla ca\u0142ej rodziny, idealna do wsp\u00f3lnego czytania, przepi\u0119kna i niezapomniana.<\/p>\n<p style=\"text-align: justify;\"><em>Jak Zrz\u0119dus chcia\u0142 zepsu\u0107 \u015awi\u0119ta<\/em>, jest jedn\u0105 z najlepszych ksi\u0105\u017cek dla dzieci w klimacie \u015bwi\u0105t, jakie czyta\u0142am. I zdecydowanie to nasz numer jeden tego roku. Powie\u015b\u0107 przepe\u0142niona magi\u0105 \u015bwi\u0105t, otula niczym puchowa pierzynka i rozgrzewa serca. Bawi, ale i uczy, co jest najwa\u017cniejsze w czasie \u015bwi\u0105t, jak i w ci\u0105gu ca\u0142ego roku. Szukacie prezentu na Miko\u0142ajki? Ta ksi\u0105\u017cka b\u0119dzie idealnym wyborem.<\/p>\n<p style=\"text-align: justify;\"><a href=\"https:\/\/www.taniaksiazka.pl\/jak-zrzedus-chcial-zepsuc-swieta-alex-t-smith-p-1711874.html\"><em>Jak Zrz\u0119dus chcia\u0142 zepsu\u0107 \u015awi\u0119ta<\/em> otrzyma\u0142am od ksi\u0119garni TaniaKsiazka.pl<\/a>. Zach\u0119cam r\u00f3wnie\u017c do zajrzenia na stron\u0119 ksi\u0119garni po inne <a href=\"https:\/\/www.taniaksiazka.pl\/Nowosci\">nowo\u015bci<\/a>.<\/p>\n<p style=\"text-align: justify;\"><strong>Autor:<\/strong> Alex T. Smith<br \/>\n<strong>Ilustrator:<\/strong> Alex T. Smith<br \/>\n<strong>T\u0142umaczenie:<\/strong> Piotr W. Cholewa<br \/>\n<strong>Tytu\u0142:<\/strong> Jak Zrz\u0119dus chcia\u0142 zepsu\u0107 \u015awi\u0119ta<br \/>\n<strong>Tytu\u0142 orygina\u0142u:<\/strong> The Grumpus: And His Dastardly, Dreadful Christmas Plan<br \/>\n<strong>Wydawnictwo:<\/strong> \u015awietlik<br \/>\n<strong>Wydanie:<\/strong> I<br \/>\n<strong>Data wydania:<\/strong> 2022-10-26<br \/>\n<strong>Kategoria:<\/strong> lit. dzieci\u0119ca (6+)<br \/>\n<strong>ISBN:<\/strong> 9788383210698<br \/>\n<strong>Liczba stron:<\/strong> 176<br \/>\n<img decoding=\"async\" loading=\"lazy\" class=\"aligncenter wp-image-5881 size-large\" src=\"http:\/\/zapatrzonawksiazki.pl\/wp-content\/uploads\/2021\/05\/ocena-Zapatrzona-9-1024x195.png\" alt=\"\" width=\"1024\" height=\"195\" srcset=\"https:\/\/zapatrzonawksiazki.pl\/wp-content\/uploads\/2021\/05\/ocena-Zapatrzona-9-1024x195.png 1024w, https:\/\/zapatrzonawksiazki.pl\/wp-content\/uploads\/2021\/05\/ocena-Zapatrzona-9-300x57.png 300w, https:\/\/zapatrzonawksiazki.pl\/wp-content\/uploads\/2021\/05\/ocena-Zapatrzona-9-768x146.png 768w\" sizes=\"(max-width: 1024px) 100vw, 1024px\" \/><\/p>\n<hr \/>\n<div id='gallery-1' class='gallery galleryid-7363 gallery-columns-3 gallery-size-large'><figure class='gallery-item'>\n\t\t\t<div class='gallery-icon landscape'>\n\t\t\t\t<a href='https:\/\/zapatrzonawksiazki.pl\/index.php\/2022\/11\/20\/jak-zrzedus-chcial-zepsuc-swieta-alex-t-smith\/jak-zrzedus-chcial-zepsuc-swieta-2-zapatrzonawksiazki-pl\/'><img width=\"1024\" height=\"1024\" src=\"https:\/\/zapatrzonawksiazki.pl\/wp-content\/uploads\/2022\/11\/Jak-Zrzedus-chcial-zepsuc-swieta-2-zapatrzonawksiazki-pl-1024x1024.jpg\" class=\"attachment-large size-large\" alt=\"\" decoding=\"async\" loading=\"lazy\" srcset=\"https:\/\/zapatrzonawksiazki.pl\/wp-content\/uploads\/2022\/11\/Jak-Zrzedus-chcial-zepsuc-swieta-2-zapatrzonawksiazki-pl-1024x1024.jpg 1024w, https:\/\/zapatrzonawksiazki.pl\/wp-content\/uploads\/2022\/11\/Jak-Zrzedus-chcial-zepsuc-swieta-2-zapatrzonawksiazki-pl-150x150.jpg 150w, https:\/\/zapatrzonawksiazki.pl\/wp-content\/uploads\/2022\/11\/Jak-Zrzedus-chcial-zepsuc-swieta-2-zapatrzonawksiazki-pl-300x300.jpg 300w, https:\/\/zapatrzonawksiazki.pl\/wp-content\/uploads\/2022\/11\/Jak-Zrzedus-chcial-zepsuc-swieta-2-zapatrzonawksiazki-pl-768x768.jpg 768w, https:\/\/zapatrzonawksiazki.pl\/wp-content\/uploads\/2022\/11\/Jak-Zrzedus-chcial-zepsuc-swieta-2-zapatrzonawksiazki-pl.jpg 1870w\" sizes=\"(max-width: 1024px) 100vw, 1024px\" \/><\/a>\n\t\t\t<\/div><\/figure><figure class='gallery-item'>\n\t\t\t<div class='gallery-icon landscape'>\n\t\t\t\t<a href='https:\/\/zapatrzonawksiazki.pl\/index.php\/2022\/11\/20\/jak-zrzedus-chcial-zepsuc-swieta-alex-t-smith\/jak-zrzedus-chcial-zepsuc-swieta-3-zapatrzonawksiazki-pl\/'><img width=\"1024\" height=\"1024\" src=\"https:\/\/zapatrzonawksiazki.pl\/wp-content\/uploads\/2022\/11\/Jak-Zrzedus-chcial-zepsuc-swieta-3-zapatrzonawksiazki-pl-1024x1024.jpg\" class=\"attachment-large size-large\" alt=\"\" decoding=\"async\" loading=\"lazy\" srcset=\"https:\/\/zapatrzonawksiazki.pl\/wp-content\/uploads\/2022\/11\/Jak-Zrzedus-chcial-zepsuc-swieta-3-zapatrzonawksiazki-pl-1024x1024.jpg 1024w, https:\/\/zapatrzonawksiazki.pl\/wp-content\/uploads\/2022\/11\/Jak-Zrzedus-chcial-zepsuc-swieta-3-zapatrzonawksiazki-pl-150x150.jpg 150w, https:\/\/zapatrzonawksiazki.pl\/wp-content\/uploads\/2022\/11\/Jak-Zrzedus-chcial-zepsuc-swieta-3-zapatrzonawksiazki-pl-300x300.jpg 300w, https:\/\/zapatrzonawksiazki.pl\/wp-content\/uploads\/2022\/11\/Jak-Zrzedus-chcial-zepsuc-swieta-3-zapatrzonawksiazki-pl-768x768.jpg 768w, https:\/\/zapatrzonawksiazki.pl\/wp-content\/uploads\/2022\/11\/Jak-Zrzedus-chcial-zepsuc-swieta-3-zapatrzonawksiazki-pl.jpg 1870w\" sizes=\"(max-width: 1024px) 100vw, 1024px\" \/><\/a>\n\t\t\t<\/div><\/figure><figure class='gallery-item'>\n\t\t\t<div class='gallery-icon landscape'>\n\t\t\t\t<a href='https:\/\/zapatrzonawksiazki.pl\/index.php\/2022\/11\/20\/jak-zrzedus-chcial-zepsuc-swieta-alex-t-smith\/jak-zrzedus-chcial-zepsuc-swieta-4-zapatrzonawksiazki-pl\/'><img width=\"1024\" height=\"1024\" src=\"https:\/\/zapatrzonawksiazki.pl\/wp-content\/uploads\/2022\/11\/Jak-Zrzedus-chcial-zepsuc-swieta-4-zapatrzonawksiazki-pl-1024x1024.jpg\" class=\"attachment-large size-large\" alt=\"\" decoding=\"async\" loading=\"lazy\" srcset=\"https:\/\/zapatrzonawksiazki.pl\/wp-content\/uploads\/2022\/11\/Jak-Zrzedus-chcial-zepsuc-swieta-4-zapatrzonawksiazki-pl-1024x1024.jpg 1024w, https:\/\/zapatrzonawksiazki.pl\/wp-content\/uploads\/2022\/11\/Jak-Zrzedus-chcial-zepsuc-swieta-4-zapatrzonawksiazki-pl-150x150.jpg 150w, https:\/\/zapatrzonawksiazki.pl\/wp-content\/uploads\/2022\/11\/Jak-Zrzedus-chcial-zepsuc-swieta-4-zapatrzonawksiazki-pl-300x300.jpg 300w, https:\/\/zapatrzonawksiazki.pl\/wp-content\/uploads\/2022\/11\/Jak-Zrzedus-chcial-zepsuc-swieta-4-zapatrzonawksiazki-pl-768x768.jpg 768w, https:\/\/zapatrzonawksiazki.pl\/wp-content\/uploads\/2022\/11\/Jak-Zrzedus-chcial-zepsuc-swieta-4-zapatrzonawksiazki-pl.jpg 1870w\" sizes=\"(max-width: 1024px) 100vw, 1024px\" \/><\/a>\n\t\t\t<\/div><\/figure>\n\t\t<\/div>\n\n<hr \/>\n<p style=\"text-align: center;\"><strong>Dzi\u0119kuj\u0119!<\/strong><br \/>\n<img decoding=\"async\" loading=\"lazy\" class=\"size-full wp-image-5931 aligncenter\" src=\"http:\/\/zapatrzonawksiazki.pl\/wp-content\/uploads\/2021\/07\/taniaksiazka.png\" alt=\"\" width=\"180\" height=\"78\" \/><\/p>\n","protected":false},"excerpt":{"rendered":"<p>&#8211; \u015awi\u0119ta [&#8230;]. To jakby \u015bwiat przytuli\u0142 ci\u0119 mocno na koniec roku.* Ju\u017c na pocz\u0105tku grudnia nie mo\u017cemy doczeka\u0107 si\u0119 Bo\u017cego Narodzenia. Zastanawiamy si\u0119, co tym razem zastaniemy pod choink\u0105, jak udekorujemy dom i co w tym roku pysznego znajdzie si\u0119 na wigilijnym stole. Bywaj\u0105 jednak osoby niecierpi\u0105ce tego czasu i nierozumiej\u0105ce idei \u015bwi\u0105t. Ci\u0119\u017cko [&hellip;]<\/p>\n","protected":false},"author":2,"featured_media":7365,"comment_status":"open","ping_status":"open","sticky":false,"template":"","format":"standard","meta":[],"categories":[5,1859,4],"tags":[11,1840,118,17,2001,1389],"jetpack_featured_media_url":"https:\/\/zapatrzonawksiazki.pl\/wp-content\/uploads\/2022\/11\/Jak-Zrzedus-chcial-zepsuc-swieta-1-zapatrzonawksiazki-pl.jpg","_links":{"self":[{"href":"https:\/\/zapatrzonawksiazki.pl\/index.php\/wp-json\/wp\/v2\/posts\/7363"}],"collection":[{"href":"https:\/\/zapatrzonawksiazki.pl\/index.php\/wp-json\/wp\/v2\/posts"}],"about":[{"href":"https:\/\/zapatrzonawksiazki.pl\/index.php\/wp-json\/wp\/v2\/types\/post"}],"author":[{"embeddable":true,"href":"https:\/\/zapatrzonawksiazki.pl\/index.php\/wp-json\/wp\/v2\/users\/2"}],"replies":[{"embeddable":true,"href":"https:\/\/zapatrzonawksiazki.pl\/index.php\/wp-json\/wp\/v2\/comments?post=7363"}],"version-history":[{"count":1,"href":"https:\/\/zapatrzonawksiazki.pl\/index.php\/wp-json\/wp\/v2\/posts\/7363\/revisions"}],"predecessor-version":[{"id":7369,"href":"https:\/\/zapatrzonawksiazki.pl\/index.php\/wp-json\/wp\/v2\/posts\/7363\/revisions\/7369"}],"wp:featuredmedia":[{"embeddable":true,"href":"https:\/\/zapatrzonawksiazki.pl\/index.php\/wp-json\/wp\/v2\/media\/7365"}],"wp:attachment":[{"href":"https:\/\/zapatrzonawksiazki.pl\/index.php\/wp-json\/wp\/v2\/media?parent=7363"}],"wp:term":[{"taxonomy":"category","embeddable":true,"href":"https:\/\/zapatrzonawksiazki.pl\/index.php\/wp-json\/wp\/v2\/categories?post=7363"},{"taxonomy":"post_tag","embeddable":true,"href":"https:\/\/zapatrzonawksiazki.pl\/index.php\/wp-json\/wp\/v2\/tags?post=7363"}],"curies":[{"name":"wp","href":"https:\/\/api.w.org\/{rel}","templated":true}]}}