{"id":736,"date":"2013-09-28T16:11:00","date_gmt":"2013-09-28T16:11:00","guid":{"rendered":"http:\/\/zapatrzonawksiazki.pl\/index.php\/2013\/09\/28\/uginaja-sie-regay-24-zapowiedzinowosci\/"},"modified":"2018-10-07T00:31:57","modified_gmt":"2018-10-07T00:31:57","slug":"uginaja-sie-regay-24-zapowiedzinowosci","status":"publish","type":"post","link":"https:\/\/zapatrzonawksiazki.pl\/index.php\/2013\/09\/28\/uginaja-sie-regay-24-zapowiedzinowosci\/","title":{"rendered":"Uginaj\u0105 si\u0119 rega\u0142y #24, Zapowiedzi\/Nowo\u015bci #18"},"content":{"rendered":"<div style=\"text-align: center;\">\n<i>Co prawda ten wpis mia\u0142 by\u0107 wczoraj, ale aparat odm\u00f3wi\u0142 pos\u0142usze\u0144stwa i nie bardzo chcia\u0142 wsp\u00f3\u0142pracowa\u0107 z moim komputerem. Dzi\u015b jednak jak gdyby nic wszystko dzia\u0142a poprawnie (pozostawi\u0119 to bez komentarza). Moje ograniczenia ostatnimi czasy diabli bior\u0105, ale po prostu nie mog\u0119 si\u0119 oprze\u0107 tym ksi\u0105\u017ck\u0105 \ud83d\ude09 No wychodzi jak wychodzi \ud83d\ude09<\/i><\/div>\n<div style=\"text-align: center;\">\n<i>Dzi\u015b te\u017c b\u0119dzie podw\u00f3jny post, z nadchodz\u0105cych zapowiedzi na ten tydzie\u0144 interesuj\u0105 mnie tylko dwie pozycje i stwierdzi\u0142am, \u017ce doczepie je do tego wpisu, a jutro wrzuc\u0119 recenzj\u0119 \ud83d\ude09<\/i><\/div>\n<div style=\"text-align: center;\">\n<\/div>\n<div style=\"text-align: center;\">\n<a href=\"http:\/\/4.bp.blogspot.com\/-qgzGm9vWz3k\/Ukb3ns9m6uI\/AAAAAAAAHvc\/3ESdmrnqbnY\/s1600\/Pulpit.jpg\" imageanchor=\"1\" style=\"clear: left; float: left; margin-bottom: 1em; margin-right: 1em;\"><img decoding=\"async\" loading=\"lazy\" border=\"0\" height=\"240\" src=\"http:\/\/4.bp.blogspot.com\/-qgzGm9vWz3k\/Ukb3ns9m6uI\/AAAAAAAAHvc\/3ESdmrnqbnY\/s320\/Pulpit.jpg\" width=\"320\" \/><\/a><i><b>&#8220;Dziecko ulicy&#8221; J. Westwater <\/b>to kolejna ksi\u0105\u017cka z serii Pisane przez \u017cycie, kt\u00f3r\u0105 bardzo sobie ceni\u0119 i systematycznie j\u0105 gromadz\u0119. <b>&#8220;Skrawek nieba&#8221; S. Woods <\/b>jest bardziej dla mamy, ale i ja ch\u0119tnie j\u0105 przeczytam, ot dla relaksu. \ud83d\ude09 <b>&#8220;Lista marze\u0144&#8221; L. N. Spielman <\/b>jest podobno troch\u0119 podobna do &#8220;PS. Kocham Ci\u0119&#8221;, kt\u00f3r\u0105 uwielbiam, nie mog\u0142am wi\u0119c odm\u00f3wi\u0107 sobie tej publikacji. \ud83d\ude09 <b>&#8220;Love story&#8221; J. Echols <\/b>postanowi\u0142am przeczyta\u0107, bo du\u017co s\u0142ysza\u0142am\/czyta\u0142am o tej autorce i chcia\u0142abym wiedzie\u0107 z czym to si\u0119 je. \ud83d\ude09 <b>&#8220;Azyl&#8221; I. Sowy <\/b>przyci\u0105ga opisem, niby banalny, niezapowiadaj\u0105cy niczego nowego, a jednak przyci\u0105ga i kusi. <b>&#8220;Przez bezmiar nocy&#8221; V. Rossi <\/b>to kontynuacja &#8220;Przez burz\u0119 ognia&#8221;, ksi\u0105\u017cka bardzo mi si\u0119 podoba\u0142a dlatego te\u017c po prostu musia\u0142am mie\u0107 drug\u0105 cz\u0119\u015b\u0107. Kolejna kontynuacja to <b>&#8220;Cie\u0144 \u017cywio\u0142u&#8221; L. Fallon<\/b>, &#8220;C\u00f3rk\u0119 \u017cywio\u0142u&#8221; (I tom) sko\u0144czy\u0142am w nocy i mimo kilku niedoci\u0105gni\u0119\u0107 podoba\u0142a mi si\u0119. Licz\u0119, \u017ce II tom b\u0119dzie r\u00f3wnie udany, a mo\u017ce nawet lepszy. <b><a href=\"http:\/\/zapatrzonawksiazki.blogspot.com\/2012\/07\/losu-krete-sciezki-wiosna-w-rozanach.html\">&#8220;Wiosn\u0119 w R\u00f3\u017canach&#8221;<\/a> B. Ziembickiej <\/b>mia\u0142am okazj\u0119 czyta\u0107 ju\u017c w pierwszym wydaniu, ale i drugie mnie oczarowa\u0142o. Z przyjemno\u015bci\u0105 powr\u00f3ci\u0142am do dobrze znanych mi bohater\u00f3w. Przed ostatnia ksi\u0105\u017cka to kontynuacja Nocnej Szko\u0142y, <b><a href=\"http:\/\/zapatrzonawksiazki.blogspot.com\/2013\/09\/czy-to-skad-sie-pochodzi-ma-az-takie.html\">&#8220;Dziedzictwo&#8221;<\/a> C. J. Daugherty<\/b> &#8211; przeczytana i jak wida\u0107 zrecenzowana. Nie mog\u0142am si\u0119 jej doczeka\u0107 i gdy tylko dosta\u0142am j\u0105 w moje \u0142apki zacz\u0119\u0142am czyta\u0107. No i ostatnia <b>&#8220;Pi\u0105ta fala&#8221; R. Yancey<\/b>, d\u0142ugo nad ni\u0105 my\u015bla\u0142am i w ko\u0144cu si\u0119 pokusi\u0142am. Jak to z ni\u0105 b\u0119dzie to si\u0119 oka\u017ce. A nie, ostatnia teraz b\u0119dzie. <b>&#8220;Pami\u0119tnik nastolatki 7&#8221; B. Andrzejczuk<\/b> to d\u0142ugo wyczekiwane zako\u0144czenie serii, kt\u00f3ra co prawda jest skierowana do nastolatk\u00f3w, ale porwa\u0142y i mnie. R\u00f3wnie\u017c ju\u017c przeczytana i smutno mi, \u017ce to ju\u017c koniec :(.<\/i><\/div>\n<div style=\"text-align: center;\">\n<\/div>\n<div style=\"text-align: center;\">\n<i>Macie, chcecie mie\u0107, czytali\u015bcie, a mo\u017ce macie w planach? Polecacie co\u015b szczeg\u00f3lnie z tego o nie czyta\u0142am? \ud83d\ude09<\/i><\/div>\n<div style=\"text-align: center;\">\n<\/div>\n<div style=\"text-align: center;\">\n<i><b>***<\/b><\/i><\/div>\n<div style=\"text-align: center;\">\n<\/div>\n<div class=\"separator\" style=\"clear: both; text-align: center;\">\n<a href=\"http:\/\/3.bp.blogspot.com\/-GSymerdvobA\/Ukb7Qnp9TDI\/AAAAAAAAHvo\/kP1TjnFmLfY\/s1600\/zap.now.jpg\" imageanchor=\"1\" style=\"clear: left; float: left; margin-bottom: 1em; margin-right: 1em;\"><img decoding=\"async\" border=\"0\" src=\"http:\/\/3.bp.blogspot.com\/-GSymerdvobA\/Ukb7Qnp9TDI\/AAAAAAAAHvo\/kP1TjnFmLfY\/s1600\/zap.now.jpg\" \/><\/a><\/div>\n<div style=\"text-align: left;\">\n<i><b><u>Zapowiedzi\/nowo\u015bci<\/u> &#8211; <\/b>co tygodniowy cykl nadchodz\u0105cych zapowiedzi wydawniczych. Moje wybory s\u0105 ca\u0142kowicie subiektywne i dokonane pod k\u0105tem moich zainteresowa\u0144 czytelniczych.<\/i><\/div>\n<div style=\"text-align: left;\">\n<i><i>Legenda: <\/i><i><i style=\"mso-bidi-font-style: normal;\">tytu\u0142y s\u0105 podlinkowane i przenosz\u0105 do opisu ksi\u0105\u017cki;<\/i><\/i><br \/>\n<b><i><b><i style=\"mso-bidi-font-style: normal;\">czerwone &#8211; musz\u0119 mie\u0107, &nbsp;<\/i><\/b><\/i><\/b><br \/>\n<b><i><b><i style=\"mso-bidi-font-style: normal;\">zielone &#8211; mam\/w drodze do mnie, &nbsp;<\/i><\/b><\/i><\/b><br \/>\n<b><i><b><i style=\"mso-bidi-font-style: normal;\">niebieskie &#8211; ciekawi\u0105 mnie, ale mog\u0119 na nie poczeka\u0107.<\/i><\/b><\/i><\/b> <\/i><\/div>\n<div style=\"text-align: left;\">\n<\/div>\n<div style=\"text-align: left;\">\n<i><b>Dzisiejszy post w tym temacie jest bardzo kr\u00f3tki, poniewa\u017c moj\u0105 uwag\u0119 zwr\u00f3ci\u0142y tylko dwie pozycje. Ale\u017c jestem z siebie dumna \ud83d\ude00<\/b><\/i><\/div>\n<div style=\"text-align: left;\">\n<\/div>\n<div style=\"text-align: center;\">\n<i><b>***&nbsp;<\/b>&nbsp;<\/i><\/div>\n<div style=\"text-align: center;\">\n<\/div>\n<div class=\"separator\" style=\"clear: both; text-align: center;\">\n<a href=\"http:\/\/1.bp.blogspot.com\/-F5CfHXXg33c\/Ukb9cyxD8wI\/AAAAAAAAHv0\/F2s_7-srmEo\/s1600\/Pulpit1.jpg\" imageanchor=\"1\" style=\"margin-left: 1em; margin-right: 1em;\"><img decoding=\"async\" loading=\"lazy\" border=\"0\" height=\"240\" src=\"http:\/\/1.bp.blogspot.com\/-F5CfHXXg33c\/Ukb9cyxD8wI\/AAAAAAAAHv0\/F2s_7-srmEo\/s320\/Pulpit1.jpg\" width=\"320\" \/><\/a><\/div>\n<p><\/p>\n<div style=\"text-align: center;\">\n<\/div>\n<p><\/p>\n<div style=\"text-align: left;\">\n<\/div>\n<p><i><b><u>01.10.2013<\/u><\/b><\/i><br \/>\n<i><a href=\"http:\/\/www.matras.pl\/to-wszystko-przez-ciebie.html\">To wszystko przez ciebie &#8211; Anna Krpi\u0144ska<\/a> \/ Pr\u00f3szy\u0144ski i S-ka<\/i><\/p>\n<p><i><u><b>03.10.2013<\/b><\/u><b>&nbsp;<\/b><\/i><br \/>\n<i><a href=\"http:\/\/www.matras.pl\/sprobujmy-jeszcze-raz.html\">Spr\u00f3bujmy jeszcze raz &#8211; Abby Chnes<\/a> \/ Pascal<b>&nbsp;<\/b><\/i><\/p>\n<div style=\"text-align: center;\">\n<\/div>\n<div style=\"text-align: center;\">\n<i><b>Ciekawi Was kt\u00f3ry\u015b z tych tytu\u0142\u00f3w? \ud83d\ude09&nbsp;<\/b> <\/i><\/div>\n","protected":false},"excerpt":{"rendered":"<p>Co prawda ten wpis mia\u0142 by\u0107 wczoraj, ale aparat odm\u00f3wi\u0142 pos\u0142usze\u0144stwa i nie bardzo chcia\u0142 wsp\u00f3\u0142pracowa\u0107 z moim komputerem. Dzi\u015b jednak jak gdyby nic wszystko dzia\u0142a poprawnie (pozostawi\u0119 to bez komentarza). Moje ograniczenia ostatnimi czasy diabli bior\u0105, ale po prostu nie mog\u0119 si\u0119 oprze\u0107 tym ksi\u0105\u017ck\u0105 \ud83d\ude09 No wychodzi jak wychodzi \ud83d\ude09 Dzi\u015b te\u017c b\u0119dzie [&hellip;]<\/p>\n","protected":false},"author":2,"featured_media":0,"comment_status":"open","ping_status":"open","sticky":false,"template":"","format":"standard","meta":[],"categories":[1],"tags":[671,247],"jetpack_featured_media_url":"","_links":{"self":[{"href":"https:\/\/zapatrzonawksiazki.pl\/index.php\/wp-json\/wp\/v2\/posts\/736"}],"collection":[{"href":"https:\/\/zapatrzonawksiazki.pl\/index.php\/wp-json\/wp\/v2\/posts"}],"about":[{"href":"https:\/\/zapatrzonawksiazki.pl\/index.php\/wp-json\/wp\/v2\/types\/post"}],"author":[{"embeddable":true,"href":"https:\/\/zapatrzonawksiazki.pl\/index.php\/wp-json\/wp\/v2\/users\/2"}],"replies":[{"embeddable":true,"href":"https:\/\/zapatrzonawksiazki.pl\/index.php\/wp-json\/wp\/v2\/comments?post=736"}],"version-history":[{"count":1,"href":"https:\/\/zapatrzonawksiazki.pl\/index.php\/wp-json\/wp\/v2\/posts\/736\/revisions"}],"predecessor-version":[{"id":2237,"href":"https:\/\/zapatrzonawksiazki.pl\/index.php\/wp-json\/wp\/v2\/posts\/736\/revisions\/2237"}],"wp:attachment":[{"href":"https:\/\/zapatrzonawksiazki.pl\/index.php\/wp-json\/wp\/v2\/media?parent=736"}],"wp:term":[{"taxonomy":"category","embeddable":true,"href":"https:\/\/zapatrzonawksiazki.pl\/index.php\/wp-json\/wp\/v2\/categories?post=736"},{"taxonomy":"post_tag","embeddable":true,"href":"https:\/\/zapatrzonawksiazki.pl\/index.php\/wp-json\/wp\/v2\/tags?post=736"}],"curies":[{"name":"wp","href":"https:\/\/api.w.org\/{rel}","templated":true}]}}