{"id":7200,"date":"2017-09-08T16:38:07","date_gmt":"2017-09-08T14:38:07","guid":{"rendered":"http:\/\/zapatrzonawksiazki.pl\/?p=7200"},"modified":"2022-10-01T23:51:37","modified_gmt":"2022-10-01T21:51:37","slug":"znak-kosci-patricia-briggs","status":"publish","type":"post","link":"https:\/\/zapatrzonawksiazki.pl\/index.php\/2017\/09\/08\/znak-kosci-patricia-briggs\/","title":{"rendered":"Znak ko\u015bci Patricia Briggs"},"content":{"rendered":"<p style=\"text-align: justify;\"><img decoding=\"async\" loading=\"lazy\" class=\"size-medium wp-image-7201 alignleft\" src=\"http:\/\/zapatrzonawksiazki.pl\/wp-content\/uploads\/2022\/10\/znak-kosci-mercedes-thompson-tom-4-b-iext115606854-183x300.jpg\" alt=\"\" width=\"183\" height=\"300\" srcset=\"https:\/\/zapatrzonawksiazki.pl\/wp-content\/uploads\/2022\/10\/znak-kosci-mercedes-thompson-tom-4-b-iext115606854-183x300.jpg 183w, https:\/\/zapatrzonawksiazki.pl\/wp-content\/uploads\/2022\/10\/znak-kosci-mercedes-thompson-tom-4-b-iext115606854.jpg 497w\" sizes=\"(max-width: 183px) 100vw, 183px\" \/>Traumatyczne prze\u017cycia sprawiaj\u0105, \u017ce co\u015b si\u0119 w cz\u0142owieku zmienia. S\u0105 sytuacje, kt\u00f3re ju\u017c na zawsze pozostan\u0105 w g\u0142owie, mo\u017ce zepchni\u0119te gdzie\u015b w czelu\u015bci, ale niezapomniane. I tylko od tej osoby b\u0119dzie zale\u017ca\u0142o, jak wp\u0142yn\u0105 one na dalsze \u017cycie. Czy b\u0119d\u0105 ni\u0105 rz\u0105dzi\u0107 strach i niepewno\u015b\u0107, czy mo\u017ce stanie si\u0119 ostro\u017cniejsza, ale nie da si\u0119 zniszczy\u0107?<\/p>\n<h3 style=\"text-align: justify;\">Zarys fabu\u0142y<\/h3>\n<p style=\"text-align: justify;\">Mercy bardzo chce przekona\u0107 siebie i innych, \u017ce ju\u017c poradzi\u0142a sobie z tym, co spotka\u0142o j\u0105 nie tak dawno temu. Niestety trudno wymaza\u0107 z g\u0142owy te przera\u017caj\u0105ce wspomnienia, a fakt, \u017ce wszyscy w Tri-Cities o tym wiedz\u0105, zupe\u0142nie nie pomaga. Jedno jest dla niej pewne, zrobi wszystko, by poradzi\u0107 sobie ze stresem i nie da\u0107 pokona\u0107 demonom tkwi\u0105cym w niej. Co gorsza, okazuje si\u0119, \u017ce w\u0142a\u015bnie teraz Wampiry wydaj\u0105 wyrok \u015bmierci na kojotk\u0119 i nigdzie nie jest bezpieczna. Dla uspokojenia sytuacji wyrusza do innego miasta, by pom\u00f3c dawnej znajomej. Szybko si\u0119 okazuje, \u017ce nawet poza miejscem zamieszkania k\u0142opoty znajduj\u0105 j\u0105 bez problemu.<\/p>\n<p style=\"text-align: justify;\">Na szcz\u0119\u015bcie na <em>Znak ko\u015bci<\/em> we wznowieniu nie musia\u0142am czeka\u0107 zbyt d\u0142ugo. Po tym, co si\u0119 wydarzy\u0142o w <em>Poca\u0142unku \u017celaza<\/em>, czym pr\u0119dzej chcia\u0142am wr\u00f3ci\u0107 do Mercy i przypomnie\u0107 sobie, jak bohaterka pokonuje tak straszn\u0105 traum\u0119. Ponownie wspomnienia mia\u0142y si\u0119 nijak do prze\u017cywanych na nowo emocji.<\/p>\n<p style=\"text-align: justify;\">Moje wra\u017cenia<\/p>\n<p style=\"text-align: justify;\">Zarzuca si\u0119 czwartemu tomowi, \u017ce jest nieco s\u0142abszy, chaotyczny i zbyt schematyczny. Dla mnie <em>Znak ko\u015bci<\/em> ju\u017c po raz drugi jest rewelacyjn\u0105 kontynuacj\u0105. Fakt, nie jest tak mrocznie i niebezpiecznie, jak w <em>Poca\u0142unku \u017celaza<\/em>, ale um\u00f3wmy si\u0119 &#8211; po ostatnich wydarzeniach bohaterom nale\u017cy si\u0119 troch\u0119 czasu na ogarni\u0119cie si\u0119. Patricia Briggs bardzo realnie i naturalnie ukazuje, jak Mercy zmaga si\u0119 z zespo\u0142em stresu pourazowego. Ponadto musi unikn\u0105\u0107 \u015bmierci z r\u0105k Chmary, wygoni\u0107 ducha z domu dawnej przyjaci\u00f3\u0142ki i poradzi\u0107 sobie w nowej roli partnerki Alfy. No sporo si\u0119 dzieje, ale w moim odczuciu autorka ca\u0142o\u015b\u0107 idealnie \u0142\u0105czy, tworzy zaskakuj\u0105ce i pe\u0142ne emocji zwroty akcji.<\/p>\n<h3 style=\"text-align: justify;\">S\u0142\u00f3w kilka o bohaterach<\/h3>\n<p style=\"text-align: justify;\">Jednym z wielu plus\u00f3w tej serii s\u0105 realnie przedstawieni bohaterowie. Fakt, s\u0105 istotami magicznymi i wyr\u00f3\u017cniaj\u0105 si\u0119 nadzwyczajnymi mocami i umiej\u0119tno\u015bciami, ale w pozosta\u0142ych przypadkach s\u0105 zwyczajnymi lud\u017ami. Maj\u0105 codzienne troski, prac\u0119 i rachunki do p\u0142acenia. Szczeg\u00f3lnie ten realizm wida\u0107 w Mercy, kt\u00f3ra prze\u017cy\u0142a naprawd\u0119 trudne chwile i jej psychika nie mo\u017ce sobie z tym poradzi\u0107. Dodatkowo zawsze by\u0142a samotn\u0105 kojotk\u0105, a teraz musi si\u0119 otworzy\u0107 na innych. Zaufanie, pozwolenie na zajrzenie w g\u0142\u0105b siebie jest naprawd\u0119 trudne. Na du\u017ce uznanie w tym tomie zas\u0142uguje r\u00f3wnie\u017c Stefan, niby nie mo\u017cna mu ufa\u0107, ale co\u015b w nim jest. No i Adam, mo\u017ce faktycznie nadopieku\u0144czy i apodyktyczny, ale ja tam bym chcia\u0142a mie\u0107 faceta, kt\u00f3remu, by tak na mnie zale\u017ca\u0142o.<\/p>\n<h3 style=\"text-align: justify;\">Na zako\u0144czenie<\/h3>\n<p style=\"text-align: justify;\">Dla mnie <em>Znak ko\u015bci<\/em> by\u0142 rewelacyjn\u0105 kontynuacj\u0105, od kt\u00f3rej nie mog\u0142am si\u0119 wr\u0119cz oderwa\u0107. Pasowa\u0142o mi, \u017ce pomimo gro\u017aby \u015bmierci i wpadni\u0119cia w r\u0119ce psychicznego wampira ten tom nie by\u0142 tak mroczny i dramatyczny. Uwa\u017cam, \u017ce to dobry ruch ze strony autork. Nie pozbawi\u0142a swoich czytelnik\u00f3w ca\u0142kowicie niebezpiecznych w\u0105tk\u00f3w, ale bardziej skupi\u0142a si\u0119 na emocjach drzemi\u0105cych w Mercy i uczuciu mi\u0119dzy ni\u0105 a Adamem. Dzi\u0119ki temu \u0142atwo jest mi z\u017cy\u0107 si\u0119 z Mercy, zrozumie\u0107 jej strach i niepewno\u015b\u0107, a przy tym wraz z ni\u0105 pokonywa\u0107 kolejne k\u0142opoty.<\/p>\n<p style=\"text-align: justify;\">My\u015bl\u0119, \u017ce do czwartej cz\u0119\u015bci dotarli ju\u017c tylko fani serii Mercedes Thompson. Inie trzeba was przekonywa\u0107 do kontynuacji. <em>Znak ko\u015bci<\/em> to niezwykle udane urban fantasy. Pe\u0142ne zaskakuj\u0105cych moment\u00f3w, ogromu wra\u017ce\u0144. Jedne w\u0105tki si\u0119 zamykaj\u0105, drugie s\u0105 nadal do wyja\u015bnienia, a trzecie majacz\u0105 gdzie\u015b w oddali. Z pewno\u015bci\u0105 nuda nikomu tu nie grozi.<\/p>\n<p style=\"text-align: justify;\"><strong>Autor:<\/strong> Patricia Briggs<br \/>\n<strong>T\u0142umaczenie:<\/strong> Dominika Schimscheiner<br \/>\n<strong>Tytu\u0142:<\/strong> Znak ko\u015bci<br \/>\n<strong>Tytu\u0142 orygina\u0142u:<\/strong> Bone Crossed<br \/>\n<strong>Wydawnictwo:<\/strong> Fabryka S\u0142\u00f3w<br \/>\n<strong>Wydanie:<\/strong> II<br \/>\n<strong>Data wydania:<\/strong> 2017-09-08<br \/>\n<strong>Kategoria:<\/strong> urban fantasy<br \/>\n<strong>ISBN:<\/strong> 9788375747386<br \/>\n<strong>Liczba stron:<\/strong> 384<br \/>\n<img decoding=\"async\" loading=\"lazy\" class=\"wp-image-5880 size-large aligncenter\" src=\"http:\/\/zapatrzonawksiazki.pl\/wp-content\/uploads\/2021\/05\/ocena-Zapatrzona-8-1024x195.png\" alt=\"\" width=\"1024\" height=\"195\" srcset=\"https:\/\/zapatrzonawksiazki.pl\/wp-content\/uploads\/2021\/05\/ocena-Zapatrzona-8-1024x195.png 1024w, https:\/\/zapatrzonawksiazki.pl\/wp-content\/uploads\/2021\/05\/ocena-Zapatrzona-8-300x57.png 300w, https:\/\/zapatrzonawksiazki.pl\/wp-content\/uploads\/2021\/05\/ocena-Zapatrzona-8-768x146.png 768w\" sizes=\"(max-width: 1024px) 100vw, 1024px\" \/><\/p>\n<p style=\"text-align: center;\">Mercedes Thompson<br \/>\nHomecoming | Zew ksi\u0119\u017cyca | Wi\u0119zy krwi | Poca\u0142unek \u017celaza | <em>Znak ko\u015bci<\/em> | Zrodzony ze srebra | Pi\u0119tno rzeki | \u017bar mrozu | Zam\u0119t nocy | Dotyk ognia | Czas ciszy | Kl\u0105twa burzy | \u015alad dymu | Soul taken<\/p>\n","protected":false},"excerpt":{"rendered":"<p>Traumatyczne prze\u017cycia sprawiaj\u0105, \u017ce co\u015b si\u0119 w cz\u0142owieku zmienia. S\u0105 sytuacje, kt\u00f3re ju\u017c na zawsze pozostan\u0105 w g\u0142owie, mo\u017ce zepchni\u0119te gdzie\u015b w czelu\u015bci, ale niezapomniane. I tylko od tej osoby b\u0119dzie zale\u017ca\u0142o, jak wp\u0142yn\u0105 one na dalsze \u017cycie. Czy b\u0119d\u0105 ni\u0105 rz\u0105dzi\u0107 strach i niepewno\u015b\u0107, czy mo\u017ce stanie si\u0119 ostro\u017cniejsza, ale nie da si\u0119 zniszczy\u0107? [&hellip;]<\/p>\n","protected":false},"author":2,"featured_media":7202,"comment_status":"open","ping_status":"open","sticky":false,"template":"","format":"standard","meta":[],"categories":[5,8,1457,4],"tags":[20,295,768,17,1960,30],"jetpack_featured_media_url":"https:\/\/zapatrzonawksiazki.pl\/wp-content\/uploads\/2022\/10\/znak-kosci-zapatrzonawksiazki-pl.jpg","_links":{"self":[{"href":"https:\/\/zapatrzonawksiazki.pl\/index.php\/wp-json\/wp\/v2\/posts\/7200"}],"collection":[{"href":"https:\/\/zapatrzonawksiazki.pl\/index.php\/wp-json\/wp\/v2\/posts"}],"about":[{"href":"https:\/\/zapatrzonawksiazki.pl\/index.php\/wp-json\/wp\/v2\/types\/post"}],"author":[{"embeddable":true,"href":"https:\/\/zapatrzonawksiazki.pl\/index.php\/wp-json\/wp\/v2\/users\/2"}],"replies":[{"embeddable":true,"href":"https:\/\/zapatrzonawksiazki.pl\/index.php\/wp-json\/wp\/v2\/comments?post=7200"}],"version-history":[{"count":1,"href":"https:\/\/zapatrzonawksiazki.pl\/index.php\/wp-json\/wp\/v2\/posts\/7200\/revisions"}],"predecessor-version":[{"id":7203,"href":"https:\/\/zapatrzonawksiazki.pl\/index.php\/wp-json\/wp\/v2\/posts\/7200\/revisions\/7203"}],"wp:featuredmedia":[{"embeddable":true,"href":"https:\/\/zapatrzonawksiazki.pl\/index.php\/wp-json\/wp\/v2\/media\/7202"}],"wp:attachment":[{"href":"https:\/\/zapatrzonawksiazki.pl\/index.php\/wp-json\/wp\/v2\/media?parent=7200"}],"wp:term":[{"taxonomy":"category","embeddable":true,"href":"https:\/\/zapatrzonawksiazki.pl\/index.php\/wp-json\/wp\/v2\/categories?post=7200"},{"taxonomy":"post_tag","embeddable":true,"href":"https:\/\/zapatrzonawksiazki.pl\/index.php\/wp-json\/wp\/v2\/tags?post=7200"}],"curies":[{"name":"wp","href":"https:\/\/api.w.org\/{rel}","templated":true}]}}