{"id":7174,"date":"2022-08-08T15:21:33","date_gmt":"2022-08-08T13:21:33","guid":{"rendered":"http:\/\/zapatrzonawksiazki.pl\/?p=7174"},"modified":"2022-09-10T01:33:09","modified_gmt":"2022-09-09T23:33:09","slug":"101-dalmatynczykow-didier-le-bornec","status":"publish","type":"post","link":"https:\/\/zapatrzonawksiazki.pl\/index.php\/2022\/08\/08\/101-dalmatynczykow-didier-le-bornec\/","title":{"rendered":"101 dalmaty\u0144czyk\u00f3w Didier le Bornec"},"content":{"rendered":"<blockquote>\n<p style=\"text-align: justify;\">Nie mam czasu na ja\u0142owe dyskusje! Zrobicie to jeszcze tej nocy.*<\/p>\n<\/blockquote>\n<p style=\"text-align: justify;\"><img decoding=\"async\" loading=\"lazy\" class=\"size-medium wp-image-7175 alignleft\" src=\"http:\/\/zapatrzonawksiazki.pl\/wp-content\/uploads\/2022\/09\/101-dalmatynczykow-klasyczne-basnie-disneya-1-196x300.jpg\" alt=\"\" width=\"196\" height=\"300\" srcset=\"https:\/\/zapatrzonawksiazki.pl\/wp-content\/uploads\/2022\/09\/101-dalmatynczykow-klasyczne-basnie-disneya-1-196x300.jpg 196w, https:\/\/zapatrzonawksiazki.pl\/wp-content\/uploads\/2022\/09\/101-dalmatynczykow-klasyczne-basnie-disneya-1.jpg 300w\" sizes=\"(max-width: 196px) 100vw, 196px\" \/>Do szcz\u0119\u015bcia nie trzeba zbyt du\u017co. Wystarczy poczucie bezpiecze\u0144stwa i bliscy, z kt\u00f3rymi chcemy sp\u0119dzi\u0107 reszt\u0119 \u017cycia. Tylko co zrobi\u0107, gdy kto\u015b zagra\u017ca temu, co nam najdro\u017csze?<\/p>\n<h3 style=\"text-align: justify;\">Zarys fabu\u0142y<\/h3>\n<p style=\"text-align: justify;\">Pongo zadba\u0142 nie tylko o swoje szcz\u0119\u015bcie, ale i swojego w\u0142a\u015bciciela. Doprowadzi\u0142 do tego, \u017ce on zwi\u0105za\u0142 si\u0119 z Czik\u0105, a jego pan z jej pani\u0105. Teraz tworz\u0105 szcz\u0119\u015bliw\u0105 rodzin\u0119 i ciesz\u0105 si\u0119 z przyj\u015bcia na \u015bwiat a\u017c 15 szczeni\u0105t. I wszystko by\u0142oby dobrze, gdyby nie Cruella De Mon. Zrobi wszystko, by szczeniaki by\u0142y jej w\u0142asno\u015bci\u0105. Posuwa si\u0119 nawet do tego, \u017ce porywa je i wiele innych i chowa w jednym ze swoich zamk\u00f3w. Do czego jej tyle szczeni\u0105t?<\/p>\n<p style=\"text-align: justify;\">Od zawsze kocha\u0142am psy, wi\u0119c nic dziwnego, \u017ce akurat <em>101 dalmaty\u0144czyk\u00f3w<\/em> jest jedn\u0105 z moich ulubionych Disneyowskich bajek. By\u0142am ciekawa jak odbior\u0119 komiksow\u0105 adaptacj\u0119 tej historii. Czy warto po\u015bwi\u0119ci\u0107 jej czas?<\/p>\n<h3 style=\"text-align: justify;\">Moje wra\u017cenia<\/h3>\n<p style=\"text-align: justify;\">Komiks ten jest oparty na motywach ksi\u0105\u017cki z 1956 The Hundred and One Dodie Smith, a sama histori\u0119 znaj\u0105 chyba wszyscy. Zw\u0142aszcza \u017ce wyprodukowano wiele r\u00f3\u017cnych produkcji tej opowie\u015bci oraz jej kontynuacji, i jak mo\u017cna si\u0119 domy\u015bli\u0107, by\u0142y wielkimi hitami. Musz\u0119 te\u017c przyzna\u0107, \u017ce komiksowa adaptacja ma spore szanse do\u0142\u0105czy\u0107 do tego grona. Bo komiks ten jest naprawd\u0119 dobry. O ile w <em>Kr\u00f3lu Lwie<\/em> zauwa\u017ca\u0142am brak kilku kluczowych scen, o tyle teraz nie mam z tym problemu. Tre\u015b\u0107 jest dostosowana do wieku odbiorcy, proste zdania, bez zb\u0119dnej brutalno\u015bci. Wiernie oddaje fabu\u0142\u0119 i dostarcza wielu emocji. Podoba\u0142o mi si\u0119 to dostosowanie do wieku dziecka oraz wsp\u00f3\u0142czesnych czas\u00f3w, a jednak zachowanie klasycznej wersji.<\/p>\n<h3 style=\"text-align: justify;\">S\u0142\u00f3w kilka o szacie graficznej<\/h3>\n<p style=\"text-align: justify;\">Usztywniona ok\u0142adka wytrzyma wielokrotne czytanie, a kredowy papier sprawia, \u017ce czytanie jest przyjemniejsze. Najwa\u017cniejsze s\u0105 jednak tutaj ilustracje i Jos\u00e9 Ram\u00f3n Bernard\u00f3 z pewno\u015bci\u0105 sprosta\u0142 zadaniu. Patrz\u0105c na jego prac\u0119 mam wra\u017cenie, jakbym ogl\u0105da\u0142a klatki z bajki. Postacie, wydarzenia oraz otoczenie &#8211; wszystko jest takie podobne. I uwa\u017cam to za ogromny plus.<\/p>\n<h3 style=\"text-align: justify;\">Na zako\u0144czenie<\/h3>\n<p style=\"text-align: justify;\"><em>101 dalmaty\u0144czyk\u00f3w<\/em> w tej wersji to nie tylko sama opowie\u015b\u0107, ale te\u017c przedstawienie na pocz\u0105tku wszystkich bohater\u00f3w oraz na samym ko\u0144cu troch\u0119 wspomnie\u0144 w postaci ilustracji, kt\u00f3rych nie by\u0142o u\u017cytych w historii. To fajny dodatek, kt\u00f3ry pozwoli pozna\u0107 postacie i odrobin\u0119 przed\u0142u\u017cy\u0107 przyjemno\u015b\u0107 przebywania w tak fajnym towarzystwie. Co do samej historii, chocia\u017c znam j\u0105 na pami\u0119\u0107, to z zainteresowaniem \u015bledzi\u0142am kolejne wydarzenia i wraz z bohaterami wszystko prze\u017cywa\u0142y\u015bmy razem ze Starsz\u0105. To historia, kt\u00f3ra niewa\u017cne ile razy czy czytana, czy ogl\u0105dana, b\u0119dzie wzbudza\u0107 emocje.<\/p>\n<p style=\"text-align: justify;\"><em>101 dalmaty\u0144czyk\u00f3w<\/em> w wersji komiksowej zda\u0142y u mnie test. Zeszyt jest fajnie zrealizowany i przypada do gustu dzieciom. Potworki z zainteresowaniem s\u0142uchali i przygl\u0105dali si\u0119 ilustracjom. Warto mie\u0107 go na p\u00f3\u0142ce razem z Kr\u00f3lem Lwem i kolejnymi, kt\u00f3re maj\u0105 si\u0119 jeszcze ukaza\u0107.<\/p>\n<p style=\"text-align: justify;\"><strong>Scenariusz:<\/strong> Didier Le Bornec<br \/>\n<strong>Ilustrator:<\/strong> Jos\u00e9 Ram\u00f3n Bernard\u00f3<br \/>\n<strong>T\u0142umaczenie:<\/strong> Mateusz Lis<br \/>\n<strong>Tytu\u0142:<\/strong> 101 dalmaty\u0144czyk\u00f3w<br \/>\n<strong>Tytu\u0142 orygina\u0142u:<\/strong> 101 dalmatians<br \/>\n<strong>Wydawnictwo:<\/strong> Egmont<br \/>\n<strong>Wydanie:<\/strong> I<br \/>\n<strong>Data wydania:<\/strong> 2021-04-14<br \/>\n<strong>Kategoria:<\/strong> fantastyka<br \/>\n<strong>ISBN:<\/strong> 9788328159655<br \/>\n<strong>Liczba stron:<\/strong> 64<br \/>\n<img decoding=\"async\" loading=\"lazy\" class=\"aligncenter wp-image-5879 size-large\" src=\"http:\/\/zapatrzonawksiazki.pl\/wp-content\/uploads\/2021\/05\/ocena-Zapatrzona-7-1024x195.png\" alt=\"\" width=\"1024\" height=\"195\" srcset=\"https:\/\/zapatrzonawksiazki.pl\/wp-content\/uploads\/2021\/05\/ocena-Zapatrzona-7-1024x195.png 1024w, https:\/\/zapatrzonawksiazki.pl\/wp-content\/uploads\/2021\/05\/ocena-Zapatrzona-7-300x57.png 300w, https:\/\/zapatrzonawksiazki.pl\/wp-content\/uploads\/2021\/05\/ocena-Zapatrzona-7-768x146.png 768w\" sizes=\"(max-width: 1024px) 100vw, 1024px\" \/><\/p>\n<hr \/>\n<div id='gallery-1' class='gallery galleryid-7174 gallery-columns-3 gallery-size-large'><figure class='gallery-item'>\n\t\t\t<div class='gallery-icon landscape'>\n\t\t\t\t<a href='https:\/\/zapatrzonawksiazki.pl\/index.php\/2022\/08\/08\/101-dalmatynczykow-didier-le-bornec\/101-dalmatynczykow-klasyczne-basnie-disneya-2-zapatrzonawksiazki-pl\/'><img width=\"660\" height=\"660\" src=\"https:\/\/zapatrzonawksiazki.pl\/wp-content\/uploads\/2022\/09\/101-dalmatynczykow-klasyczne-basnie-disneya-2-zapatrzonawksiazki-pl.jpg\" class=\"attachment-large size-large\" alt=\"\" decoding=\"async\" loading=\"lazy\" srcset=\"https:\/\/zapatrzonawksiazki.pl\/wp-content\/uploads\/2022\/09\/101-dalmatynczykow-klasyczne-basnie-disneya-2-zapatrzonawksiazki-pl.jpg 660w, https:\/\/zapatrzonawksiazki.pl\/wp-content\/uploads\/2022\/09\/101-dalmatynczykow-klasyczne-basnie-disneya-2-zapatrzonawksiazki-pl-150x150.jpg 150w, https:\/\/zapatrzonawksiazki.pl\/wp-content\/uploads\/2022\/09\/101-dalmatynczykow-klasyczne-basnie-disneya-2-zapatrzonawksiazki-pl-300x300.jpg 300w\" sizes=\"(max-width: 660px) 100vw, 660px\" \/><\/a>\n\t\t\t<\/div><\/figure><figure class='gallery-item'>\n\t\t\t<div class='gallery-icon landscape'>\n\t\t\t\t<a href='https:\/\/zapatrzonawksiazki.pl\/index.php\/2022\/08\/08\/101-dalmatynczykow-didier-le-bornec\/101-dalmatynczykow-klasyczne-basnie-disneya-3-zapatrzonawksiazki-pl\/'><img width=\"660\" height=\"660\" src=\"https:\/\/zapatrzonawksiazki.pl\/wp-content\/uploads\/2022\/09\/101-dalmatynczykow-klasyczne-basnie-disneya-3-zapatrzonawksiazki-pl.jpg\" class=\"attachment-large size-large\" alt=\"\" decoding=\"async\" loading=\"lazy\" srcset=\"https:\/\/zapatrzonawksiazki.pl\/wp-content\/uploads\/2022\/09\/101-dalmatynczykow-klasyczne-basnie-disneya-3-zapatrzonawksiazki-pl.jpg 660w, https:\/\/zapatrzonawksiazki.pl\/wp-content\/uploads\/2022\/09\/101-dalmatynczykow-klasyczne-basnie-disneya-3-zapatrzonawksiazki-pl-150x150.jpg 150w, https:\/\/zapatrzonawksiazki.pl\/wp-content\/uploads\/2022\/09\/101-dalmatynczykow-klasyczne-basnie-disneya-3-zapatrzonawksiazki-pl-300x300.jpg 300w\" sizes=\"(max-width: 660px) 100vw, 660px\" \/><\/a>\n\t\t\t<\/div><\/figure><figure class='gallery-item'>\n\t\t\t<div class='gallery-icon landscape'>\n\t\t\t\t<a href='https:\/\/zapatrzonawksiazki.pl\/index.php\/2022\/08\/08\/101-dalmatynczykow-didier-le-bornec\/101-dalmatynczykow-klasyczne-basnie-disneya-4-zapatrzonawksiazki-pl\/'><img width=\"660\" height=\"660\" src=\"https:\/\/zapatrzonawksiazki.pl\/wp-content\/uploads\/2022\/09\/101-dalmatynczykow-klasyczne-basnie-disneya-4-zapatrzonawksiazki-pl.jpg\" class=\"attachment-large size-large\" alt=\"\" decoding=\"async\" loading=\"lazy\" srcset=\"https:\/\/zapatrzonawksiazki.pl\/wp-content\/uploads\/2022\/09\/101-dalmatynczykow-klasyczne-basnie-disneya-4-zapatrzonawksiazki-pl.jpg 660w, https:\/\/zapatrzonawksiazki.pl\/wp-content\/uploads\/2022\/09\/101-dalmatynczykow-klasyczne-basnie-disneya-4-zapatrzonawksiazki-pl-150x150.jpg 150w, https:\/\/zapatrzonawksiazki.pl\/wp-content\/uploads\/2022\/09\/101-dalmatynczykow-klasyczne-basnie-disneya-4-zapatrzonawksiazki-pl-300x300.jpg 300w\" sizes=\"(max-width: 660px) 100vw, 660px\" \/><\/a>\n\t\t\t<\/div><\/figure>\n\t\t<\/div>\n\n<hr \/>\n<p style=\"text-align: center;\"><strong>Dzi\u0119kuj\u0119!<\/strong><br \/>\n<img decoding=\"async\" loading=\"lazy\" class=\"size-medium wp-image-5924 aligncenter\" src=\"http:\/\/zapatrzonawksiazki.pl\/wp-content\/uploads\/2021\/07\/duzeKa-300x151.jpg\" alt=\"\" width=\"300\" height=\"151\" srcset=\"https:\/\/zapatrzonawksiazki.pl\/wp-content\/uploads\/2021\/07\/duzeKa-300x151.jpg 300w, https:\/\/zapatrzonawksiazki.pl\/wp-content\/uploads\/2021\/07\/duzeKa.jpg 350w\" sizes=\"(max-width: 300px) 100vw, 300px\" \/><\/p>\n","protected":false},"excerpt":{"rendered":"<p>Nie mam czasu na ja\u0142owe dyskusje! Zrobicie to jeszcze tej nocy.* Do szcz\u0119\u015bcia nie trzeba zbyt du\u017co. Wystarczy poczucie bezpiecze\u0144stwa i bliscy, z kt\u00f3rymi chcemy sp\u0119dzi\u0107 reszt\u0119 \u017cycia. Tylko co zrobi\u0107, gdy kto\u015b zagra\u017ca temu, co nam najdro\u017csze? Zarys fabu\u0142y Pongo zadba\u0142 nie tylko o swoje szcz\u0119\u015bcie, ale i swojego w\u0142a\u015bciciela. Doprowadzi\u0142 do tego, \u017ce [&hellip;]<\/p>\n","protected":false},"author":2,"featured_media":7176,"comment_status":"open","ping_status":"open","sticky":false,"template":"","format":"standard","meta":[],"categories":[1778,4],"tags":[31,1980,61,121,12,17],"jetpack_featured_media_url":"https:\/\/zapatrzonawksiazki.pl\/wp-content\/uploads\/2022\/09\/101-dalmatynczykow-klasyczne-basnie-disneya-1-zapatrzonawksiazki-pl.jpg","_links":{"self":[{"href":"https:\/\/zapatrzonawksiazki.pl\/index.php\/wp-json\/wp\/v2\/posts\/7174"}],"collection":[{"href":"https:\/\/zapatrzonawksiazki.pl\/index.php\/wp-json\/wp\/v2\/posts"}],"about":[{"href":"https:\/\/zapatrzonawksiazki.pl\/index.php\/wp-json\/wp\/v2\/types\/post"}],"author":[{"embeddable":true,"href":"https:\/\/zapatrzonawksiazki.pl\/index.php\/wp-json\/wp\/v2\/users\/2"}],"replies":[{"embeddable":true,"href":"https:\/\/zapatrzonawksiazki.pl\/index.php\/wp-json\/wp\/v2\/comments?post=7174"}],"version-history":[{"count":1,"href":"https:\/\/zapatrzonawksiazki.pl\/index.php\/wp-json\/wp\/v2\/posts\/7174\/revisions"}],"predecessor-version":[{"id":7180,"href":"https:\/\/zapatrzonawksiazki.pl\/index.php\/wp-json\/wp\/v2\/posts\/7174\/revisions\/7180"}],"wp:featuredmedia":[{"embeddable":true,"href":"https:\/\/zapatrzonawksiazki.pl\/index.php\/wp-json\/wp\/v2\/media\/7176"}],"wp:attachment":[{"href":"https:\/\/zapatrzonawksiazki.pl\/index.php\/wp-json\/wp\/v2\/media?parent=7174"}],"wp:term":[{"taxonomy":"category","embeddable":true,"href":"https:\/\/zapatrzonawksiazki.pl\/index.php\/wp-json\/wp\/v2\/categories?post=7174"},{"taxonomy":"post_tag","embeddable":true,"href":"https:\/\/zapatrzonawksiazki.pl\/index.php\/wp-json\/wp\/v2\/tags?post=7174"}],"curies":[{"name":"wp","href":"https:\/\/api.w.org\/{rel}","templated":true}]}}