{"id":7046,"date":"2022-07-17T17:21:34","date_gmt":"2022-07-17T15:21:34","guid":{"rendered":"http:\/\/zapatrzonawksiazki.pl\/?p=7046"},"modified":"2022-07-21T03:34:21","modified_gmt":"2022-07-21T01:34:21","slug":"kiedy-mija-zachwyt-jerome-hamon","status":"publish","type":"post","link":"https:\/\/zapatrzonawksiazki.pl\/index.php\/2022\/07\/17\/kiedy-mija-zachwyt-jerome-hamon\/","title":{"rendered":"Kiedy mija zachwyt J\u00e9r\u00f4me Hamon"},"content":{"rendered":"<p style=\"text-align: justify;\"><img decoding=\"async\" loading=\"lazy\" class=\"size-medium wp-image-7047 alignleft\" src=\"http:\/\/zapatrzonawksiazki.pl\/wp-content\/uploads\/2022\/07\/kiedy-mija-zachwyt-emma-i-wioletta-tom-3-1-223x300.jpg\" alt=\"\" width=\"223\" height=\"300\" srcset=\"https:\/\/zapatrzonawksiazki.pl\/wp-content\/uploads\/2022\/07\/kiedy-mija-zachwyt-emma-i-wioletta-tom-3-1-223x300.jpg 223w, https:\/\/zapatrzonawksiazki.pl\/wp-content\/uploads\/2022\/07\/kiedy-mija-zachwyt-emma-i-wioletta-tom-3-1.jpg 300w\" sizes=\"(max-width: 223px) 100vw, 223px\" \/>Nowe wyzwania zawsze nas ekscytuj\u0105, nie mo\u017cemy si\u0119 doczeka\u0107 nieznanego, tego czego si\u0119 nauczymy, budowania kolejnych wspomnie\u0144 i zdobywania wiedzy. Jeste\u015bmy spragnieni tego, co przed nami. Czasami, gdy bywa trudno, dostrzegamy, \u017ce nasz zachwyt ulatuje, wtedy nadchodzi czas na odpowied\u017a sobie, czy to jest to, co rzeczywi\u015bcie chcemy robi\u0107.<\/p>\n<h3 style=\"text-align: justify;\">Zarys fabu\u0142y<\/h3>\n<p style=\"text-align: justify;\">Emma i Wioletta teraz, jak nigdy wcze\u015bniej czuj\u0105, \u017ce ich zapa\u0142 s\u0142abnie. Postawione przed sob\u0105 wyzwania, oczekiwania i pr\u00f3ba zadowolenia innych mocno wp\u0142ywa na siostry. Czy\u00a0poradz\u0105 sobie z takim stresem, zw\u0142aszcza \u017ce nie maj\u0105 zbyt du\u017co czasu, by poradzi\u0107 sobie z chaosem w g\u0142owie i sercu. Przed Wiolett\u0105 pierwszy spektakl wystawiany przez Oper\u0119 Parysk\u0105, Emma daje za\u015b siebie wszystko, by m\u00f3c ze swoim zespo\u0142em hip-hopowym wzi\u0105\u0107 udzia\u0142 w castingu. Obie czuj\u0105 jednak, \u017ce to za ma\u0142o\u2026<\/p>\n<p style=\"text-align: justify;\">Z ut\u0119sknieniem czekam na kolejne zeszyty z serii Emma i Wioletta. <em>Kiedy mija zachwyt<\/em> to dopiero trzeci tom, ale zd\u0105\u017cy\u0142am ju\u017c polubi\u0107 t\u0119 histori\u0119. Jestem ogromnie ciekawa, jak potocz\u0105 si\u0119 dalsze losy si\u00f3str oraz jak one same b\u0119d\u0105 na te wszystkie zmiany reagowa\u0107.<\/p>\n<h3 style=\"text-align: justify;\">S\u0142\u00f3w kilka o szacie graficznej<\/h3>\n<p style=\"text-align: justify;\">Swoimi pracami Lena Sayaphoum zachwyci\u0142a mnie od samego pocz\u0105tku i z ka\u017cdym kolejnym zeszytem utwierdzam si\u0119 w swoim zdaniu. Jej kreska cechuje si\u0119 du\u017c\u0105 pewno\u015bci\u0105, ale zarazem delikatno\u015bci\u0105. Uwielbiam, \u017ce bawi si\u0119 nat\u0119\u017ceniem \u015bwiat\u0142a, przez co jasne kadry pojawiaj\u0105 si\u0119 na zmian\u0119 z tymi ciemnymi. Ilustratorka \u015bwietnie radzi sobie z oddaniem emocji oraz ruchu w swoich pracach. W tej cz\u0119\u015bci wida\u0107 to niezwykle mocno. Artystka robi jakby przybli\u017cenia na bohaterki podczas ta\u0144ca, pokazuje ka\u017cdy krok, gest r\u0119ki. No naprawd\u0119 robi to ogromne wra\u017cenie.<\/p>\n<h3 style=\"text-align: justify;\">Moje wra\u017cenia<\/h3>\n<p style=\"text-align: justify;\">Nadal uwa\u017cam, \u017ce Jerome Hamon wie jak trafi\u0107 do nastoletniego czytelnika. Pisze bowiem o ta\u0144cu, ale r\u00f3wnie\u017c o \u017cyciu poza nim. Wspomina o przyja\u017aniach, sercowych problemach, skrajnych emocjach oraz odkrywaniu swoich pragnie\u0144. Wszystko to w lekkim stylu, bez moralizowania, z du\u017c\u0105 dawk\u0105 emocji i zaanga\u017cowania. <em>Kiedy mija zachwyt<\/em> to tak naprawd\u0119 kilka chwil, ale dzieje si\u0119 w nich tak du\u017co, \u017ce naprawd\u0119 umieszczenie tylu wa\u017cnych spraw na niespe\u0142na 50 stronach budzi podziw.<\/p>\n<h3 style=\"text-align: justify;\">Na zako\u0144czenie<\/h3>\n<p style=\"text-align: justify;\"><em>Kiedy mija zachwyt<\/em> to \u015bwietna bezpo\u015brednia kontynuacja, w kt\u00f3rej pokazane jest, jak wymagaj\u0105cy bywa taniec. Ile si\u0142y i wyrzecze\u0144 wymaga od tancerzy, a przecie\u017c \u017cycie to nie tylko ci\u0105gle \u0107wiczenia i doskonalenie swoich umiej\u0119tno\u015bci. Ka\u017cdy potrzebuje w nim r\u00f3wnie\u017c miejsca na mi\u0142o\u015b\u0107, przyja\u017a\u0144 czy te\u017c rodzin\u0119. Fajnie s\u0105 ukazane tutaj relacje, nie tylko rodzinne, ale r\u00f3wnie\u017c w\u015br\u00f3d przyjaci\u00f3\u0142 czy mi\u0119dzy parami. W dalszym ci\u0105gu podoba mi si\u0119 ukazanie w\u0142a\u015bnie rodziny si\u00f3str, nie jest idealna, a jednak kochaj\u0105ca. My\u015bl\u0119, \u017ce nie tylko dziewczyny si\u0119 tutaj du\u017co ucz\u0105, ale i ich mama.<\/p>\n<p style=\"text-align: justify;\">Jak zawsze dla mnie by\u0142o za kr\u00f3tko, nawet przygl\u0105daj\u0105c si\u0119 ka\u017cdej ilustracji <em>Kiedy mija zachwyt<\/em>, poch\u0142on\u0119\u0142am ekspresowo. Opr\u00f3cz tego, \u017ce dziewczyny nadal ucz\u0105 si\u0119 siebie, ta cz\u0119\u015b\u0107 pokazuje, \u017ce mo\u017cna mie\u0107 marzenia i do nich d\u0105\u017cy\u0107, ale trzeba pami\u0119ta\u0107, \u017ce zdarzaj\u0105 si\u0119 potkni\u0119cia lub mo\u017cna poczu\u0107 strach przed tym, co mamy zrobi\u0107. To naturalne. Emma i Wioletta to jedna z lepszych serii m\u0142odzie\u017cowych, kt\u00f3r\u0105 polecam ka\u017cdemu. Jest rewelacyjna, m\u0105drze napisana, z ca\u0142\u0105 mas\u0105 emocji i bohaterami, kt\u00f3rych mo\u017cna by by\u0142o spotka\u0107 tu\u017c za rogiem.<\/p>\n<p style=\"text-align: justify;\"><strong>Scenariusz:<\/strong> Jerome Hamon<br \/>\n<strong>Rysunki:<\/strong> Lena Sayaphoum<br \/>\n<strong>T\u0142umaczenie:<\/strong> Maria Mosiewicz<br \/>\n<strong>Tytu\u0142:<\/strong> Kiedy mija zachwyt<br \/>\n<strong>Tytu\u0142 orygina\u0142u:<\/strong> Quand les paillettes disparaissent<br \/>\n<strong>Wydawnictwo:<\/strong> Egmont<br \/>\n<strong>Wydanie:<\/strong> I<br \/>\n<strong>Data wydania:<\/strong> 2022-06-29<br \/>\n<strong>Kategoria:<\/strong> lit. m\u0142odzie\u017cowa<br \/>\n<strong>ISBN:<\/strong> 9788328150836<br \/>\n<strong>Liczba stron:<\/strong> 48<br \/>\n<img decoding=\"async\" loading=\"lazy\" class=\"aligncenter wp-image-5880 size-large\" src=\"http:\/\/zapatrzonawksiazki.pl\/wp-content\/uploads\/2021\/05\/ocena-Zapatrzona-8-1024x195.png\" alt=\"\" width=\"1024\" height=\"195\" srcset=\"https:\/\/zapatrzonawksiazki.pl\/wp-content\/uploads\/2021\/05\/ocena-Zapatrzona-8-1024x195.png 1024w, https:\/\/zapatrzonawksiazki.pl\/wp-content\/uploads\/2021\/05\/ocena-Zapatrzona-8-300x57.png 300w, https:\/\/zapatrzonawksiazki.pl\/wp-content\/uploads\/2021\/05\/ocena-Zapatrzona-8-768x146.png 768w\" sizes=\"(max-width: 1024px) 100vw, 1024px\" \/><\/p>\n<p style=\"text-align: center;\">Emma i Wioletta<br \/>\nMarzenia | Pierwsze w\u0105tpliwo\u015bci | <em>Kiedy mija zachwyt<\/em><\/p>\n<hr \/>\n<div id='gallery-1' class='gallery galleryid-7046 gallery-columns-3 gallery-size-large'><figure class='gallery-item'>\n\t\t\t<div class='gallery-icon landscape'>\n\t\t\t\t<a href='https:\/\/zapatrzonawksiazki.pl\/index.php\/2022\/07\/17\/kiedy-mija-zachwyt-jerome-hamon\/kiedy-mija-zachwyt-2-zapatrzonawksiazki-pl\/'><img width=\"1024\" height=\"1024\" src=\"https:\/\/zapatrzonawksiazki.pl\/wp-content\/uploads\/2022\/07\/kiedy-mija-zachwyt-2-zapatrzonawksiazki-pl-1024x1024.jpg\" class=\"attachment-large size-large\" alt=\"\" decoding=\"async\" loading=\"lazy\" srcset=\"https:\/\/zapatrzonawksiazki.pl\/wp-content\/uploads\/2022\/07\/kiedy-mija-zachwyt-2-zapatrzonawksiazki-pl-1024x1024.jpg 1024w, https:\/\/zapatrzonawksiazki.pl\/wp-content\/uploads\/2022\/07\/kiedy-mija-zachwyt-2-zapatrzonawksiazki-pl-150x150.jpg 150w, https:\/\/zapatrzonawksiazki.pl\/wp-content\/uploads\/2022\/07\/kiedy-mija-zachwyt-2-zapatrzonawksiazki-pl-300x300.jpg 300w, https:\/\/zapatrzonawksiazki.pl\/wp-content\/uploads\/2022\/07\/kiedy-mija-zachwyt-2-zapatrzonawksiazki-pl-768x768.jpg 768w, https:\/\/zapatrzonawksiazki.pl\/wp-content\/uploads\/2022\/07\/kiedy-mija-zachwyt-2-zapatrzonawksiazki-pl.jpg 1870w\" sizes=\"(max-width: 1024px) 100vw, 1024px\" \/><\/a>\n\t\t\t<\/div><\/figure><figure class='gallery-item'>\n\t\t\t<div class='gallery-icon landscape'>\n\t\t\t\t<a href='https:\/\/zapatrzonawksiazki.pl\/index.php\/2022\/07\/17\/kiedy-mija-zachwyt-jerome-hamon\/kiedy-mija-zachwyt-3-zapatrzonawksiazki-pl\/'><img width=\"1024\" height=\"1024\" src=\"https:\/\/zapatrzonawksiazki.pl\/wp-content\/uploads\/2022\/07\/kiedy-mija-zachwyt-3-zapatrzonawksiazki-pl-1024x1024.jpg\" class=\"attachment-large size-large\" alt=\"\" decoding=\"async\" loading=\"lazy\" srcset=\"https:\/\/zapatrzonawksiazki.pl\/wp-content\/uploads\/2022\/07\/kiedy-mija-zachwyt-3-zapatrzonawksiazki-pl-1024x1024.jpg 1024w, https:\/\/zapatrzonawksiazki.pl\/wp-content\/uploads\/2022\/07\/kiedy-mija-zachwyt-3-zapatrzonawksiazki-pl-150x150.jpg 150w, https:\/\/zapatrzonawksiazki.pl\/wp-content\/uploads\/2022\/07\/kiedy-mija-zachwyt-3-zapatrzonawksiazki-pl-300x300.jpg 300w, https:\/\/zapatrzonawksiazki.pl\/wp-content\/uploads\/2022\/07\/kiedy-mija-zachwyt-3-zapatrzonawksiazki-pl-768x768.jpg 768w, https:\/\/zapatrzonawksiazki.pl\/wp-content\/uploads\/2022\/07\/kiedy-mija-zachwyt-3-zapatrzonawksiazki-pl.jpg 1870w\" sizes=\"(max-width: 1024px) 100vw, 1024px\" \/><\/a>\n\t\t\t<\/div><\/figure><figure class='gallery-item'>\n\t\t\t<div class='gallery-icon landscape'>\n\t\t\t\t<a href='https:\/\/zapatrzonawksiazki.pl\/index.php\/2022\/07\/17\/kiedy-mija-zachwyt-jerome-hamon\/kiedy-mija-zachwyt-4-zapatrzonawksiazki-pl\/'><img width=\"1024\" height=\"1024\" src=\"https:\/\/zapatrzonawksiazki.pl\/wp-content\/uploads\/2022\/07\/kiedy-mija-zachwyt-4-zapatrzonawksiazki-pl-1024x1024.jpg\" class=\"attachment-large size-large\" alt=\"\" decoding=\"async\" loading=\"lazy\" srcset=\"https:\/\/zapatrzonawksiazki.pl\/wp-content\/uploads\/2022\/07\/kiedy-mija-zachwyt-4-zapatrzonawksiazki-pl-1024x1024.jpg 1024w, https:\/\/zapatrzonawksiazki.pl\/wp-content\/uploads\/2022\/07\/kiedy-mija-zachwyt-4-zapatrzonawksiazki-pl-150x150.jpg 150w, https:\/\/zapatrzonawksiazki.pl\/wp-content\/uploads\/2022\/07\/kiedy-mija-zachwyt-4-zapatrzonawksiazki-pl-300x300.jpg 300w, https:\/\/zapatrzonawksiazki.pl\/wp-content\/uploads\/2022\/07\/kiedy-mija-zachwyt-4-zapatrzonawksiazki-pl-768x768.jpg 768w, https:\/\/zapatrzonawksiazki.pl\/wp-content\/uploads\/2022\/07\/kiedy-mija-zachwyt-4-zapatrzonawksiazki-pl.jpg 1870w\" sizes=\"(max-width: 1024px) 100vw, 1024px\" \/><\/a>\n\t\t\t<\/div><\/figure>\n\t\t<\/div>\n\n<hr \/>\n<p style=\"text-align: center;\"><strong>Dzi\u0119kuj\u0119!<\/strong><br \/>\n<img decoding=\"async\" loading=\"lazy\" class=\"size-medium wp-image-5924 aligncenter\" src=\"http:\/\/zapatrzonawksiazki.pl\/wp-content\/uploads\/2021\/07\/duzeKa-300x151.jpg\" alt=\"\" width=\"300\" height=\"151\" srcset=\"https:\/\/zapatrzonawksiazki.pl\/wp-content\/uploads\/2021\/07\/duzeKa-300x151.jpg 300w, https:\/\/zapatrzonawksiazki.pl\/wp-content\/uploads\/2021\/07\/duzeKa.jpg 350w\" sizes=\"(max-width: 300px) 100vw, 300px\" \/><\/p>\n","protected":false},"excerpt":{"rendered":"<p>Nowe wyzwania zawsze nas ekscytuj\u0105, nie mo\u017cemy si\u0119 doczeka\u0107 nieznanego, tego czego si\u0119 nauczymy, budowania kolejnych wspomnie\u0144 i zdobywania wiedzy. Jeste\u015bmy spragnieni tego, co przed nami. Czasami, gdy bywa trudno, dostrzegamy, \u017ce nasz zachwyt ulatuje, wtedy nadchodzi czas na odpowied\u017a sobie, czy to jest to, co rzeczywi\u015bcie chcemy robi\u0107. Zarys fabu\u0142y Emma i Wioletta teraz, [&hellip;]<\/p>\n","protected":false},"author":2,"featured_media":7048,"comment_status":"open","ping_status":"open","sticky":false,"template":"","format":"standard","meta":[],"categories":[1778,4],"tags":[20,61,121,1922,149,17,1924],"jetpack_featured_media_url":"https:\/\/zapatrzonawksiazki.pl\/wp-content\/uploads\/2022\/07\/kiedy-mija-zachwyt-1-zapatrzonawksiazki-pl.jpg","_links":{"self":[{"href":"https:\/\/zapatrzonawksiazki.pl\/index.php\/wp-json\/wp\/v2\/posts\/7046"}],"collection":[{"href":"https:\/\/zapatrzonawksiazki.pl\/index.php\/wp-json\/wp\/v2\/posts"}],"about":[{"href":"https:\/\/zapatrzonawksiazki.pl\/index.php\/wp-json\/wp\/v2\/types\/post"}],"author":[{"embeddable":true,"href":"https:\/\/zapatrzonawksiazki.pl\/index.php\/wp-json\/wp\/v2\/users\/2"}],"replies":[{"embeddable":true,"href":"https:\/\/zapatrzonawksiazki.pl\/index.php\/wp-json\/wp\/v2\/comments?post=7046"}],"version-history":[{"count":1,"href":"https:\/\/zapatrzonawksiazki.pl\/index.php\/wp-json\/wp\/v2\/posts\/7046\/revisions"}],"predecessor-version":[{"id":7052,"href":"https:\/\/zapatrzonawksiazki.pl\/index.php\/wp-json\/wp\/v2\/posts\/7046\/revisions\/7052"}],"wp:featuredmedia":[{"embeddable":true,"href":"https:\/\/zapatrzonawksiazki.pl\/index.php\/wp-json\/wp\/v2\/media\/7048"}],"wp:attachment":[{"href":"https:\/\/zapatrzonawksiazki.pl\/index.php\/wp-json\/wp\/v2\/media?parent=7046"}],"wp:term":[{"taxonomy":"category","embeddable":true,"href":"https:\/\/zapatrzonawksiazki.pl\/index.php\/wp-json\/wp\/v2\/categories?post=7046"},{"taxonomy":"post_tag","embeddable":true,"href":"https:\/\/zapatrzonawksiazki.pl\/index.php\/wp-json\/wp\/v2\/tags?post=7046"}],"curies":[{"name":"wp","href":"https:\/\/api.w.org\/{rel}","templated":true}]}}