{"id":7017,"date":"2022-06-27T19:10:51","date_gmt":"2022-06-27T17:10:51","guid":{"rendered":"http:\/\/zapatrzonawksiazki.pl\/?p=7017"},"modified":"2022-07-13T02:19:30","modified_gmt":"2022-07-13T00:19:30","slug":"ksiega-ciala-alice-hanna","status":"publish","type":"post","link":"https:\/\/zapatrzonawksiazki.pl\/index.php\/2022\/06\/27\/ksiega-ciala-alice-hanna\/","title":{"rendered":"Ksi\u0119ga cia\u0142a Alice Hanna"},"content":{"rendered":"<p style=\"text-align: justify;\"><img decoding=\"async\" loading=\"lazy\" class=\"size-medium wp-image-7018 alignleft\" src=\"http:\/\/zapatrzonawksiazki.pl\/wp-content\/uploads\/2022\/07\/ksiega-ciala-b-iext108854932-282x300.jpg\" alt=\"\" width=\"282\" height=\"300\" srcset=\"https:\/\/zapatrzonawksiazki.pl\/wp-content\/uploads\/2022\/07\/ksiega-ciala-b-iext108854932-282x300.jpg 282w, https:\/\/zapatrzonawksiazki.pl\/wp-content\/uploads\/2022\/07\/ksiega-ciala-b-iext108854932-768x817.jpg 768w, https:\/\/zapatrzonawksiazki.pl\/wp-content\/uploads\/2022\/07\/ksiega-ciala-b-iext108854932-963x1024.jpg 963w, https:\/\/zapatrzonawksiazki.pl\/wp-content\/uploads\/2022\/07\/ksiega-ciala-b-iext108854932.jpg 1128w\" sizes=\"(max-width: 282px) 100vw, 282px\" \/>To, \u017ce nasze cia\u0142o nam s\u0142u\u017cy, jest czym\u015b tak oczywistym, \u017ce nie zastanawiamy si\u0119, co si\u0119 z nim dzieje podczas ruchu, gdy co\u015b jemy lub w momencie odczuwania dotyku, w\u0119chu czy te\u017c smaku. Okazuje si\u0119, \u017ce organizm jest niezwykle fascynuj\u0105cy.<\/p>\n<h3 style=\"text-align: justify;\">Zarys fabu\u0142y<\/h3>\n<p style=\"text-align: justify;\"><em>Ksi\u0119ga cia\u0142a<\/em>, jak sama nazwa wskazuje, opowiada o ludzkim ciele. Dowiemy si\u0119, \u017ce nasz organizm funkcjonuje ca\u0142y czas, a wszystkie jego cz\u0119\u015bci \u015bci\u015ble ze sob\u0105 wsp\u00f3\u0142pracuj\u0105. Wszystko, co jest pod sk\u00f3r\u0105, nazywane jest narz\u0105dami, kt\u00f3re tworz\u0105 uk\u0142ady. I w\u0142a\u015bnie o nich poczytamy w tym picturebooku.<\/p>\n<p style=\"text-align: justify;\">Po tym, jak bardzo spodoba\u0142a nam si\u0119 <em>Ksi\u0119ga drzew<\/em>, oczywiste by\u0142o, \u017ce i <em>Ksi\u0119ga cia\u0142a<\/em> trafi w nasze r\u0119ce. Foliowe elementy to nie tylko fajna atrakcja, ale i ciekawy spos\u00f3b na nauk\u0119.<\/p>\n<h3 style=\"text-align: justify;\">S\u0142\u00f3w kilka o szacie graficznej<\/h3>\n<p style=\"text-align: justify;\">Nasz zachwyt wydaniem i przy tym tytule nie maleje. Szata graficzna mo\u017ce i przypomina troch\u0119 podr\u0119cznik, ale w tym przypadku naprawd\u0119 przyci\u0105ga uwag\u0119. Na plus jest r\u00f3wnie\u017c to, \u017ce nie tylko ok\u0142adk\u0119 dali tward\u0105, ale r\u00f3wnie\u017c strony. Daje to gwarancj\u0119 d\u0142ugotrwa\u0142o\u015bci nawet przy cz\u0119stym przegl\u0105daniu. Pod wzgl\u0119dem graficznym wszystko zosta\u0142o dostosowane do wieku odbiorcy, jednak umieszczono w tym tytule sporo wiedzy wi\u0119c to jedna z tych publikacji, kt\u00f3re b\u0119d\u0105 w ci\u0105g\u0142ym u\u017cyciu. Zw\u0142aszcza \u017ce tre\u015b\u0107 r\u00f3wnie\u017c zosta\u0142a fajnie roz\u0142o\u017cona na ka\u017cdej z rozk\u0142ad\u00f3wek, dodatkowo towarzysz\u0105 jej wcze\u015bniej wspomniane rysunki. Nie mo\u017cna r\u00f3wnie\u017c zapomnie\u0107 o foliowych elementach umo\u017cliwiaj\u0105cych zajrzenie do naszego wn\u0119trza i jego poznania.<\/p>\n<h3 style=\"text-align: justify;\">Moje wra\u017cenia<\/h3>\n<p style=\"text-align: justify;\">Nie da si\u0119 zaprzeczy\u0107, \u017ce dzieci najlepiej przyswajaj\u0105 wiedz\u0119 w trakcie zabawy lub podczas czytania ksi\u0105\u017cek, w kt\u00f3rych wiedza jest podana w przyst\u0119pnej i lekkiej formie. <em>Ksi\u0119ga cia\u0142a<\/em> zdecydowanie nale\u017cy do takich pozycji, autorka zadba\u0142a o to, by wiedza w niej zawarta by\u0142a przyst\u0119pna dla ma\u0142ych czytelnik\u00f3w zar\u00f3wno pod wzgl\u0119dem wizualnym, jak i tre\u015bci. Ksi\u0105\u017cka sprawdza si\u0119 jako rozrywka, ale przede wszystkim uczy. To zaledwie szesna\u015bcie stron, na kt\u00f3rych nie ma zbyt du\u017co tekstu, ale mo\u017cna z nich nauczy\u0107 si\u0119 naprawd\u0119 wiele.<\/p>\n<h3 style=\"text-align: justify;\">Na zako\u0144czenie<\/h3>\n<p style=\"text-align: justify;\"><em>Ksi\u0119ga cia\u0142a<\/em> zdecydowanie trafia do naszych ulubie\u0144c\u00f3w i tytu\u0142\u00f3w, kt\u00f3re z czystym sumieniem polecamy. Napisana lekko i przyjemnie, zdecydowanie zachwyca tym, jak ca\u0142o\u015b\u0107 w przyst\u0119pnym stylu przekazuje taki ogrom wiedzy o naszym ciele. Tre\u015b\u0107 wsp\u00f3\u0142gra z rysunkami oraz foliowym przekrojem. Podoba nam si\u0119, \u017ce mo\u017cemy pozna\u0107 wszystkie narz\u0105dy, uk\u0142ady, odkry\u0107, co i jak dzia\u0142a oraz jak dba\u0107 o siebie.<\/p>\n<p style=\"text-align: justify;\"><strong>Autor:<\/strong> Alice Hanna<br \/>\n<strong>Ilustrator:<\/strong> Alice Hanna<br \/>\n<strong>T\u0142umaczenie:<\/strong> Patrycja Zarawska<br \/>\n<strong>Tytu\u0142:<\/strong> Ksi\u0119ga cia\u0142a<br \/>\n<strong>Tytu\u0142 orygina\u0142u:<\/strong> The Body Book<br \/>\n<strong>Wydawnictwo:<\/strong> Wilga<br \/>\n<strong>Wydanie:<\/strong> I<br \/>\n<strong>Data wydania:<\/strong> 2022-03-23<br \/>\n<strong>Kategoria:<\/strong> lit. dzieci\u0119ca (3+)<br \/>\n<strong>ISBN:<\/strong> 9788328090613<br \/>\n<strong>Liczba stron:<\/strong> 16<br \/>\n<img decoding=\"async\" loading=\"lazy\" class=\"aligncenter wp-image-5880 size-large\" src=\"http:\/\/zapatrzonawksiazki.pl\/wp-content\/uploads\/2021\/05\/ocena-Zapatrzona-8-1024x195.png\" alt=\"\" width=\"1024\" height=\"195\" srcset=\"https:\/\/zapatrzonawksiazki.pl\/wp-content\/uploads\/2021\/05\/ocena-Zapatrzona-8-1024x195.png 1024w, https:\/\/zapatrzonawksiazki.pl\/wp-content\/uploads\/2021\/05\/ocena-Zapatrzona-8-300x57.png 300w, https:\/\/zapatrzonawksiazki.pl\/wp-content\/uploads\/2021\/05\/ocena-Zapatrzona-8-768x146.png 768w\" sizes=\"(max-width: 1024px) 100vw, 1024px\" \/><\/p>\n<hr \/>\n<div id='gallery-1' class='gallery galleryid-7017 gallery-columns-2 gallery-size-large'><figure class='gallery-item'>\n\t\t\t<div class='gallery-icon landscape'>\n\t\t\t\t<a href='https:\/\/zapatrzonawksiazki.pl\/index.php\/2022\/06\/27\/ksiega-ciala-alice-hanna\/ksiega-ciala-2-zapatrzonawksiazki-pl\/'><img width=\"1024\" height=\"1024\" src=\"https:\/\/zapatrzonawksiazki.pl\/wp-content\/uploads\/2022\/07\/ksiega-ciala-2-zapatrzonawksiazki-pl-1024x1024.jpg\" class=\"attachment-large size-large\" alt=\"\" decoding=\"async\" loading=\"lazy\" srcset=\"https:\/\/zapatrzonawksiazki.pl\/wp-content\/uploads\/2022\/07\/ksiega-ciala-2-zapatrzonawksiazki-pl-1024x1024.jpg 1024w, https:\/\/zapatrzonawksiazki.pl\/wp-content\/uploads\/2022\/07\/ksiega-ciala-2-zapatrzonawksiazki-pl-150x150.jpg 150w, https:\/\/zapatrzonawksiazki.pl\/wp-content\/uploads\/2022\/07\/ksiega-ciala-2-zapatrzonawksiazki-pl-300x300.jpg 300w, https:\/\/zapatrzonawksiazki.pl\/wp-content\/uploads\/2022\/07\/ksiega-ciala-2-zapatrzonawksiazki-pl-768x768.jpg 768w, https:\/\/zapatrzonawksiazki.pl\/wp-content\/uploads\/2022\/07\/ksiega-ciala-2-zapatrzonawksiazki-pl.jpg 1870w\" sizes=\"(max-width: 1024px) 100vw, 1024px\" \/><\/a>\n\t\t\t<\/div><\/figure><figure class='gallery-item'>\n\t\t\t<div class='gallery-icon landscape'>\n\t\t\t\t<a href='https:\/\/zapatrzonawksiazki.pl\/index.php\/2022\/06\/27\/ksiega-ciala-alice-hanna\/ksiega-ciala-3-zapatrzonawksiazki-pl\/'><img width=\"1024\" height=\"1024\" src=\"https:\/\/zapatrzonawksiazki.pl\/wp-content\/uploads\/2022\/07\/ksiega-ciala-3-zapatrzonawksiazki-pl-1024x1024.jpg\" class=\"attachment-large size-large\" alt=\"\" decoding=\"async\" loading=\"lazy\" srcset=\"https:\/\/zapatrzonawksiazki.pl\/wp-content\/uploads\/2022\/07\/ksiega-ciala-3-zapatrzonawksiazki-pl-1024x1024.jpg 1024w, https:\/\/zapatrzonawksiazki.pl\/wp-content\/uploads\/2022\/07\/ksiega-ciala-3-zapatrzonawksiazki-pl-150x150.jpg 150w, https:\/\/zapatrzonawksiazki.pl\/wp-content\/uploads\/2022\/07\/ksiega-ciala-3-zapatrzonawksiazki-pl-300x300.jpg 300w, https:\/\/zapatrzonawksiazki.pl\/wp-content\/uploads\/2022\/07\/ksiega-ciala-3-zapatrzonawksiazki-pl-768x768.jpg 768w, https:\/\/zapatrzonawksiazki.pl\/wp-content\/uploads\/2022\/07\/ksiega-ciala-3-zapatrzonawksiazki-pl.jpg 1870w\" sizes=\"(max-width: 1024px) 100vw, 1024px\" \/><\/a>\n\t\t\t<\/div><\/figure>\n\t\t<\/div>\n\n","protected":false},"excerpt":{"rendered":"<p>To, \u017ce nasze cia\u0142o nam s\u0142u\u017cy, jest czym\u015b tak oczywistym, \u017ce nie zastanawiamy si\u0119, co si\u0119 z nim dzieje podczas ruchu, gdy co\u015b jemy lub w momencie odczuwania dotyku, w\u0119chu czy te\u017c smaku. Okazuje si\u0119, \u017ce organizm jest niezwykle fascynuj\u0105cy. Zarys fabu\u0142y Ksi\u0119ga cia\u0142a, jak sama nazwa wskazuje, opowiada o ludzkim ciele. Dowiemy si\u0119, \u017ce [&hellip;]<\/p>\n","protected":false},"author":2,"featured_media":7019,"comment_status":"open","ping_status":"open","sticky":false,"template":"","format":"standard","meta":[],"categories":[5,4],"tags":[20,1939,118,17,919],"jetpack_featured_media_url":"https:\/\/zapatrzonawksiazki.pl\/wp-content\/uploads\/2022\/07\/ksiega-ciala-1-zapatrzonawksiazki-pl.jpg","_links":{"self":[{"href":"https:\/\/zapatrzonawksiazki.pl\/index.php\/wp-json\/wp\/v2\/posts\/7017"}],"collection":[{"href":"https:\/\/zapatrzonawksiazki.pl\/index.php\/wp-json\/wp\/v2\/posts"}],"about":[{"href":"https:\/\/zapatrzonawksiazki.pl\/index.php\/wp-json\/wp\/v2\/types\/post"}],"author":[{"embeddable":true,"href":"https:\/\/zapatrzonawksiazki.pl\/index.php\/wp-json\/wp\/v2\/users\/2"}],"replies":[{"embeddable":true,"href":"https:\/\/zapatrzonawksiazki.pl\/index.php\/wp-json\/wp\/v2\/comments?post=7017"}],"version-history":[{"count":1,"href":"https:\/\/zapatrzonawksiazki.pl\/index.php\/wp-json\/wp\/v2\/posts\/7017\/revisions"}],"predecessor-version":[{"id":7022,"href":"https:\/\/zapatrzonawksiazki.pl\/index.php\/wp-json\/wp\/v2\/posts\/7017\/revisions\/7022"}],"wp:featuredmedia":[{"embeddable":true,"href":"https:\/\/zapatrzonawksiazki.pl\/index.php\/wp-json\/wp\/v2\/media\/7019"}],"wp:attachment":[{"href":"https:\/\/zapatrzonawksiazki.pl\/index.php\/wp-json\/wp\/v2\/media?parent=7017"}],"wp:term":[{"taxonomy":"category","embeddable":true,"href":"https:\/\/zapatrzonawksiazki.pl\/index.php\/wp-json\/wp\/v2\/categories?post=7017"},{"taxonomy":"post_tag","embeddable":true,"href":"https:\/\/zapatrzonawksiazki.pl\/index.php\/wp-json\/wp\/v2\/tags?post=7017"}],"curies":[{"name":"wp","href":"https:\/\/api.w.org\/{rel}","templated":true}]}}