{"id":698,"date":"2013-11-16T19:32:00","date_gmt":"2013-11-16T19:32:00","guid":{"rendered":"http:\/\/zapatrzonawksiazki.pl\/index.php\/2013\/11\/16\/konkurs-rocznicowy\/"},"modified":"2018-10-07T00:31:53","modified_gmt":"2018-10-07T00:31:53","slug":"konkurs-rocznicowy","status":"publish","type":"post","link":"https:\/\/zapatrzonawksiazki.pl\/index.php\/2013\/11\/16\/konkurs-rocznicowy\/","title":{"rendered":"Konkurs rocznicowy!"},"content":{"rendered":"<div style=\"text-align: center;\">\n<i>Trzy lata temu, dok\u0142adniej m\u00f3wi\u0105c 15.12.2010 rozpocz\u0119\u0142a si\u0119 moja przygoda z tym miejscem, z wami. \ud83d\ude09 To jest chyba jedyna rzecz, kt\u00f3r\u0105 zacz\u0119\u0142am&nbsp; robi\u0107 i nie straci\u0142am do tego serca. Kocham to co robi\u0119, poznaje wielu ciekawych ludzi (w tym i autor\u00f3w), zdobywam&nbsp; przyja\u017anie, no i czytam, du\u017co i r\u00f3\u017cnie. Prowadzenie bloga bardzo wiele mi da\u0142o i jak s\u0105dz\u0119 du\u017co jeszcze przede mn\u0105, a ja zamierzam robi\u0107 dalej to co sprawia mi tyle rado\u015bci&#8230;<\/i><\/div>\n<div style=\"text-align: center;\">\n<\/div>\n<div style=\"text-align: center;\">\n<i>Tyle tytu\u0142em wst\u0119pu. D\u0142u\u017csz\u0105 paplanin\u0105 pom\u0119cz\u0119 was 15 grudnia. \ud83d\ude09 Teraz przejdziemy&nbsp; do konkret\u00f3w. Za chwil\u0119 b\u0119dziecie mogli przeczyta\u0107 regulamin konkursu, w kt\u00f3rym poznacie czas jego trwania i szereg innych wytycznych (bez obaw ;)), a co najwa\u017cniejsze zadania konkursowe. Tak, dobrze widzicie zadania, ale spokojnie &#8211; mo\u017cna wybra\u0107 jedno. Po zapoznaniu si\u0119 z regulaminem czeka was przyjemniejsza cz\u0119\u015b\u0107 &#8211; ujawniam nagrody konkursowe, no cz\u0119\u015bciowo. Lista mo\u017ce si\u0119 troch\u0119 zmieni\u0107, bo czekam jeszcze na przesy\u0142ki. Tak jak widnieje w regulaminie, utworze <b>TRZY <\/b>pakiety (trzy najlepsze prace wygraj\u0105), kt\u00f3re poka\u017ce ju\u017c w trakcie trwania konkursu. Nie by\u0142abym sob\u0105 je\u015bli zdradzi\u0142abym wszystko na raz ;)) Tak, chwilowo to chyba wszystko &#8211; przejd\u0119 wi\u0119c do konkret\u00f3w.<\/i><\/div>\n<div style=\"text-align: center;\">\n<\/div>\n<div style=\"text-align: center;\">\n<i>&nbsp; <\/i><\/div>\n<div style=\"text-align: center;\">\n<\/div>\n<div class=\"MsoNormal\" style=\"text-align: left;\">\nRegulamin:<\/div>\n<p><\/p>\n<ol start=\"1\" style=\"margin-top: 0cm; text-align: left;\" type=\"1\">\n<li class=\"MsoNormal\">Organizatorem<br \/>\n     konkursu jest autorka bloga &#8220;<b>Zapatrzona<br \/>\n     w ksi\u0105\u017cki<\/b>&#8220;.<\/li>\n<li class=\"MsoNormal\">Konkurs<br \/>\n     trwa <b>od 16.11.2013 r. do 31.12.2013<br \/>\n     r.<\/b> (do godziny 23.59).<\/li>\n<li class=\"MsoNormal\">Wyniki<br \/>\n     zostan\u0105 og\u0142oszone na blogu do dziesi\u0119ciu dni roboczych od zako\u0144czenia<br \/>\n     konkursu.<\/li>\n<li class=\"MsoNormal\">Zwyci\u0119zca<br \/>\n     jest zobowi\u0105zany wys\u0142a\u0107 maila z danymi adresowymi na adres <a href=\"mailto:konkursyb@o2.pl\">konkursyb@o2.pl<\/a> w ci\u0105gu trzech dni od<br \/>\n     momentu og\u0142oszenia wynik\u00f3w. Po tym terminie nast\u0105pi wyb\u00f3r nowego<br \/>\n     zwyci\u0119zcy.<\/li>\n<li class=\"MsoNormal\">Sponsorem<br \/>\n     nagr\u00f3d s\u0105: <i><b><a href=\"http:\/\/www.czarnaowca.pl\/\">Wydawnictwo Czarna Owca<\/a>,<br \/>\n     <a href=\"http:\/\/wydawnictwofeeria.pl\/pl\/\">Wydawnictwo Feeria<\/a>, <a href=\"http:\/\/www.hachette.com.pl\/\">Wydawnictwo Hachette<\/a>, <a href=\"http:\/\/www.nk.com.pl\/\">Wydawnictwo Nasza Ksi\u0119garnia<\/a>,<br \/>\n     <a href=\"http:\/\/muza.com.pl\/\">Wydawnictwo Muza<\/a>, <a href=\"http:\/\/novaeres.pl\/\">Wydawnictwo Novae Res<\/a>, <a href=\"http:\/\/otwarte.eu\/\">Wydawnictwo Otwarte<\/a>, <a href=\"http:\/\/www.wydawnictwofilia.pl\/\">Wydawnictwo Filia<\/a>, <a href=\"http:\/\/www.wydawnictwoliterackie.pl\/\">Wydawnictwo Literackie<\/a>, <a href=\"http:\/\/www.proszynski.pl\/\">Wydawnictwo Pr\u00f3szy\u0144ski i S-ka<\/a><\/b><\/i> <\/li>\n<\/ol>\n<p><\/p>\n<div class=\"MsoNormal\" style=\"margin-left: 18pt; text-align: left;\">\n(Nagrodami w konkursie s\u0105 r\u00f3wnie\u017c<br \/>\nksi\u0105\u017cki wydawnictwa Mira)<\/div>\n<p><\/p>\n<ol start=\"6\" style=\"margin-top: 0cm; text-align: left;\" type=\"1\">\n<li class=\"MsoNormal\">Sponsorami<br \/>\n     gad\u017cet\u00f3w s\u0105: <i><b><a href=\"http:\/\/www.prezentzpomyslem.pl\/\">Prezent z pomys\u0142em<\/a>, <a href=\"http:\/\/ksiazkawmiescie.pl\/\">Ksi\u0105\u017cka w mie\u015bcie<\/a>, <a href=\"https:\/\/www.facebook.com\/BookmarkSworld)\">BookmarkSworld<\/a><\/b><\/i><\/li>\n<li class=\"MsoNormal\">Aby<br \/>\n     wzi\u0105\u0107 udzia\u0142 w konkursie nale\u017cy pod tym postem pozostawi\u0107 komentarz, kt\u00f3ry<br \/>\n     b\u0119dzie zawiera\u0142 Wasz nick i adres mailowy, z kt\u00f3rego b\u0119dziecie przesy\u0142a\u0107<br \/>\n     prace konkursowe.<\/li>\n<li class=\"MsoNormal\"><b>Zadania (mo\u017cna wybra\u0107 jedno):<\/b><\/li>\n<ul style=\"margin-top: 0cm;\" type=\"disc\">\n<li class=\"MsoNormal\"><b>Przedstaw zim\u0119\/\u015awi\u0119ta Bo\u017cego<br \/>\n      Narodzenia swoimi oczami (forma dowolna: zdj\u0119cia, rysunki, wyklejanki i<br \/>\n      co wam tylko wpadnie do g\u0142owy),<\/b><\/li>\n<li class=\"MsoNormal\"><b>Napisz opowiadanie z przewodnim<br \/>\n      tematem zimy\/ \u015awi\u0105t Bo\u017cego Narodzenia.<\/b><\/li>\n<\/ul>\n<li class=\"MsoNormal\">Prace<br \/>\n     konkursowe nale\u017cy przesy\u0142a\u0107 na adres: <a href=\"http:\/\/www.blogger.com\/konkursyb@o2.pl%20\">konkursyb@o2.pl<\/a><br \/>\n     w tytule wpisuj\u0105c has\u0142o: <b>\u201eKonkurs rocznicowy&#8221;.<\/b><\/li>\n<li class=\"MsoNormal\">W<br \/>\n     konkursie mog\u0105 wzi\u0105\u0107 udzia\u0142 jedynie osoby posiadaj\u0105ce adres<br \/>\n     korespondencyjny w Polsce. <\/li>\n<li class=\"MsoNormal\">Do zdobycia<br \/>\n     s\u0105 trzy zestawy ksi\u0105\u017cek, kt\u00f3rych fundatorami s\u0105 wymienione wy\u017cej<br \/>\n     wydawnictwa, a warto\u015b\u0107 nagr\u00f3d jest r\u00f3wnoznaczna z kwot\u0105 znajduj\u0105c\u0105 si\u0119 na<br \/>\n     ich ok\u0142adkach. <\/li>\n<li class=\"MsoNormal\">Zwyci\u0119zcami<br \/>\n     konkursu zostan\u0105 osoby, kt\u00f3rych wypowiedzi najbardziej przypadn\u0105 do gustu<br \/>\n     autorce bloga &#8220;Zapatrzona w ksi\u0105\u017cki\u201d. <\/li>\n<li class=\"MsoNormal\">Prawo<br \/>\n     do sk\u0142adania reklamacji w zakresie niezgodno\u015bci przeprowadzenia konkursu z<br \/>\n     Regulaminem, s\u0142u\u017cy ka\u017cdemu uczestnikowi w ci\u0105gu trzech dni od daty<br \/>\n     wy\u0142onienia jego laureat\u00f3w. Nale\u017cy je zg\u0142asza\u0107 w formie e-maila na adres: <a href=\"http:\/\/www.blogger.com\/konkursyb@o2.pl\">konkursyb@o2.pl<\/a><\/li>\n<\/ol>\n<p><\/p>\n<div class=\"MsoNormal\" style=\"text-align: left;\">\n<\/div>\n<p><\/p>\n<div class=\"MsoNormal\" style=\"text-align: left;\">\nDo tej pory w puli nagr\u00f3d znalaz\u0142y si\u0119:<\/div>\n<p><\/p>\n<div class=\"MsoNormal\" style=\"text-align: left;\">\n<\/div>\n<p><\/p>\n<div class=\"MsoNormal\" style=\"text-align: left;\">\nNiewidzialny stra\u017cnik \u2013 Dolores Redondo \/ Czarna Owca<\/div>\n<p><\/p>\n<div class=\"MsoNormal\" style=\"text-align: left;\">\nMatka, kt\u00f3ra nie mia\u0142a matki \u2013 Hope Edelman \/ Feeria<\/div>\n<p><\/p>\n<div class=\"MsoNormal\" style=\"text-align: left;\">\nM\u0142yn nad Czarnym potokiem \u2013 Anna J. Szepielak \/ Nasza<br \/>\nKsi\u0119garnia<\/div>\n<p><\/p>\n<div class=\"MsoNormal\" style=\"text-align: left;\">\nKolacja z wampirem \u2013 Abigaile A. Gibas&nbsp; \/ Muza<\/div>\n<p><\/p>\n<div class=\"MsoNormal\" style=\"text-align: left;\">\nDziewczyna, kt\u00f3ra nie p\u0142acze &#8211;&nbsp; Khadra Sufi \/ Hachette<\/div>\n<p><\/p>\n<div class=\"MsoNormal\" style=\"text-align: left;\">\nNikomu nie powiem \u2013 Cathy&nbsp;<br \/>\nGlass \/ Hachette<\/div>\n<p><\/p>\n<div class=\"MsoNormal\" style=\"text-align: left;\">\nSzubienicznik \u2013 Jacek Piekara \/ Otwarte<\/div>\n<p><\/p>\n<div class=\"MsoNormal\" style=\"text-align: left;\">\nSzko\u0142a \u017con \u2013 Magdalena Witkiewicz \/ Filia<\/div>\n<p><\/p>\n<div class=\"MsoNormal\" style=\"text-align: left;\">\nDlaczego nie poczeka\u0142a\u015b? \u2013Wera Gorczy\u0144ska \/ Pr\u00f3szy\u0144ski i<br \/>\nS-ka<\/div>\n<p><\/p>\n<div class=\"MsoNormal\" style=\"text-align: left;\">\nKto jak nie ja? \u2013 Katarzyna Ko\u0142czewska \/ Pr\u00f3szy\u0144ski i S-ka<\/div>\n<p><\/p>\n<div class=\"MsoNormal\" style=\"text-align: left;\">\nObro\u0144ca nocy \u2013 Agnieszka Lingas &#8211; \u0141oniewska \/ Novae Res<\/div>\n<p><\/p>\n<div class=\"MsoNormal\" style=\"text-align: left;\">\nW imi\u0119 mi\u0142o\u015bci \u2013 Katarzyna Michalak \/ Lliterackie<\/div>\n<p><\/p>\n<div class=\"MsoNormal\" style=\"text-align: left;\">\nCa\u0142a prawda o&#8230; \u2013 Ilona Felicja\u0144ska, Anetaa Pondo&nbsp; \/ Mira<\/div>\n<p><\/p>\n<div class=\"MsoNormal\" style=\"text-align: left;\">\nZakazane pragnienia \u2013 Mariana Anderson \/ Czarna Owca<\/div>\n<p><\/p>\n<div class=\"MsoNormal\" style=\"text-align: left;\">\nDroga do marze\u0144 \u2013 Krystyna Mirek \/ Feeria<\/div>\n<p><\/p>\n<div class=\"MsoNormal\" style=\"text-align: left;\">\nDworek pod Lipami &#8211; Anna J. Szepielak \/ Nasza Ksi\u0119garnia<\/div>\n<p><\/p>\n<div class=\"MsoNormal\" style=\"text-align: left;\">\nKlasyczne bajki na dobranoc x2 \/ Muza<\/div>\n<p><\/p>\n<div class=\"MsoNormal\" style=\"text-align: left;\">\nPozw\u00f3l mi odej\u015b\u0107 \u2013Sarah Jones \/ Hachette<\/div>\n<p><\/p>\n<div class=\"MsoNormal\" style=\"text-align: left;\">\nAngelall \u2013 Susan Ee \/ Filia<\/div>\n<p><\/p>\n<div class=\"MsoNormal\" style=\"text-align: left;\">\nKoszmarne przebudzenie \u2013 Rosalind Noonan \/ Pr\u00f3szy\u0144ski i S-ka<\/div>\n<p><\/p>\n<div class=\"MsoNormal\" style=\"text-align: left;\">\nCena marze\u0144<br \/>\n\u2013 Sherryl Woods \/ Mira<\/div>\n<p><\/p>\n<div class=\"MsoNormal\" style=\"text-align: left;\">\nLepszy<br \/>\nby\u0142by martwy \u2013 Dougglass Corleone \/ Feeria<\/div>\n<p><\/p>\n<div class=\"MsoNormal\" style=\"text-align: left;\">\nMamusiu,<br \/>\nwr\u00f3\u0107 \u2013 Cathy Glass \/ Hachette<\/div>\n<p><\/p>\n<div class=\"MsoNormal\" style=\"text-align: left;\">\nKapitan. Na s\u0142u\u017cbie \u2013 Stephen Talty, Richard Phillips \/<br \/>\nOtwarte<\/div>\n<p><\/p>\n<div class=\"MsoNormal\" style=\"text-align: left;\">\nKsi\u0119ga Trzech \u2013 Lloyd Alexander \/ Filia<\/div>\n<p><\/p>\n<div class=\"MsoNormal\" style=\"text-align: left;\">\nPo\u017cegnanie wolno\u015bci \u2013 Sara Blaedel \/ Pr\u00f3szy\u0144ski i S-ka<\/div>\n<p><\/p>\n<div class=\"MsoNormal\" style=\"text-align: left;\">\nKryj\u00f3wka \u2013 Andrea Camilleri<\/div>\n<p><\/p>\n<div class=\"MsoNormal\" style=\"text-align: left;\">\n<\/div>\n<p><\/p>\n<div class=\"MsoNormal\" style=\"text-align: left;\">\nGad\u017cety:<\/div>\n<p><\/p>\n<div class=\"MsoNormal\" style=\"text-align: left;\">\n2x zestaw (jakie przekonacie si\u0119 wkr\u00f3tce ;)) \/ Prezent z<br \/>\npomys\u0142em<\/div>\n<p><\/p>\n<div class=\"MsoNormal\" style=\"text-align: left;\">\n3x zak\u0142adki (jakie przekonacie si\u0119 wkr\u00f3tce ;)) \/ BookmarkSworld<\/div>\n<p><\/p>\n<div class=\"MsoNormal\" style=\"text-align: left;\">\n3x torby (jakie przekonacie si\u0119 wkr\u00f3tce ;)) \/ Ksi\u0105\u017cka w<br \/>\nmie\u015bcie<\/div>\n<div class=\"MsoNormal\" style=\"text-align: left;\">\n<\/div>\n<div class=\"MsoNormal\" style=\"text-align: center;\">\n<b><i>Je\u015bli co\u015b nie jest jasne, co\u015b si\u0119 nie podoba &#8211; piszcie na maila podanego powy\u017cej &#8211; wyja\u015bni\u0119, spr\u00f3buje rozwi\u0105za\u0107 prolem<\/i><\/b><\/div>\n<div class=\"MsoNormal\" style=\"text-align: center;\">\n<i>Pozostaje mi tylko wstawi\u0107 baner, kt\u00f3ry mo\u017cecie aczkolwiek nie musicie umie\u015bci\u0107 u siebie na blogu.<\/i><\/div>\n<div class=\"MsoNormal\" style=\"text-align: center;\">\n<\/div>\n<div class=\"separator\" style=\"clear: both; text-align: center;\">\n<a href=\"http:\/\/2.bp.blogspot.com\/-gqqipt5DhKQ\/UofG_Tf45QI\/AAAAAAAAIFE\/rPErE-dxgJs\/s1600\/konkur4.jpg\" imageanchor=\"1\" style=\"margin-left: 1em; margin-right: 1em;\"><img decoding=\"async\" loading=\"lazy\" border=\"0\" height=\"300\" src=\"http:\/\/2.bp.blogspot.com\/-gqqipt5DhKQ\/UofG_Tf45QI\/AAAAAAAAIFE\/rPErE-dxgJs\/s320\/konkur4.jpg\" width=\"320\" \/><\/a><\/div>\n<div class=\"MsoNormal\" style=\"text-align: center;\">\n<\/div>\n<p><\/p>\n<div style=\"text-align: center;\">\n<\/div>\n<div class=\"MsoNormal\" style=\"text-align: center;\">\n<\/div>\n<div class=\"MsoNormal\" style=\"text-align: center;\">\n<i>To co&#8230; zaczynamy?<\/i><\/div>\n<div class=\"MsoNormal\" style=\"text-align: center;\">\n<i>Konkurs czas zacz\u0105\u0107! \ud83d\ude09<\/i><\/div>\n<div class=\"MsoNormal\" style=\"text-align: center;\">\n<i>Powodzenia! <\/i><b><i>&nbsp;<\/i><\/b> <\/div>\n","protected":false},"excerpt":{"rendered":"<p>Trzy lata temu, dok\u0142adniej m\u00f3wi\u0105c 15.12.2010 rozpocz\u0119\u0142a si\u0119 moja przygoda z tym miejscem, z wami. \ud83d\ude09 To jest chyba jedyna rzecz, kt\u00f3r\u0105 zacz\u0119\u0142am&nbsp; robi\u0107 i nie straci\u0142am do tego serca. Kocham to co robi\u0119, poznaje wielu ciekawych ludzi (w tym i autor\u00f3w), zdobywam&nbsp; przyja\u017anie, no i czytam, du\u017co i r\u00f3\u017cnie. Prowadzenie bloga bardzo wiele mi [&hellip;]<\/p>\n","protected":false},"author":2,"featured_media":0,"comment_status":"open","ping_status":"open","sticky":false,"template":"","format":"standard","meta":[],"categories":[1],"tags":[10],"jetpack_featured_media_url":"","_links":{"self":[{"href":"https:\/\/zapatrzonawksiazki.pl\/index.php\/wp-json\/wp\/v2\/posts\/698"}],"collection":[{"href":"https:\/\/zapatrzonawksiazki.pl\/index.php\/wp-json\/wp\/v2\/posts"}],"about":[{"href":"https:\/\/zapatrzonawksiazki.pl\/index.php\/wp-json\/wp\/v2\/types\/post"}],"author":[{"embeddable":true,"href":"https:\/\/zapatrzonawksiazki.pl\/index.php\/wp-json\/wp\/v2\/users\/2"}],"replies":[{"embeddable":true,"href":"https:\/\/zapatrzonawksiazki.pl\/index.php\/wp-json\/wp\/v2\/comments?post=698"}],"version-history":[{"count":1,"href":"https:\/\/zapatrzonawksiazki.pl\/index.php\/wp-json\/wp\/v2\/posts\/698\/revisions"}],"predecessor-version":[{"id":2199,"href":"https:\/\/zapatrzonawksiazki.pl\/index.php\/wp-json\/wp\/v2\/posts\/698\/revisions\/2199"}],"wp:attachment":[{"href":"https:\/\/zapatrzonawksiazki.pl\/index.php\/wp-json\/wp\/v2\/media?parent=698"}],"wp:term":[{"taxonomy":"category","embeddable":true,"href":"https:\/\/zapatrzonawksiazki.pl\/index.php\/wp-json\/wp\/v2\/categories?post=698"},{"taxonomy":"post_tag","embeddable":true,"href":"https:\/\/zapatrzonawksiazki.pl\/index.php\/wp-json\/wp\/v2\/tags?post=698"}],"curies":[{"name":"wp","href":"https:\/\/api.w.org\/{rel}","templated":true}]}}