{"id":6864,"date":"2022-05-12T21:28:52","date_gmt":"2022-05-12T19:28:52","guid":{"rendered":"http:\/\/zapatrzonawksiazki.pl\/?p=6864"},"modified":"2022-06-04T21:39:54","modified_gmt":"2022-06-04T19:39:54","slug":"do-ataku-mr-tan","status":"publish","type":"post","link":"https:\/\/zapatrzonawksiazki.pl\/index.php\/2022\/05\/12\/do-ataku-mr-tan\/","title":{"rendered":"Do ataku! Mr Tan"},"content":{"rendered":"<p style=\"text-align: justify;\"><img decoding=\"async\" loading=\"lazy\" class=\"size-medium wp-image-6862 alignleft\" src=\"http:\/\/zapatrzonawksiazki.pl\/wp-content\/uploads\/2022\/06\/do-ataku-240x300.jpg\" alt=\"\" width=\"240\" height=\"300\" srcset=\"https:\/\/zapatrzonawksiazki.pl\/wp-content\/uploads\/2022\/06\/do-ataku-240x300.jpg 240w, https:\/\/zapatrzonawksiazki.pl\/wp-content\/uploads\/2022\/06\/do-ataku.jpg 500w\" sizes=\"(max-width: 240px) 100vw, 240px\" \/>Wyobra\u017a sobie, \u017ce istniej\u0105 krainy, o kt\u00f3rych nie mamy poj\u0119cia. Zapomniane i pe\u0142ne niesamowitych rzeczy. W jednej z nich znajduje si\u0119 Zamczysko Strachulc\u00f3w &#8211; szko\u0142a, w kt\u00f3rej jedyne czego mo\u017cna si\u0119 nauczy\u0107, to jak by\u0107 straszyd\u0142em z prawdziwego zdarzenia. Co ciekawsze nie jest to zwyk\u0142y budynek, a \u017cywy organizm. Czy chcecie do niej zajrze\u0107?<\/p>\n<h3 style=\"text-align: justify;\">Zarys fabu\u0142y<\/h3>\n<p style=\"text-align: justify;\">Uczniowie budz\u0105 si\u0119 w \u015brodku nocy i s\u0105 zdziwieni, bo ca\u0142a szko\u0142a jest oblodzona. Okazuje si\u0119, \u017ce budynek i dyrektork\u0119 zaatakowa\u0142y szkodliwe istoty zwane Krobami. Panosz\u0105 si\u0119 wsz\u0119dzie i jest ich naprawd\u0119 du\u017co. Okazuje si\u0119, \u017ce szko\u0142\u0119 mog\u0105 uratowa\u0107 tylko uczniowie i tak oto staj\u0105 do walki uzbrojeni w krobinateki czy pu\u0142apki z elastycznych banda\u017cy. Czy wygraj\u0105 to starcie z Krobami?<\/p>\n<p style=\"text-align: justify;\">Jestem zwolenniczk\u0105 edukacji poprzez zabaw\u0119 i najcz\u0119\u015bciej szukam w literaturze ksi\u0105\u017cek, kt\u00f3re czego\u015b mog\u0105 nauczy\u0107, czy te\u017c by\u0107 motywatorem, by zacz\u0105\u0107 pog\u0142\u0119bia\u0107 wiedz\u0119 na jaki\u015b temat. Wiem jednak, \u017ce niekiedy warto si\u0119gn\u0105\u0107 po co\u015b czysto rozrywkowego. Dlatego te\u017c wzbogaci\u0142am biblioteczk\u0119 Potwork\u00f3w o <em>Do ataku!<\/em>, autorstwa Mr Tana. Czy to by\u0142a dobra decyzja?<\/p>\n<h3 style=\"text-align: justify;\">Moje wra\u017cenia<\/h3>\n<p style=\"text-align: justify;\">Je\u015bli chodzi o wydanie, to jest bardzo dobre. Twarda ok\u0142adka i wygodny dla dzieci format. Dodajmy do tego grube i lakierowane strony &#8211; mamy trwa\u0142y produkt, kt\u00f3ry przetrwa wielokrotne czytanie. Za opraw\u0119 graficzn\u0105 jest odpowiedzialna francuska ilustratorka i graficzka &#8211; Camille Roy. Ilustracje przez ni\u0105 stworzone idealnie wpasowuj\u0105 si\u0119 we wsp\u00f3\u0142czesne czasy. Pe\u0142ne kolor\u00f3w, ekspresyjne i jakby \u017cywe. Mn\u00f3stwo na nich szczeg\u00f3\u0142\u00f3w, a co wa\u017cniejsze wsp\u00f3\u0142graj\u0105 one z tre\u015bci\u0105.<\/p>\n<p style=\"text-align: justify;\"><em>Do ataku!<\/em>, to ksi\u0105\u017cka przeznaczona dla dzieci wieku 8+. I to te\u017c nie dla wszystkich, bo mam wra\u017cenie, \u017ce to pozycja bardziej skierowana ku ch\u0142opcom, kt\u00f3rzy lubi\u0105 takie fantastyczne historie. Nie chc\u0119 tutaj kategoryzowa\u0107 na literatur\u0119 dla ch\u0142opc\u00f3w i dziewczynek, ale niestety w przypadku tego tytu\u0142u nie da si\u0119 inaczej. Kr\u0105\u017c\u0105ce zarazki oraz wsz\u0119dobylskie smarki mog\u0105 zniesmaczy\u0107 doros\u0142ego, ale ci zainteresowani z pewno\u015bci\u0105 b\u0119d\u0105 mieli frajd\u0119 z czytania. Nie mog\u0119 odm\u00f3wi\u0107 jednak humoru zawartego w tek\u015bcie i skierowanego do docelowego odbiorcy. Samej tre\u015bci nie ma tutaj zbyt du\u017co, bo historia zosta\u0142a opisana w komiksowej formie.<\/p>\n<h3 style=\"text-align: justify;\">Na zako\u0144czenie<\/h3>\n<p style=\"text-align: justify;\">Musz\u0119 przyzna\u0107, \u017ce mam problem z ocen\u0105 <em>Do ataku!<\/em>. Osobi\u015bcie nie podoba\u0142 mi si\u0119 ten tytu\u0142, jestem zwolenniczk\u0105 troch\u0119 innego rodzaju rozrywki dla dzieci. Z drugiej strony wiem, \u017ce takie wsp\u00f3\u0142czesne bajki spotykaj\u0105 si\u0119 z du\u017cym uznaniem w\u015br\u00f3d dzieci. I to nie jest tak, \u017ce m\u00f3wi\u0119 jej ca\u0142kowite nie. Podoba mi si\u0119 pomys\u0142 przedstawienia szko\u0142y, nazwy w\u0142asne, czy to, czego ucz\u0105 si\u0119 uczniowie. Dobrze te\u017c, \u017ce nie ma w niej ubarwiania, i ubierania w \u0142adne s\u0142owa brzydkich rzeczy. Mimo wszystko, gdy o niej my\u015bl\u0119, to budzi si\u0119 we mnie lekki sprzeciw, by da\u0107 j\u0105 Potworkom.<\/p>\n<p style=\"text-align: justify;\">Nie mog\u0119 ani poleci\u0107, ani odradzi\u0107 <em>Do ataku!<\/em>. To bajka tego typu, o przeczytaniu, czy podsuni\u0119ciu dziecku trzeba zadecydowa\u0107 samemu. Bo to, co mi nie pasuje, innym mo\u017ce si\u0119 podoba\u0107.<\/p>\n<p style=\"text-align: justify;\"><strong>Autor:<\/strong> Mr Tan<br \/>\n<strong>Ilustrator:<\/strong> Camille Roy<br \/>\n<strong>T\u0142umaczenie:<\/strong> Iwona Janczy<br \/>\n<strong>Tytu\u0142:<\/strong> Do ataku!<br \/>\n<strong>Tytu\u0142 orygina\u0142u:<\/strong> Le manoir croquignole. Coup de foudre a lecole<br \/>\n<strong>Wydawnictwo:<\/strong> Adamada<br \/>\n<strong>Wydanie:<\/strong> I<br \/>\n<strong>Data wydania:<\/strong> 2016-09-06<br \/>\n<strong>Kategoria:<\/strong> lit. dzieci\u0119ca<br \/>\n<strong>ISBN:<\/strong> 978-83-7420-779-9<br \/>\n<strong>Liczba stron:<\/strong> 54<br \/>\n<img decoding=\"async\" loading=\"lazy\" class=\"aligncenter wp-image-5878 size-large\" src=\"http:\/\/zapatrzonawksiazki.pl\/wp-content\/uploads\/2021\/05\/ocena-Zapatrzona-6-1024x195.png\" alt=\"\" width=\"1024\" height=\"195\" srcset=\"https:\/\/zapatrzonawksiazki.pl\/wp-content\/uploads\/2021\/05\/ocena-Zapatrzona-6-1024x195.png 1024w, https:\/\/zapatrzonawksiazki.pl\/wp-content\/uploads\/2021\/05\/ocena-Zapatrzona-6-300x57.png 300w, https:\/\/zapatrzonawksiazki.pl\/wp-content\/uploads\/2021\/05\/ocena-Zapatrzona-6-768x146.png 768w\" sizes=\"(max-width: 1024px) 100vw, 1024px\" \/><\/p>\n<p style=\"text-align: center;\">Zamczysko Strachulc\u00f3w<br \/>\nGrom z jasnego nieba | <em>Do ataku!<\/em><\/p>\n<hr \/>\n<div id='gallery-1' class='gallery galleryid-6864 gallery-columns-3 gallery-size-full'><figure class='gallery-item'>\n\t\t\t<div class='gallery-icon landscape'>\n\t\t\t\t<a href='https:\/\/zapatrzonawksiazki.pl\/index.php\/2022\/05\/12\/do-ataku-mr-tan\/do-ataku-2-zapatrzonawksiazki-pl\/'><img width=\"660\" height=\"660\" src=\"https:\/\/zapatrzonawksiazki.pl\/wp-content\/uploads\/2022\/06\/do-ataku-2-zapatrzonawksiazki-pl.jpg\" class=\"attachment-full size-full\" alt=\"\" decoding=\"async\" loading=\"lazy\" srcset=\"https:\/\/zapatrzonawksiazki.pl\/wp-content\/uploads\/2022\/06\/do-ataku-2-zapatrzonawksiazki-pl.jpg 660w, https:\/\/zapatrzonawksiazki.pl\/wp-content\/uploads\/2022\/06\/do-ataku-2-zapatrzonawksiazki-pl-150x150.jpg 150w, https:\/\/zapatrzonawksiazki.pl\/wp-content\/uploads\/2022\/06\/do-ataku-2-zapatrzonawksiazki-pl-300x300.jpg 300w\" sizes=\"(max-width: 660px) 100vw, 660px\" \/><\/a>\n\t\t\t<\/div><\/figure><figure class='gallery-item'>\n\t\t\t<div class='gallery-icon landscape'>\n\t\t\t\t<a href='https:\/\/zapatrzonawksiazki.pl\/index.php\/2022\/05\/12\/do-ataku-mr-tan\/do-ataku-3-zapatrzonawksiazki-pl\/'><img width=\"660\" height=\"660\" src=\"https:\/\/zapatrzonawksiazki.pl\/wp-content\/uploads\/2022\/06\/do-ataku-3-zapatrzonawksiazki-pl.jpg\" class=\"attachment-full size-full\" alt=\"\" decoding=\"async\" loading=\"lazy\" srcset=\"https:\/\/zapatrzonawksiazki.pl\/wp-content\/uploads\/2022\/06\/do-ataku-3-zapatrzonawksiazki-pl.jpg 660w, https:\/\/zapatrzonawksiazki.pl\/wp-content\/uploads\/2022\/06\/do-ataku-3-zapatrzonawksiazki-pl-150x150.jpg 150w, https:\/\/zapatrzonawksiazki.pl\/wp-content\/uploads\/2022\/06\/do-ataku-3-zapatrzonawksiazki-pl-300x300.jpg 300w\" sizes=\"(max-width: 660px) 100vw, 660px\" \/><\/a>\n\t\t\t<\/div><\/figure><figure class='gallery-item'>\n\t\t\t<div class='gallery-icon landscape'>\n\t\t\t\t<a href='https:\/\/zapatrzonawksiazki.pl\/index.php\/2022\/05\/12\/do-ataku-mr-tan\/do-ataku-4-zapatrzonawksiazki-pl\/'><img width=\"660\" height=\"660\" src=\"https:\/\/zapatrzonawksiazki.pl\/wp-content\/uploads\/2022\/06\/do-ataku-4-zapatrzonawksiazki-pl.jpg\" class=\"attachment-full size-full\" alt=\"\" decoding=\"async\" loading=\"lazy\" srcset=\"https:\/\/zapatrzonawksiazki.pl\/wp-content\/uploads\/2022\/06\/do-ataku-4-zapatrzonawksiazki-pl.jpg 660w, https:\/\/zapatrzonawksiazki.pl\/wp-content\/uploads\/2022\/06\/do-ataku-4-zapatrzonawksiazki-pl-150x150.jpg 150w, https:\/\/zapatrzonawksiazki.pl\/wp-content\/uploads\/2022\/06\/do-ataku-4-zapatrzonawksiazki-pl-300x300.jpg 300w\" sizes=\"(max-width: 660px) 100vw, 660px\" \/><\/a>\n\t\t\t<\/div><\/figure>\n\t\t<\/div>\n\n<hr \/>\n<p style=\"text-align: center;\"><strong>Dzi\u0119kuj\u0119!<br \/>\n<img decoding=\"async\" loading=\"lazy\" class=\"size-medium wp-image-6156 aligncenter\" src=\"http:\/\/zapatrzonawksiazki.pl\/wp-content\/uploads\/2021\/11\/LogoSzkrabajki-300x86.png\" alt=\"\" width=\"300\" height=\"86\" srcset=\"https:\/\/zapatrzonawksiazki.pl\/wp-content\/uploads\/2021\/11\/LogoSzkrabajki-300x86.png 300w, https:\/\/zapatrzonawksiazki.pl\/wp-content\/uploads\/2021\/11\/LogoSzkrabajki-768x219.png 768w, https:\/\/zapatrzonawksiazki.pl\/wp-content\/uploads\/2021\/11\/LogoSzkrabajki-1024x293.png 1024w\" sizes=\"(max-width: 300px) 100vw, 300px\" \/><br \/>\n<\/strong><\/p>\n","protected":false},"excerpt":{"rendered":"<p>Wyobra\u017a sobie, \u017ce istniej\u0105 krainy, o kt\u00f3rych nie mamy poj\u0119cia. Zapomniane i pe\u0142ne niesamowitych rzeczy. W jednej z nich znajduje si\u0119 Zamczysko Strachulc\u00f3w &#8211; szko\u0142a, w kt\u00f3rej jedyne czego mo\u017cna si\u0119 nauczy\u0107, to jak by\u0107 straszyd\u0142em z prawdziwego zdarzenia. Co ciekawsze nie jest to zwyk\u0142y budynek, a \u017cywy organizm. Czy chcecie do niej zajrze\u0107? Zarys [&hellip;]<\/p>\n","protected":false},"author":2,"featured_media":6865,"comment_status":"open","ping_status":"open","sticky":false,"template":"","format":"standard","meta":[],"categories":[5,4],"tags":[77,1862,118,1941,17,1942,1717],"jetpack_featured_media_url":"https:\/\/zapatrzonawksiazki.pl\/wp-content\/uploads\/2022\/06\/do-ataku-1-zapatrzonawksiazki-pl.jpg","_links":{"self":[{"href":"https:\/\/zapatrzonawksiazki.pl\/index.php\/wp-json\/wp\/v2\/posts\/6864"}],"collection":[{"href":"https:\/\/zapatrzonawksiazki.pl\/index.php\/wp-json\/wp\/v2\/posts"}],"about":[{"href":"https:\/\/zapatrzonawksiazki.pl\/index.php\/wp-json\/wp\/v2\/types\/post"}],"author":[{"embeddable":true,"href":"https:\/\/zapatrzonawksiazki.pl\/index.php\/wp-json\/wp\/v2\/users\/2"}],"replies":[{"embeddable":true,"href":"https:\/\/zapatrzonawksiazki.pl\/index.php\/wp-json\/wp\/v2\/comments?post=6864"}],"version-history":[{"count":2,"href":"https:\/\/zapatrzonawksiazki.pl\/index.php\/wp-json\/wp\/v2\/posts\/6864\/revisions"}],"predecessor-version":[{"id":6870,"href":"https:\/\/zapatrzonawksiazki.pl\/index.php\/wp-json\/wp\/v2\/posts\/6864\/revisions\/6870"}],"wp:featuredmedia":[{"embeddable":true,"href":"https:\/\/zapatrzonawksiazki.pl\/index.php\/wp-json\/wp\/v2\/media\/6865"}],"wp:attachment":[{"href":"https:\/\/zapatrzonawksiazki.pl\/index.php\/wp-json\/wp\/v2\/media?parent=6864"}],"wp:term":[{"taxonomy":"category","embeddable":true,"href":"https:\/\/zapatrzonawksiazki.pl\/index.php\/wp-json\/wp\/v2\/categories?post=6864"},{"taxonomy":"post_tag","embeddable":true,"href":"https:\/\/zapatrzonawksiazki.pl\/index.php\/wp-json\/wp\/v2\/tags?post=6864"}],"curies":[{"name":"wp","href":"https:\/\/api.w.org\/{rel}","templated":true}]}}