{"id":683,"date":"2013-12-02T22:50:00","date_gmt":"2013-12-02T22:50:00","guid":{"rendered":"http:\/\/zapatrzonawksiazki.pl\/index.php\/2013\/12\/02\/trudna-sztuka-wyboru-miedzy-zem-dobre\/"},"modified":"2018-10-07T00:31:51","modified_gmt":"2018-10-07T00:31:51","slug":"trudna-sztuka-wyboru-miedzy-zem-dobre","status":"publish","type":"post","link":"https:\/\/zapatrzonawksiazki.pl\/index.php\/2013\/12\/02\/trudna-sztuka-wyboru-miedzy-zem-dobre\/","title":{"rendered":"Trudna sztuka wyboru mi\u0119dzy z\u0142em, a dobrem"},"content":{"rendered":"<div class=\"MsoNormal\">\n<b style=\"mso-bidi-font-weight: normal;\"><i style=\"mso-bidi-font-style: normal;\">&nbsp;&nbsp;&nbsp;&nbsp;&nbsp;&nbsp;&nbsp;&nbsp;&nbsp;&nbsp;&nbsp; \u201e(\u2026)<br \/>\nto wszystko kwestia wyboru. A czasami tak bardzo trudno zdecydowa\u0107, kt\u00f3ry wyb\u00f3r<br \/>\njest trafny.\u201d*<\/i><\/b><\/div>\n<div class=\"MsoNormal\">\n<\/div>\n<div class=\"MsoNormal\">\n<i style=\"mso-bidi-font-style: normal;\">&nbsp;&nbsp;&nbsp;&nbsp;&nbsp;&nbsp;&nbsp;&nbsp;&nbsp;&nbsp;&nbsp; Ca\u0142kiem<br \/>\nniedawno dowiedzia\u0142a\u015b si\u0119, \u017ce mo\u017cesz rozmawia\u0107 ze zwierz\u0119tami oraz, \u017ce<br \/>\nposiadasz magiczne moce. Co prawda jeszcze u\u015bpione, ale od czego jest nauka.<br \/>\nOkaza\u0142o si\u0119, \u017ce tw\u00f3j pobyt u wujka nie jest taki z\u0142y, prze\u017cywasz przygody,<br \/>\nodkry\u0142a\u015b prawd\u0119 o sobie i nawet zdoby\u0142a\u015b nowych przyjaci\u00f3\u0142. Ciekawe co jeszcze<br \/>\nciekawego mo\u017ce ci\u0119 spotka\u0107\u2026<\/i><\/div>\n<div class=\"MsoNormal\">\n<\/div>\n<div class=\"MsoNormal\">\n<a href=\"http:\/\/1.bp.blogspot.com\/-wABv1IsjNy0\/Up0MkFrpGbI\/AAAAAAAAIMM\/4dLLDYfYUS8\/s1600\/135100-352x500.jpg\" imageanchor=\"1\" style=\"clear: left; float: left; margin-bottom: 1em; margin-right: 1em;\"><img decoding=\"async\" loading=\"lazy\" border=\"0\" height=\"320\" src=\"http:\/\/1.bp.blogspot.com\/-wABv1IsjNy0\/Up0MkFrpGbI\/AAAAAAAAIMM\/4dLLDYfYUS8\/s320\/135100-352x500.jpg\" width=\"225\" \/><\/a><i style=\"mso-bidi-font-style: normal;\">&nbsp;&nbsp;&nbsp;&nbsp;&nbsp;&nbsp;&nbsp;&nbsp;&nbsp;&nbsp;&nbsp; Wakacje<br \/>\nbardzo szybko min\u0119\u0142y Lotce i tak jak podejrzewa\u0142a nowy rok szkolny rozpocznie w<br \/>\nNetherbridg. Jednak ta perspektywa nie jest ju\u017c dla niej taka z\u0142a, zadomowi\u0142a<br \/>\nsi\u0119 u wujka Jacka, a co najlepsze odkry\u0142a, \u017ce jego sklep zoologiczny i on sam<br \/>\nnie jest taki zwyk\u0142y. Okazuje si\u0119, \u017ce jest on czarownikiem, a niekt\u00f3re<br \/>\nzwierz\u0119ta potrafi\u0105 m\u00f3wi\u0107. A co ciekawsze ona sama te\u017c ma magiczne moce i<br \/>\nrozumie mow\u0119 zwierz\u0105t. Pierwsze dni szko\u0142y dla Lotki s\u0105 bardzo trudne, bo<br \/>\nznajduje si\u0119 w klasie z Sar\u0105, kt\u00f3ra przed wszystkimi udaje, \u017ce jest bardzo mi\u0142a,<br \/>\na tak naprawd\u0119 gn\u0119bi j\u0105. W tym samym czasie dziewczynka zaczyna r\u00f3wnie\u017c nauk\u0119<br \/>\nczar\u00f3w u przyjaci\u00f3\u0142ki wujka &#8211; nie jest to niestety takie proste jak si\u0119<br \/>\nwydawa\u0142o. Czy Sarze ujdzie na sucho gn\u0119bienie Lotki? Czy jedenastolatka nauczy<br \/>\nsi\u0119 czarowa\u0107? Czy rozumie jak cienka jest granica mi\u0119dzy dobr\u0105, a z\u0142\u0105 magi\u0105?<\/i><\/div>\n<div class=\"MsoNormal\">\n<\/div>\n<div class=\"MsoNormal\">\n<i style=\"mso-bidi-font-style: normal;\">&nbsp;&nbsp;&nbsp;&nbsp;&nbsp;&nbsp;&nbsp;&nbsp;&nbsp;&nbsp;&nbsp; Druga<br \/>\nju\u017c ksi\u0105\u017ceczka z serii Animal Magic, kt\u00f3ra szturmem zdoby\u0142a moje serducho i<br \/>\nsprawi\u0142a, \u017ce na par\u0119 chwil przesta\u0142am my\u015ble\u0107 o wszelkich troskach. Dzieckiem,<br \/>\njak wiadomo nie jestem, ale uwielbiam takie ksi\u0105\u017ceczki. Holly Webb jest jedn\u0105 z<br \/>\nbardziej lubianych przeze mnie autorek pisz\u0105cych dla dzieci, poniewa\u017c ma t\u0119<br \/>\numiej\u0119tno\u015b\u0107 \u0142\u0105czenia przyjemnego z nauk\u0105.<\/i><\/div>\n<div class=\"MsoNormal\">\n<\/div>\n<div class=\"MsoNormal\">\n<i style=\"mso-bidi-font-style: normal;\">&nbsp;&nbsp;&nbsp;&nbsp;&nbsp;&nbsp;&nbsp;&nbsp;&nbsp;&nbsp;&nbsp; Tak<br \/>\njak w poprzedniej cz\u0119\u015bci tak i w tej Autorka porusza temat granicy mi\u0119dzy<br \/>\ndobrem, a z\u0142em, tylko, \u017ce teraz mowa o czarach, wyborze jakiego rodzaju to b\u0119d\u0105<br \/>\nczary. Wiadomo jednak, \u017ce one nie istniej\u0105 i mo\u017cna to odnie\u015b\u0107 do \u017cycia. Bo tu i<br \/>\ntu, wa\u017cne jest co si\u0119 wybierze. Jak i dobre przemy\u015blenie swoich decyzji, bo to<br \/>\nco mi lub tobie mo\u017ce si\u0119 wydawa\u0107 dobre wcale takie nie jest. Trzeba pami\u0119ta\u0107 o<br \/>\nkonsekwencjach tego co si\u0119 robi. Kolejna sprawa to gn\u0119bienie, w tym przypadku<br \/>\nwida\u0107, jak osoba gn\u0119bi\u0105ca potrafi stwarza\u0107 pozory kogo\u015b niezmiernie mi\u0142ego i<br \/>\npomocnego. A gdy nikt nie widzi dr\u0119czy\u0107 swoj\u0105 ofiar\u0119, kt\u00f3ra nawet je\u015bli o tym<br \/>\nm\u00f3wi cz\u0119sto jest zbywana, bo przecie\u017c to nie mo\u017cliwe. Nie mo\u017cna da\u0107 si\u0119<br \/>\nzastrasza\u0107 i je\u015bli tylko widzi si\u0119 takie sytuacje lub samemu jest si\u0119<br \/>\nzastraszanych trzeba interweniowa\u0107 a\u017c do skutku. <\/i><\/div>\n<div class=\"MsoNormal\">\n<\/div>\n<div class=\"MsoNormal\">\n<i style=\"mso-bidi-font-style: normal;\">&nbsp;&nbsp;&nbsp;&nbsp;&nbsp;&nbsp;&nbsp;&nbsp;&nbsp;&nbsp;&nbsp; Autorka<br \/>\nposiada niebywa\u0142\u0105 fantazj\u0119, a do tego tworz\u0105c fabu\u0142\u0119 dba o to by wydarzenia<br \/>\n\u0142\u0105czy\u0142y si\u0119 ze sob\u0105 i tworzy\u0142y logiczn\u0105 ca\u0142o\u015b\u0107. Postaci s\u0105 ciekawie<br \/>\nskonstruowane, r\u00f3\u017cne i bardzo rzeczywiste. Z drugiej za\u015b strony s\u0105 zwierz\u0119ta<br \/>\nmog\u0105ce m\u00f3wi\u0107 oraz czarowa\u0107. Historie s\u0105 magiczne, pe\u0142ne przyg\u00f3d, humoru, ale i<br \/>\npouczaj\u0105ce. Nadal uwa\u017cam, \u017ce jedynym minusem serii jak dot\u0105d jest brak<br \/>\nrysunk\u00f3w, reszta jest bez zarzutu pod wzgl\u0119dem fabu\u0142y, akcji, jak i wydania.<br \/>\nDu\u017cy szeroki druk, wzgl\u0119dnie kr\u00f3tkie rozdzia\u0142y, no i oprawa graficzna, kt\u00f3ra<br \/>\nprzyci\u0105ga uwag\u0119.<\/i><\/div>\n<div class=\"MsoNormal\">\n<\/div>\n<div class=\"MsoNormal\">\n<i style=\"mso-bidi-font-style: normal;\">&nbsp;&nbsp;&nbsp;&nbsp;&nbsp;&nbsp;&nbsp;&nbsp;&nbsp;&nbsp;&nbsp; Autorka<br \/>\npos\u0142uguj\u0105c si\u0119 prostymi s\u0142owami maluje historie, kt\u00f3re bawi\u0105, wzruszaj\u0105 oraz<br \/>\nucz\u0105. Obrazowo opisuje nie tylko postacie, ale r\u00f3wnie\u017c miejsca i wydarzenia,<br \/>\ndzi\u0119ki czemu bez problemu mog\u0142am wszystko sobie wyobrazi\u0107. Tak jak przeczuwa\u0142am<br \/>\nprzygody Lotki oraz Soni dopiero si\u0119 zaczynaj\u0105 i czeka mnie z nimi jeszcze<br \/>\nmn\u00f3stwo wra\u017ce\u0144. Bardzo je polubi\u0142am i ch\u0119tnie poczytam kolejne cz\u0119\u015bci za jaki\u015b<br \/>\nczas, ciekawi mnie ogromnie co jeszcze mo\u017ce si\u0119 wydarzy\u0107 tej dw\u00f3jce i im przyjacio\u0142om.<\/i><\/div>\n<div class=\"MsoNormal\">\n<\/div>\n<div class=\"MsoNormal\">\n<i style=\"mso-bidi-font-style: normal;\">&nbsp;&nbsp;&nbsp;&nbsp;&nbsp;&nbsp;&nbsp;&nbsp;&nbsp;&nbsp;&nbsp; T\u0119,<br \/>\npoprzedni\u0105 i te, kt\u00f3re mam jeszcze przed sob\u0105 zdecydowanie polecam dzieciom<br \/>\ntroszk\u0119 starszym, polecam j\u0105 te\u017c doros\u0142ym lubi\u0105cym czasem poby\u0107 przez chwil\u0119<br \/>\nchocia\u017c na nowo dzieckiem. Obydwie cz\u0119\u015bci s\u0105 Lekkie, zabawne, ale nie<br \/>\npozbawiona mora\u0142u i rzeczy, o kt\u00f3rych dziecko powinno uczy\u0107 si\u0119 jak<br \/>\nnajszybciej.<\/i><\/div>\n<div class=\"MsoNormal\">\n<\/div>\n<div class=\"MsoNormal\">\n<i style=\"mso-bidi-font-style: normal;\">*65<\/i><\/div>\n<div class=\"MsoNormal\">\n<a href=\"http:\/\/2.bp.blogspot.com\/-jzj43DP3UbY\/Up0PSgJelaI\/AAAAAAAAIMY\/nhkAKja86Sk\/s1600\/znak_emotikon.jpg\" imageanchor=\"1\" style=\"clear: right; float: right; margin-bottom: 1em; margin-left: 1em;\"><img decoding=\"async\" border=\"0\" src=\"http:\/\/2.bp.blogspot.com\/-jzj43DP3UbY\/Up0PSgJelaI\/AAAAAAAAIMY\/nhkAKja86Sk\/s1600\/znak_emotikon.jpg\" \/><\/a><b style=\"mso-bidi-font-weight: normal;\"><i style=\"mso-bidi-font-style: normal;\">Autor: <\/i><\/b><i style=\"mso-bidi-font-style: normal;\">Holly Webb<\/i><\/div>\n<div class=\"MsoNormal\">\n<b style=\"mso-bidi-font-weight: normal;\"><i style=\"mso-bidi-font-style: normal;\">Tytu\u0142: <\/i><\/b><i style=\"mso-bidi-font-style: normal;\">Czaruj\u0105ca<br \/>\nSonia<\/i><\/div>\n<div class=\"MsoNormal\">\n<b style=\"mso-bidi-font-weight: normal;\"><i style=\"mso-bidi-font-style: normal;\">Wydawnictwo: <\/i><\/b><i style=\"mso-bidi-font-style: normal;\">Znak<br \/>\nemotikon<\/i><\/div>\n<div class=\"MsoNormal\">\n<b style=\"mso-bidi-font-weight: normal;\"><i style=\"mso-bidi-font-style: normal;\">Rok wydania: <\/i><\/b><i style=\"mso-bidi-font-style: normal;\">3 czerwca<br \/>\n2013 <\/i><\/div>\n<div class=\"MsoNormal\">\n<b style=\"mso-bidi-font-weight: normal;\"><i style=\"mso-bidi-font-style: normal;\">Liczba stron: <\/i><\/b><i style=\"mso-bidi-font-style: normal;\">160<\/i><\/div>\n<div class=\"MsoNormal\">\n<\/div>\n<div align=\"center\" class=\"MsoNormal\" style=\"text-align: center;\">\n<p>\n<i style=\"mso-bidi-font-style: normal;\"><u>Animal Magic:<\/u><\/i><i style=\"mso-bidi-font-style: normal;\"> <\/i><\/div>\n<div align=\"center\" class=\"MsoNormal\" style=\"text-align: center;\">\n<i style=\"mso-bidi-font-style: normal;\"><a href=\"http:\/\/zapatrzonawksiazki.blogspot.com\/2013\/11\/czasem-magie-masz-w-sobie.html\">Tabi uczy si\u0119 czar\u00f3w<\/a><b style=\"mso-bidi-font-weight: normal;\"> <\/b>| <b style=\"mso-bidi-font-weight: normal;\">Czaruj\u0105ca<br \/>\nSonia<\/b> | Gilbert ratuje sytuacj\u0119 | Bernard szuka domu | Horacy spe\u0142nia<br \/>\n\u017cyczenia | Teodor rusza z pomoc\u0105 | Dzielny Fryderyk<\/i><\/div>\n<div align=\"center\" class=\"MsoNormal\" style=\"text-align: center;\">\n<\/div>\n<div align=\"right\" class=\"MsoNormal\" style=\"text-align: right;\">\n<i style=\"mso-bidi-font-style: normal;\">Ksi\u0105\u017cka przeczytana w ramach wyzwa\u0144<br \/>\nczytelniczych: <a href=\"http:\/\/magicznyswiatksiazki.pl\/czytam-fantastyke\/\">Czytam fantastyk\u0119<\/a><\/i><\/div>\n<div align=\"right\" class=\"MsoNormal\" style=\"text-align: right;\">\n<\/div>\n<div class=\"MsoNormal\" style=\"text-align: center;\">\n<i style=\"mso-bidi-font-style: normal;\"><b>PRZYPOMINAM O KONKURSIE!<\/b><\/i><\/div>\n<div class=\"MsoNormal\" style=\"text-align: center;\">\n<i style=\"mso-bidi-font-style: normal;\"><b>[<a href=\"http:\/\/zapatrzonawksiazki.blogspot.com\/2013\/11\/konkurs-rocznicowy.html\">KLIK<\/a>]&nbsp;<\/b> <\/i><\/div>\n","protected":false},"excerpt":{"rendered":"<p>&nbsp;&nbsp;&nbsp;&nbsp;&nbsp;&nbsp;&nbsp;&nbsp;&nbsp;&nbsp;&nbsp; \u201e(\u2026) to wszystko kwestia wyboru. A czasami tak bardzo trudno zdecydowa\u0107, kt\u00f3ry wyb\u00f3r jest trafny.\u201d* &nbsp;&nbsp;&nbsp;&nbsp;&nbsp;&nbsp;&nbsp;&nbsp;&nbsp;&nbsp;&nbsp; Ca\u0142kiem niedawno dowiedzia\u0142a\u015b si\u0119, \u017ce mo\u017cesz rozmawia\u0107 ze zwierz\u0119tami oraz, \u017ce posiadasz magiczne moce. Co prawda jeszcze u\u015bpione, ale od czego jest nauka. Okaza\u0142o si\u0119, \u017ce tw\u00f3j pobyt u wujka nie jest taki z\u0142y, prze\u017cywasz przygody, odkry\u0142a\u015b prawd\u0119 [&hellip;]<\/p>\n","protected":false},"author":2,"featured_media":0,"comment_status":"open","ping_status":"open","sticky":false,"template":"","format":"standard","meta":[],"categories":[1],"tags":[20,666,675,676,378,118,677,678,415,643],"jetpack_featured_media_url":"","_links":{"self":[{"href":"https:\/\/zapatrzonawksiazki.pl\/index.php\/wp-json\/wp\/v2\/posts\/683"}],"collection":[{"href":"https:\/\/zapatrzonawksiazki.pl\/index.php\/wp-json\/wp\/v2\/posts"}],"about":[{"href":"https:\/\/zapatrzonawksiazki.pl\/index.php\/wp-json\/wp\/v2\/types\/post"}],"author":[{"embeddable":true,"href":"https:\/\/zapatrzonawksiazki.pl\/index.php\/wp-json\/wp\/v2\/users\/2"}],"replies":[{"embeddable":true,"href":"https:\/\/zapatrzonawksiazki.pl\/index.php\/wp-json\/wp\/v2\/comments?post=683"}],"version-history":[{"count":1,"href":"https:\/\/zapatrzonawksiazki.pl\/index.php\/wp-json\/wp\/v2\/posts\/683\/revisions"}],"predecessor-version":[{"id":2184,"href":"https:\/\/zapatrzonawksiazki.pl\/index.php\/wp-json\/wp\/v2\/posts\/683\/revisions\/2184"}],"wp:attachment":[{"href":"https:\/\/zapatrzonawksiazki.pl\/index.php\/wp-json\/wp\/v2\/media?parent=683"}],"wp:term":[{"taxonomy":"category","embeddable":true,"href":"https:\/\/zapatrzonawksiazki.pl\/index.php\/wp-json\/wp\/v2\/categories?post=683"},{"taxonomy":"post_tag","embeddable":true,"href":"https:\/\/zapatrzonawksiazki.pl\/index.php\/wp-json\/wp\/v2\/tags?post=683"}],"curies":[{"name":"wp","href":"https:\/\/api.w.org\/{rel}","templated":true}]}}