{"id":681,"date":"2013-12-07T14:28:00","date_gmt":"2013-12-07T14:28:00","guid":{"rendered":"http:\/\/zapatrzonawksiazki.pl\/index.php\/2013\/12\/07\/uginaja-sie-regay-33\/"},"modified":"2018-10-07T00:31:51","modified_gmt":"2018-10-07T00:31:51","slug":"uginaja-sie-regay-33","status":"publish","type":"post","link":"https:\/\/zapatrzonawksiazki.pl\/index.php\/2013\/12\/07\/uginaja-sie-regay-33\/","title":{"rendered":"Uginaj\u0105 si\u0119 rega\u0142y #33"},"content":{"rendered":"<div style=\"text-align: center;\">\n<i>Ten tydzie\u0144 by\u0142&#8230; leniwy. \ud83d\ude09 Troch\u0119 poczyta\u0142am, nawet napisa\u0142am jedn\u0105 recenzj\u0119, ale w por\u00f3wnaniu do poprzedniego to leni\u0142am si\u0119 przeokrutnie. Bardzo nie dobrze&#8230; Na wyt\u0142umaczenie si\u0119 mam tylko nieko\u0144cz\u0105ce si\u0119 Barburki mojej mamy i&#8230; brak weny na zacz\u0119cie czegokolwiek. Czas jednak co\u015b z tym zrobi\u0107, ale to od poniedzia\u0142ku \ud83d\ude00 Poleni\u0119 si\u0119 jeszcze troszeczk\u0119 ;))<\/i><\/div>\n<div style=\"text-align: center;\">\n<i>Przejd\u0119 jednak do tego czego nie mia\u0142o by\u0107, czyli stosu ksi\u0105\u017cek, kt\u00f3re niespodziewanie do mnie zawita\u0142y. Zdarzy\u0142y si\u0119 w nim dwa duble, kt\u00f3re znalaz\u0142y ju\u017c nowego w\u0142a\u015bciciela \ud83d\ude09<\/i><\/div>\n<div style=\"text-align: center;\">\n<\/div>\n<div class=\"separator\" style=\"clear: both; text-align: center;\">\n<a href=\"http:\/\/2.bp.blogspot.com\/-vvHSLnsaU68\/UqMndJYmmNI\/AAAAAAAAINQ\/jeBw3CxL7M4\/s1600\/100_2036.JPG\" imageanchor=\"1\" style=\"clear: left; float: left; margin-bottom: 1em; margin-right: 1em;\"><img decoding=\"async\" loading=\"lazy\" border=\"0\" height=\"212\" src=\"http:\/\/2.bp.blogspot.com\/-vvHSLnsaU68\/UqMndJYmmNI\/AAAAAAAAINQ\/jeBw3CxL7M4\/s320\/100_2036.JPG\" width=\"320\" \/><\/a><\/div>\n<div style=\"text-align: center;\">\n<i>Zaczn\u0119 od tych le\u017c\u0105cych. I tak, pierwsza to <b>&#8220;Sezon burz&#8221; Andrzeja Sapkowskiego<\/b>, po\u017cyczona od przyjaci\u00f3\u0142ki, zobaczymy czy mi si\u0119 spodoba tw\u00f3rczo\u015b\u0107 tego pisarza. Ta ma\u0142a r\u00f3\u017cowa to jeden z dubli, <b>&#8220;Jedena\u015bcie godzin&#8221; Paulliny Simons<\/b>, kt\u00f3r\u0105 pewnie zaczn\u0119 po weekendzie czyta\u0107. Kolejna to upragniony <b>&#8220;Klub Porcelanowej Fili\u017canki&#8221; Vanessy Greene<\/b>, idealna na \u015bwi\u0105teczny, mam nadziej\u0119, czas. Nast\u0119pna upragniona, troch\u0119 pod wp\u0142ywem Mooly, <b>&#8220;Obietnica gwiezdnego py\u0142u&#8221; Princille Nibley<\/b>, c\u00f3\u017c &#8211; opis kusi\u0142, Mooly kusi\u0142a \ud83d\ude09 Kolejne dwie poruszaj\u0105 temat II wojny \u015bwiatowej, a po przeczytaniu &#8220;To, co zosta\u0142o&#8221; J. Picoult poczu\u0142am potrzeb\u0119 si\u0119gni\u0119cia po co\u015b poruszaj\u0105cego tematy z tamtego okresu. I tak w moje \u0142apki trafi\u0142y dwie ksi\u0105\u017cki &#8211; <b>&#8220;Kobiety z bloku 10: Eksperymenty medyczne w Auschwitz&#8221; Hans Joachim Lang <\/b><b>, &#8220;Dziewcz\u0119ta z pokoju 28&#8221; Hannelore Brenner <\/b>&#8211; poruszaj\u0105ce losy kobiet w tamtym okresie. Ju\u017c zacieram r\u0105czki na my\u015bl o ich lekturze. Z tych stoj\u0105cych najbardziej zadowolona jestem z <b>&#8220;Moja pierwsza mitologia&#8221; Katarzyny Marciniak<\/b> &#8211; cudo, pi\u0119knie wydane, \u015bwietne ilustracje, twarda oprawa. No zakocha\u0142am si\u0119 w niej \ud83d\ude09 Ten zielony grzbiet to <b>&#8220;Dotyk oszusta&#8221; Mii Marlowe<\/b>, bo nie lubi\u0119 porzuca\u0107 rozpocz\u0119tych serii&#8230; No i najnowsza z serii <b>&#8220;Magia indygo&#8221; Richelle Mead<\/b>, musia\u0142am mie\u0107 \ud83d\ude00<\/i><\/div>\n<div style=\"text-align: center;\">\n<\/div>\n<div class=\"separator\" style=\"clear: both; text-align: center;\">\n<a href=\"http:\/\/4.bp.blogspot.com\/-a1gWjgiQfWU\/UqMuM7W8AnI\/AAAAAAAAINg\/eWgKkXM1iuQ\/s1600\/100_2038.JPG\" imageanchor=\"1\" style=\"clear: right; float: right; margin-bottom: 1em; margin-left: 1em;\"><img decoding=\"async\" loading=\"lazy\" border=\"0\" height=\"212\" src=\"http:\/\/4.bp.blogspot.com\/-a1gWjgiQfWU\/UqMuM7W8AnI\/AAAAAAAAINg\/eWgKkXM1iuQ\/s320\/100_2038.JPG\" width=\"320\" \/><\/a><\/div>\n<div style=\"text-align: center;\">\n<i>Z g\u00f3ry przepraszam za t\u0119 plam\u0119 (odcisk nosa Marleya), ale moje wrodzone lenistwo nie pozwoli\u0142o mi si\u0119gn\u0105\u0107 ponownie od\u0142o\u017conych ju\u017c na rega\u0142 od\u0142o\u017conych ksi\u0105\u017cek. Pierwsza z nich, <b>&#8220;Zanim nadejdzie ciemno\u015b\u0107&#8221; Susan Wiggs<\/b>, wzi\u0119\u0142am bardziej z my\u015bl\u0105 o mamie, ale i sama r\u00f3wnie\u017c j\u0105 przeczytam. Z kolei na <b>&#8220;Zanim si\u0119 pojawi\u0142e\u015b&#8221; Jojo Moyes <\/b>polowa\u0142am od momentu wydania, no i mam i ciesz\u0119 si\u0119 ogromnie! <b>&#8220;Zimowe sny&#8221; Richarda Paula Evansa<\/b>, kolejny dubel. Lektura na nadchodz\u0105cy tydzie\u0144 \ud83d\ude09<\/i><\/div>\n<div style=\"text-align: center;\">\n<\/div>\n<div style=\"text-align: center;\">\n<i>Pi\u0119kno\u015bci, no nie? Sama sobie ich zazdroszcz\u0119! \ud83d\ude00<\/i><\/div>\n<div style=\"text-align: center;\">\n<i>Czytali\u015bcie co\u015b? Polecacie\/odradzacie?<\/i><\/div>\n<div style=\"text-align: center;\">\n<i>:*&nbsp;<\/i><\/p>\n<p><i>***<\/i><\/p>\n<p><i><b>PRZYPOMINAM O KONKURSIE!<\/b><\/i><br \/>\n<i><b>[<a href=\"http:\/\/zapatrzonawksiazki.blogspot.com\/2013\/11\/konkurs-rocznicowy.html\">KLIK<\/a>]&nbsp;<\/b> <\/i><\/div>\n","protected":false},"excerpt":{"rendered":"<p>Ten tydzie\u0144 by\u0142&#8230; leniwy. \ud83d\ude09 Troch\u0119 poczyta\u0142am, nawet napisa\u0142am jedn\u0105 recenzj\u0119, ale w por\u00f3wnaniu do poprzedniego to leni\u0142am si\u0119 przeokrutnie. Bardzo nie dobrze&#8230; Na wyt\u0142umaczenie si\u0119 mam tylko nieko\u0144cz\u0105ce si\u0119 Barburki mojej mamy i&#8230; brak weny na zacz\u0119cie czegokolwiek. Czas jednak co\u015b z tym zrobi\u0107, ale to od poniedzia\u0142ku \ud83d\ude00 Poleni\u0119 si\u0119 jeszcze troszeczk\u0119 ;)) [&hellip;]<\/p>\n","protected":false},"author":2,"featured_media":0,"comment_status":"open","ping_status":"open","sticky":false,"template":"","format":"standard","meta":[],"categories":[1],"tags":[671],"jetpack_featured_media_url":"","_links":{"self":[{"href":"https:\/\/zapatrzonawksiazki.pl\/index.php\/wp-json\/wp\/v2\/posts\/681"}],"collection":[{"href":"https:\/\/zapatrzonawksiazki.pl\/index.php\/wp-json\/wp\/v2\/posts"}],"about":[{"href":"https:\/\/zapatrzonawksiazki.pl\/index.php\/wp-json\/wp\/v2\/types\/post"}],"author":[{"embeddable":true,"href":"https:\/\/zapatrzonawksiazki.pl\/index.php\/wp-json\/wp\/v2\/users\/2"}],"replies":[{"embeddable":true,"href":"https:\/\/zapatrzonawksiazki.pl\/index.php\/wp-json\/wp\/v2\/comments?post=681"}],"version-history":[{"count":1,"href":"https:\/\/zapatrzonawksiazki.pl\/index.php\/wp-json\/wp\/v2\/posts\/681\/revisions"}],"predecessor-version":[{"id":2182,"href":"https:\/\/zapatrzonawksiazki.pl\/index.php\/wp-json\/wp\/v2\/posts\/681\/revisions\/2182"}],"wp:attachment":[{"href":"https:\/\/zapatrzonawksiazki.pl\/index.php\/wp-json\/wp\/v2\/media?parent=681"}],"wp:term":[{"taxonomy":"category","embeddable":true,"href":"https:\/\/zapatrzonawksiazki.pl\/index.php\/wp-json\/wp\/v2\/categories?post=681"},{"taxonomy":"post_tag","embeddable":true,"href":"https:\/\/zapatrzonawksiazki.pl\/index.php\/wp-json\/wp\/v2\/tags?post=681"}],"curies":[{"name":"wp","href":"https:\/\/api.w.org\/{rel}","templated":true}]}}