{"id":6746,"date":"2022-04-20T20:52:08","date_gmt":"2022-04-20T18:52:08","guid":{"rendered":"http:\/\/zapatrzonawksiazki.pl\/?p=6746"},"modified":"2022-05-17T00:05:36","modified_gmt":"2022-05-16T22:05:36","slug":"mali-wredni-wikingowie-francesca-simon","status":"publish","type":"post","link":"https:\/\/zapatrzonawksiazki.pl\/index.php\/2022\/04\/20\/mali-wredni-wikingowie-francesca-simon\/","title":{"rendered":"Mali wredni wikingowie Francesca Simon"},"content":{"rendered":"<p style=\"text-align: justify;\"><img decoding=\"async\" loading=\"lazy\" class=\"size-medium wp-image-6747 alignleft\" src=\"http:\/\/zapatrzonawksiazki.pl\/wp-content\/uploads\/2022\/05\/mali-wredni-wikingowie-b-iext107023629-197x300.jpg\" alt=\"\" width=\"197\" height=\"300\" srcset=\"https:\/\/zapatrzonawksiazki.pl\/wp-content\/uploads\/2022\/05\/mali-wredni-wikingowie-b-iext107023629-197x300.jpg 197w, https:\/\/zapatrzonawksiazki.pl\/wp-content\/uploads\/2022\/05\/mali-wredni-wikingowie-b-iext107023629.jpg 329w\" sizes=\"(max-width: 197px) 100vw, 197px\" \/>Gdy jest si\u0119 dzieckiem, to nieustannie trzeba s\u0142ucha\u0107 rodzic\u00f3w, by\u0107 grzecznym, mi\u0142ym i spokojnym. A co gdyby odwrotne post\u0119powanie by\u0142o pochwalane i to brojenie, dokazywanie oraz z\u0142e zachowanie by\u0142o dum\u0105 dla doros\u0142ych? O ile prostsze by\u0142oby wprowadzanie w \u017cycie wszystkich plan\u00f3w\u2026<\/p>\n<h3 style=\"text-align: justify;\">Zarys fabu\u0142y<\/h3>\n<p style=\"text-align: justify;\">Poznajcie Fange i Tracha, dw\u00f3jk\u0119 m\u0142odych wiking\u00f3w, kt\u00f3rzy s\u0105 rodze\u0144stwem. Ich celem ka\u017cdego dnia jest brojenie, walki toporami oraz mieczami. Bycie niegrzecznymi to dla nich co\u015b normalnego, a marz\u0105 o wzi\u0119ciu udzia\u0142u w naje\u017adzie. Zanim jednak do tego dojdzie, najpierw p\u00f3jd\u0105 nieproszeni na urodziny Goldie, kt\u00f3ra odstaje troch\u0119 od reszty wiking\u00f3w. Woli by\u0107 mi\u0142a, dzieli\u0107 si\u0119 i pomaga\u0107. Rodze\u0144stwo tego nie rozumie i robi wszystko, by impreza odbywa\u0142a si\u0119 na ich zasadach. M\u0142odzi wikingowie wyrusz\u0105 r\u00f3wnie\u017c na poszukiwanie trolla oraz najazd na Z\u0142\u0105 Wysp\u0119. Jaki b\u0119dzie fina\u0142 tych dzia\u0142a\u0144?<\/p>\n<p style=\"text-align: justify;\">Wszyscy zachwalaj\u0105 Koszmarnego Karolka, a nam nie by\u0142o z nim jako\u015b po drodze. Dlatego te\u017c si\u0119gn\u0119li\u015bmy po pierwszy tom nowej serii autorki tego znanego wszystkim ch\u0142opca. Czy <em>Mali wredni wikingowie<\/em> przypadli nam do gustu?<\/p>\n<h3 style=\"text-align: justify;\">S\u0142\u00f3w kilka o szacie graficznej<\/h3>\n<p style=\"text-align: justify;\">Ksi\u0105\u017cka przykuwa uwag\u0119 ju\u017c sam\u0105 ok\u0142adk\u0105. Wida\u0107 na niej ch\u0142opca oraz dziewczynk\u0119, pe\u0142nych energii i z g\u0142ow\u0105 pe\u0142n\u0105 niekoniecznie pomys\u0142\u00f3w godnych pochwa\u0142y. Nie da si\u0119 nie dostrzec, \u017ce tych dwoje z pewno\u015bci\u0105 uwielbia broi\u0107. Dodajmy do tego ilustracje zawarte w \u015brodku i dobra zabawa gwarantowana. Steve May postawi\u0142 na czarno bia\u0142y obraz i du\u017co ruchu oraz mimik\u0119 twarzy. Wysz\u0142o mu to naprawd\u0119 dobrze. Nie mo\u017cemy te\u017c zapomnie\u0107 o du\u017cej czcionce, kt\u00f3ra z pewno\u015bci\u0105 u\u0142atwi czytanie ma\u0142ym czytelnikom.<\/p>\n<h3 style=\"text-align: justify;\">Nasze wra\u017cenia<\/h3>\n<p style=\"text-align: justify;\"><em>Mali wredni wikingowie<\/em> to zbi\u00f3r trzech kr\u00f3ciutkich opowiada\u0144 dostosowanych do ma\u0142ych odbiorc\u00f3w. Historyjki s\u0105 niezwykle barwne, ale napisane prostym do zrozumienia j\u0119zykiem. Du\u017co si\u0119 w nich dzieje, bohaterowie broj\u0105 na ca\u0142ego i z pewno\u015bci\u0105 nie zamierzaj\u0105 by\u0107 grzeczni. Maj\u0105 swoje charakterki, s\u0105 uparci i potrafi\u0105 pokaza\u0107, \u017ce bycie psotnikiem nie jest takie trudne. Ca\u0142o\u015b\u0107 zosta\u0142a napisana z du\u017cym przymru\u017ceniem oka, mn\u00f3stwo tutaj czarnego humoru, ci\u0119tych ripost i troch\u0119 takiego pokazania dzieci\u0119cego \u015bwiata na opak.<\/p>\n<h3 style=\"text-align: justify;\">Na zako\u0144czenie<\/h3>\n<p style=\"text-align: justify;\">Musz\u0119 przyzna\u0107, \u017ce ju\u017c dawno nie mieli\u015bmy tak spornych opinii o przeczytanej ksi\u0105\u017ceczce. <em>Mali wredni wikingowie<\/em> spodobali si\u0119 M\u0142odszemu, za to Starsza trzyma\u0142a front ze mn\u0105. Owszem mi\u0142o si\u0119 czyta\u0142o, bywa\u0142y zabawne momenty, ale chyba to nie dla nas ta nowa seria. Niemniej M\u0142odszy nie m\u00f3g\u0142 oderwa\u0107 si\u0119 od czytania i domaga\u0142 si\u0119 kolejnej i kolejnej strony. Z zachwytem poznawa\u0142 losy tego duetu, a nawet sam my\u015bla\u0142 o wprowadzeniu niekt\u00f3rych pomys\u0142\u00f3w w domu. Dostrzega\u0142 r\u00f3\u017cnice zasad panuj\u0105cych w naszym \u015bwiecie, a tym z ksi\u0105\u017cki. Osobi\u015bcie musz\u0119 pochwali\u0107 za lekki styl pisania, bogat\u0105 wyobra\u017ani\u0119 oraz samo wydanie. Ta du\u017ca czcionka to du\u017ce u\u0142atwienie i zach\u0119t\u0105 dla czytelnika, kt\u00f3rego mo\u017ce zrazi\u0107 du\u017ca ilo\u015b\u0107 tekstu.<\/p>\n<p style=\"text-align: justify;\">My\u015bl\u0119, \u017ce <em>Mali wredni wikingowie<\/em> z pewno\u015bci\u0105 spodoba si\u0119 ma\u0142ym psotnikom. Du\u017co w ksi\u0105\u017cce zabawnych sytuacji, robienia z\u0142ych rzeczy, ale w tym wszystkim jest te\u017c ukryty wa\u017cny element. A dzieci b\u0119d\u0105 mia\u0142y frajd\u0119 w dostrzeganiu tych tyci drobiazg\u00f3w. Zabawna, z fajnymi ilustracjami i przygodami pe\u0142nymi niespodzianek. M\u0142odszy poleca i stwierdza, \u017ce tylko jego opinia w\u015br\u00f3d nas si\u0119 liczy. No jak z tym polemizowa\u0107? Pozostaje tylko zach\u0119ci\u0107 do czytania.<\/p>\n<p style=\"text-align: justify;\"><strong>Autor:<\/strong> Francesca Simon<br \/>\n<strong>Ilustrator:<\/strong> Steve May<br \/>\n<strong>T\u0142umaczenie:<\/strong> Maria Makuch<br \/>\n<strong>Tytu\u0142:<\/strong> Mali wredni wikingowie<br \/>\n<strong>Tytu\u0142 orygina\u0142u:<\/strong> Two Terrible Vikings<br \/>\n<strong>Wydawnictwo:<\/strong> Znak emotikon<br \/>\n<strong>Wydanie:<\/strong> I<br \/>\n<strong>Data wydania:<\/strong> 2022-04-04<br \/>\n<strong>Kategoria:<\/strong> lit. dzieci\u0119ca<br \/>\n<strong>ISBN:<\/strong> 9788324076406<br \/>\n<strong>Liczba stron:<\/strong> 176<br \/>\n<img decoding=\"async\" loading=\"lazy\" class=\"aligncenter wp-image-5879 size-large\" src=\"http:\/\/zapatrzonawksiazki.pl\/wp-content\/uploads\/2021\/05\/ocena-Zapatrzona-7-1024x195.png\" alt=\"\" width=\"1024\" height=\"195\" srcset=\"https:\/\/zapatrzonawksiazki.pl\/wp-content\/uploads\/2021\/05\/ocena-Zapatrzona-7-1024x195.png 1024w, https:\/\/zapatrzonawksiazki.pl\/wp-content\/uploads\/2021\/05\/ocena-Zapatrzona-7-300x57.png 300w, https:\/\/zapatrzonawksiazki.pl\/wp-content\/uploads\/2021\/05\/ocena-Zapatrzona-7-768x146.png 768w\" sizes=\"(max-width: 1024px) 100vw, 1024px\" \/><\/p>\n<hr \/>\n<div id='gallery-1' class='gallery galleryid-6746 gallery-columns-3 gallery-size-full'><figure class='gallery-item'>\n\t\t\t<div class='gallery-icon landscape'>\n\t\t\t\t<a href='https:\/\/zapatrzonawksiazki.pl\/index.php\/2022\/04\/20\/mali-wredni-wikingowie-francesca-simon\/mali-wredni-wikingowie-2-zapatrzonawksiazki-pl\/'><img width=\"2048\" height=\"2048\" src=\"https:\/\/zapatrzonawksiazki.pl\/wp-content\/uploads\/2022\/04\/mali-wredni-wikingowie-2-zapatrzonawksiazki-pl.jpg\" class=\"attachment-full size-full\" alt=\"\" decoding=\"async\" loading=\"lazy\" srcset=\"https:\/\/zapatrzonawksiazki.pl\/wp-content\/uploads\/2022\/04\/mali-wredni-wikingowie-2-zapatrzonawksiazki-pl.jpg 2048w, https:\/\/zapatrzonawksiazki.pl\/wp-content\/uploads\/2022\/04\/mali-wredni-wikingowie-2-zapatrzonawksiazki-pl-150x150.jpg 150w, https:\/\/zapatrzonawksiazki.pl\/wp-content\/uploads\/2022\/04\/mali-wredni-wikingowie-2-zapatrzonawksiazki-pl-300x300.jpg 300w, https:\/\/zapatrzonawksiazki.pl\/wp-content\/uploads\/2022\/04\/mali-wredni-wikingowie-2-zapatrzonawksiazki-pl-768x768.jpg 768w, https:\/\/zapatrzonawksiazki.pl\/wp-content\/uploads\/2022\/04\/mali-wredni-wikingowie-2-zapatrzonawksiazki-pl-1024x1024.jpg 1024w\" sizes=\"(max-width: 2048px) 100vw, 2048px\" \/><\/a>\n\t\t\t<\/div><\/figure><figure class='gallery-item'>\n\t\t\t<div class='gallery-icon landscape'>\n\t\t\t\t<a href='https:\/\/zapatrzonawksiazki.pl\/index.php\/2022\/04\/20\/mali-wredni-wikingowie-francesca-simon\/mali-wredni-wikingowie-3-zapatrzonawksiazki-pl\/'><img width=\"2048\" height=\"2048\" src=\"https:\/\/zapatrzonawksiazki.pl\/wp-content\/uploads\/2022\/04\/mali-wredni-wikingowie-3-zapatrzonawksiazki-pl.jpg\" class=\"attachment-full size-full\" alt=\"\" decoding=\"async\" loading=\"lazy\" srcset=\"https:\/\/zapatrzonawksiazki.pl\/wp-content\/uploads\/2022\/04\/mali-wredni-wikingowie-3-zapatrzonawksiazki-pl.jpg 2048w, https:\/\/zapatrzonawksiazki.pl\/wp-content\/uploads\/2022\/04\/mali-wredni-wikingowie-3-zapatrzonawksiazki-pl-150x150.jpg 150w, https:\/\/zapatrzonawksiazki.pl\/wp-content\/uploads\/2022\/04\/mali-wredni-wikingowie-3-zapatrzonawksiazki-pl-300x300.jpg 300w, https:\/\/zapatrzonawksiazki.pl\/wp-content\/uploads\/2022\/04\/mali-wredni-wikingowie-3-zapatrzonawksiazki-pl-768x768.jpg 768w, https:\/\/zapatrzonawksiazki.pl\/wp-content\/uploads\/2022\/04\/mali-wredni-wikingowie-3-zapatrzonawksiazki-pl-1024x1024.jpg 1024w\" sizes=\"(max-width: 2048px) 100vw, 2048px\" \/><\/a>\n\t\t\t<\/div><\/figure><figure class='gallery-item'>\n\t\t\t<div class='gallery-icon landscape'>\n\t\t\t\t<a href='https:\/\/zapatrzonawksiazki.pl\/index.php\/2022\/04\/20\/mali-wredni-wikingowie-francesca-simon\/mali-wredni-wikingowie-4-zapatrzonawksiazki-pl\/'><img width=\"2048\" height=\"2048\" src=\"https:\/\/zapatrzonawksiazki.pl\/wp-content\/uploads\/2022\/04\/mali-wredni-wikingowie-4-zapatrzonawksiazki-pl.jpg\" class=\"attachment-full size-full\" alt=\"\" decoding=\"async\" loading=\"lazy\" srcset=\"https:\/\/zapatrzonawksiazki.pl\/wp-content\/uploads\/2022\/04\/mali-wredni-wikingowie-4-zapatrzonawksiazki-pl.jpg 2048w, https:\/\/zapatrzonawksiazki.pl\/wp-content\/uploads\/2022\/04\/mali-wredni-wikingowie-4-zapatrzonawksiazki-pl-150x150.jpg 150w, https:\/\/zapatrzonawksiazki.pl\/wp-content\/uploads\/2022\/04\/mali-wredni-wikingowie-4-zapatrzonawksiazki-pl-300x300.jpg 300w, https:\/\/zapatrzonawksiazki.pl\/wp-content\/uploads\/2022\/04\/mali-wredni-wikingowie-4-zapatrzonawksiazki-pl-768x768.jpg 768w, https:\/\/zapatrzonawksiazki.pl\/wp-content\/uploads\/2022\/04\/mali-wredni-wikingowie-4-zapatrzonawksiazki-pl-1024x1024.jpg 1024w\" sizes=\"(max-width: 2048px) 100vw, 2048px\" \/><\/a>\n\t\t\t<\/div><\/figure>\n\t\t<\/div>\n\n","protected":false},"excerpt":{"rendered":"<p>Gdy jest si\u0119 dzieckiem, to nieustannie trzeba s\u0142ucha\u0107 rodzic\u00f3w, by\u0107 grzecznym, mi\u0142ym i spokojnym. A co gdyby odwrotne post\u0119powanie by\u0142o pochwalane i to brojenie, dokazywanie oraz z\u0142e zachowanie by\u0142o dum\u0105 dla doros\u0142ych? O ile prostsze by\u0142oby wprowadzanie w \u017cycie wszystkich plan\u00f3w\u2026 Zarys fabu\u0142y Poznajcie Fange i Tracha, dw\u00f3jk\u0119 m\u0142odych wiking\u00f3w, kt\u00f3rzy s\u0105 rodze\u0144stwem. Ich celem [&hellip;]<\/p>\n","protected":false},"author":2,"featured_media":6749,"comment_status":"open","ping_status":"open","sticky":false,"template":"","format":"standard","meta":[],"categories":[5,4],"tags":[31,1921,118,17,685],"jetpack_featured_media_url":"https:\/\/zapatrzonawksiazki.pl\/wp-content\/uploads\/2022\/04\/mali-wredni-wikingowie-1-zapatrzonawksiazki-pl.jpg","_links":{"self":[{"href":"https:\/\/zapatrzonawksiazki.pl\/index.php\/wp-json\/wp\/v2\/posts\/6746"}],"collection":[{"href":"https:\/\/zapatrzonawksiazki.pl\/index.php\/wp-json\/wp\/v2\/posts"}],"about":[{"href":"https:\/\/zapatrzonawksiazki.pl\/index.php\/wp-json\/wp\/v2\/types\/post"}],"author":[{"embeddable":true,"href":"https:\/\/zapatrzonawksiazki.pl\/index.php\/wp-json\/wp\/v2\/users\/2"}],"replies":[{"embeddable":true,"href":"https:\/\/zapatrzonawksiazki.pl\/index.php\/wp-json\/wp\/v2\/comments?post=6746"}],"version-history":[{"count":3,"href":"https:\/\/zapatrzonawksiazki.pl\/index.php\/wp-json\/wp\/v2\/posts\/6746\/revisions"}],"predecessor-version":[{"id":6754,"href":"https:\/\/zapatrzonawksiazki.pl\/index.php\/wp-json\/wp\/v2\/posts\/6746\/revisions\/6754"}],"wp:featuredmedia":[{"embeddable":true,"href":"https:\/\/zapatrzonawksiazki.pl\/index.php\/wp-json\/wp\/v2\/media\/6749"}],"wp:attachment":[{"href":"https:\/\/zapatrzonawksiazki.pl\/index.php\/wp-json\/wp\/v2\/media?parent=6746"}],"wp:term":[{"taxonomy":"category","embeddable":true,"href":"https:\/\/zapatrzonawksiazki.pl\/index.php\/wp-json\/wp\/v2\/categories?post=6746"},{"taxonomy":"post_tag","embeddable":true,"href":"https:\/\/zapatrzonawksiazki.pl\/index.php\/wp-json\/wp\/v2\/tags?post=6746"}],"curies":[{"name":"wp","href":"https:\/\/api.w.org\/{rel}","templated":true}]}}